{"id":2241,"date":"2025-04-08T14:53:15","date_gmt":"2025-04-08T14:53:15","guid":{"rendered":"https:\/\/blogs.gazetaesportiva.com\/automobilismo\/?p=2241"},"modified":"2025-04-08T16:21:24","modified_gmt":"2025-04-08T16:21:24","slug":"atual-campeao-da-copa-truck-felipe-giaffone-foca-em-acerto-do-caminhao-para-voltar-ao-topo-do-podio-em-londrina","status":"publish","type":"post","link":"https:\/\/blogs.gazetaesportiva.com\/automobilismo\/2025\/04\/08\/atual-campeao-da-copa-truck-felipe-giaffone-foca-em-acerto-do-caminhao-para-voltar-ao-topo-do-podio-em-londrina\/","title":{"rendered":"Atual campe\u00e3o da Copa Truck, Felipe Giaffone foca em acerto do caminh\u00e3o para voltar ao topo do p\u00f3dio em Londrina"},"content":{"rendered":"<p>Tricampe\u00e3o da Copa Truck, Felipe Giaffone disputa neste final de semana a segunda etapa da categoria dos caminh\u00f5es, marcada para o Aut\u00f3dromo Internacional Ayrton Senna, em Londrina (PR), de olho nas primeiras coloca\u00e7\u00f5es do campeonato. O piloto da equipe Giaffone Mission Zero vem de um p\u00f3dio na primeira etapa do ano, em Campo Grande (MS), e aparece na terceira posi\u00e7\u00e3o da tabela de classifica\u00e7\u00e3o, seis pontos atr\u00e1s do l\u00edder.<\/p>\n<figure id=\"attachment_2242\" aria-describedby=\"caption-attachment-2242\" style=\"width: 640px\" class=\"wp-caption alignnone\"><img loading=\"lazy\" decoding=\"async\" src=\"https:\/\/blogs.gazetaesportiva.com\/automobilismo\/files\/2025\/04\/WhatsApp-Image-2025-03-23-at-14.17.41-1-1024x682.jpeg\" alt=\"Felipe Giaffone\" width=\"640\" height=\"426\" class=\"size-large wp-image-2242\" srcset=\"https:\/\/blogs.gazetaesportiva.com\/automobilismo\/files\/2025\/04\/WhatsApp-Image-2025-03-23-at-14.17.41-1-1024x682.jpeg 1024w, https:\/\/blogs.gazetaesportiva.com\/automobilismo\/files\/2025\/04\/WhatsApp-Image-2025-03-23-at-14.17.41-1-300x200.jpeg 300w, https:\/\/blogs.gazetaesportiva.com\/automobilismo\/files\/2025\/04\/WhatsApp-Image-2025-03-23-at-14.17.41-1-768x512.jpeg 768w, https:\/\/blogs.gazetaesportiva.com\/automobilismo\/files\/2025\/04\/WhatsApp-Image-2025-03-23-at-14.17.41-1-1536x1023.jpeg 1536w, https:\/\/blogs.gazetaesportiva.com\/automobilismo\/files\/2025\/04\/WhatsApp-Image-2025-03-23-at-14.17.41-1.jpeg 1600w\" sizes=\"auto, (max-width: 640px) 100vw, 640px\" \/><figcaption id=\"caption-attachment-2242\" class=\"wp-caption-text\">Foto: Vanderley Soares<\/figcaption><\/figure>\n<p>\u201cEstamos trabalhando bastante para afinar o nosso caminh\u00e3o, para deix\u00e1-lo bem ajustado para voltar a vencer. Ainda \u00e9 o in\u00edcio de trabalho de um caminh\u00e3o montado completamente do zero que temos feito junto com o time de engenharia da Volkswagen e a expectativa \u00e9 ir melhorando a cada etapa\u201d, afirma Felipe Giaffone, que tem os patroc\u00ednios de CBMM, Sabesp, ArcelorMittal, Facchini, Ciser, Omni e Expart.<\/p>\n<p>Heptacampe\u00e3o brasileiro nos caminh\u00f5es, Giaffone acredita que Londrina ser\u00e1 um grande desafio para a equipe seguir firme no campeonato por conta das caracter\u00edsticas do tra\u00e7ado.<\/p>\n<p>\u201cN\u00f3s temos bastante a evoluir ao longo do ano e Londrina vai ser um grande desafio para n\u00f3s por conta de a pista ter uma caracter\u00edstica mais travada, bem diferente de Campo Grande. Ano passado conquistamos um terceiro e um quarto lugares, mas agora o nosso caminh\u00e3o \u00e9 outro e vamos torcer para o nosso truck se adaptar bem com a pista\u201d, completa Giaffone.<\/p>\n<p>A Copa Truck abre sua programa\u00e7\u00e3o nesta sexta-feira (11), com a realiza\u00e7\u00e3o dos treinos livres. O s\u00e1bado ter\u00e1 mais um ensaio e a classifica\u00e7\u00e3o que determinar\u00e1 as posi\u00e7\u00f5es de largada. A principal categoria de caminh\u00f5es do Pa\u00eds disputa suas duas provas no domingo a partir de 14h30, com transmiss\u00e3o ao vivo da Band, do SporTV e no YouTube.<\/p>\n","protected":false},"excerpt":{"rendered":"<p>Tricampe\u00e3o da Copa Truck, Felipe Giaffone disputa neste final de semana a segunda etapa da categoria dos caminh\u00f5es, marcada para o Aut\u00f3dromo Internacional Ayrton Senna, <a class=\"read-more\" href=\"https:\/\/blogs.gazetaesportiva.com\/automobilismo\/2025\/04\/08\/atual-campeao-da-copa-truck-felipe-giaffone-foca-em-acerto-do-caminhao-para-voltar-ao-topo-do-podio-em-londrina\/\">leia mais<\/a><\/p>\n","protected":false},"author":75,"featured_media":2242,"comment_status":"open","ping_status":"open","sticky":false,"template":"","format":"standard","meta":{"jetpack_post_was_ever_published":false,"_jetpack_newsletter_access":"","_jetpack_dont_email_post_to_subs":false,"_jetpack_newsletter_tier_id":0,"_jetpack_memberships_contains_paywalled_content":false,"_jetpack_memberships_contains_paid_content":false,"footnotes":"","jetpack_publicize_message":"","jetpack_publicize_feature_enabled":true,"jetpack_social_post_already_shared":false,"jetpack_social_options":{"image_generator_settings":{"template":"highway","default_image_id":0,"font":"","enabled":false},"version":2}},"categories":[1],"tags":[],"class_list":["post-2241","post","type-post","status-publish","format-standard","has-post-thumbnail","hentry","category-sem-categoria"],"jetpack_publicize_connections":[],"jetpack_featured_media_url":"https:\/\/blogs.gazetaesportiva.com\/automobilismo\/files\/2025\/04\/WhatsApp-Image-2025-03-23-at-14.17.41-1.jpeg","jetpack_sharing_enabled":true,"jetpack_shortlink":"https:\/\/wp.me\/pblv91-A9","_links":{"self":[{"href":"https:\/\/blogs.gazetaesportiva.com\/automobilismo\/wp-json\/wp\/v2\/posts\/2241","targetHints":{"allow":["GET"]}}],"collection":[{"href":"https:\/\/blogs.gazetaesportiva.com\/automobilismo\/wp-json\/wp\/v2\/posts"}],"about":[{"href":"https:\/\/blogs.gazetaesportiva.com\/automobilismo\/wp-json\/wp\/v2\/types\/post"}],"author":[{"embeddable":true,"href":"https:\/\/blogs.gazetaesportiva.com\/automobilismo\/wp-json\/wp\/v2\/users\/75"}],"replies":[{"embeddable":true,"href":"https:\/\/blogs.gazetaesportiva.com\/automobilismo\/wp-json\/wp\/v2\/comments?post=2241"}],"version-history":[{"count":0,"href":"https:\/\/blogs.gazetaesportiva.com\/automobilismo\/wp-json\/wp\/v2\/posts\/2241\/revisions"}],"wp:featuredmedia":[{"embeddable":true,"href":"https:\/\/blogs.gazetaesportiva.com\/automobilismo\/wp-json\/wp\/v2\/media\/2242"}],"wp:attachment":[{"href":"https:\/\/blogs.gazetaesportiva.com\/automobilismo\/wp-json\/wp\/v2\/media?parent=2241"}],"wp:term":[{"taxonomy":"category","embeddable":true,"href":"https:\/\/blogs.gazetaesportiva.com\/automobilismo\/wp-json\/wp\/v2\/categories?post=2241"},{"taxonomy":"post_tag","embeddable":true,"href":"https:\/\/blogs.gazetaesportiva.com\/automobilismo\/wp-json\/wp\/v2\/tags?post=2241"}],"curies":[{"name":"wp","href":"https:\/\/api.w.org\/{rel}","templated":true}]}}