{"id":2239,"date":"2025-04-07T20:54:16","date_gmt":"2025-04-07T20:54:16","guid":{"rendered":"https:\/\/blogs.gazetaesportiva.com\/automobilismo\/?p=2239"},"modified":"2025-04-08T15:45:10","modified_gmt":"2025-04-08T15:45:10","slug":"vencedor-na-estreia-nic-giaffone-busca-novo-triunfo-na-classe-elite-da-copa-truck","status":"publish","type":"post","link":"https:\/\/blogs.gazetaesportiva.com\/automobilismo\/2025\/04\/07\/vencedor-na-estreia-nic-giaffone-busca-novo-triunfo-na-classe-elite-da-copa-truck\/","title":{"rendered":"Vencedor na estreia, Nic Giaffone busca novo triunfo na classe Elite da Copa Truck"},"content":{"rendered":"<p>Ap\u00f3s vencer uma das corridas na estreia na Copa Truck, Nic Giaffone demonstra confian\u00e7a para a segunda etapa da temporada 2025, marcada para o Aut\u00f3dromo Internacional Ayrton Senna, em Londrina (PR). O piloto, que compete na categoria Elite com o caminh\u00e3o Volkswagen Meteor da equipe Giaffone Mission Zero, busca repetir o bom desempenho de Campo Grande para brigar pela lideran\u00e7a do campeonato.<\/p>\n<figure id=\"attachment_2240\" aria-describedby=\"caption-attachment-2240\" style=\"width: 640px\" class=\"wp-caption alignnone\"><img loading=\"lazy\" decoding=\"async\" src=\"https:\/\/blogs.gazetaesportiva.com\/automobilismo\/files\/2025\/04\/WhatsApp-Image-2025-03-23-at-14.17.43-1-683x1024.jpeg\" alt=\"Nic Giaffone\" width=\"640\" height=\"960\" class=\"size-large wp-image-2240\" srcset=\"https:\/\/blogs.gazetaesportiva.com\/automobilismo\/files\/2025\/04\/WhatsApp-Image-2025-03-23-at-14.17.43-1-683x1024.jpeg 683w, https:\/\/blogs.gazetaesportiva.com\/automobilismo\/files\/2025\/04\/WhatsApp-Image-2025-03-23-at-14.17.43-1-200x300.jpeg 200w, https:\/\/blogs.gazetaesportiva.com\/automobilismo\/files\/2025\/04\/WhatsApp-Image-2025-03-23-at-14.17.43-1-768x1152.jpeg 768w, https:\/\/blogs.gazetaesportiva.com\/automobilismo\/files\/2025\/04\/WhatsApp-Image-2025-03-23-at-14.17.43-1-1024x1536.jpeg 1024w, https:\/\/blogs.gazetaesportiva.com\/automobilismo\/files\/2025\/04\/WhatsApp-Image-2025-03-23-at-14.17.43-1.jpeg 1067w\" sizes=\"auto, (max-width: 640px) 100vw, 640px\" \/><figcaption id=\"caption-attachment-2240\" class=\"wp-caption-text\">Foto: Vanderley Soares<\/figcaption><\/figure>\n<p>Na passagem da categoria pelo estado de Mato Grosso do Sul, Nic conquistou a pole position e venceu a segunda corrida da etapa, al\u00e9m de liderar a maior parte da disputa na prova que abriu o campeonato. No norte paranaense, o piloto do caminh\u00e3o n\u00famero 31 busca n\u00e3o apenas as primeiras posi\u00e7\u00f5es, mas tamb\u00e9m avan\u00e7ar no campeonato, onde ocupa a terceira posi\u00e7\u00e3o, apenas tr\u00eas pontos do l\u00edder.<\/p>\n<p>\u201cEstamos vindo de um final de semana em que eu n\u00e3o esperava estar t\u00e3o competitivo. Era a minha estreia e consegui vencer a segunda corrida em Campo Grande. Agora a gente parte para Londrina para a segunda etapa do campeonato e espero brigar mais uma vez pela pole position e pelas vit\u00f3rias na categoria Elite\u201d, disse Nic Giaffone, que tem os patroc\u00ednios de Sabesp, Facchini, Ciser, Exparts, Omni e Balc\u00e3o Urbano.<\/p>\n<p>A Copa Truck abre sua programa\u00e7\u00e3o nesta sexta-feira (11), com a realiza\u00e7\u00e3o dos treinos livres. O s\u00e1bado ter\u00e1 mais um ensaio e a classifica\u00e7\u00e3o que determinar\u00e1 as posi\u00e7\u00f5es de largada. A principal categoria de caminh\u00f5es do Pa\u00eds disputa suas duas provas no domingo a partir de 14h30, com transmiss\u00e3o ao vivo da Band, do SporTV e no YouTube.<\/p>\n","protected":false},"excerpt":{"rendered":"<p>Ap\u00f3s vencer uma das corridas na estreia na Copa Truck, Nic Giaffone demonstra confian\u00e7a para a segunda etapa da temporada 2025, marcada para o Aut\u00f3dromo <a class=\"read-more\" href=\"https:\/\/blogs.gazetaesportiva.com\/automobilismo\/2025\/04\/07\/vencedor-na-estreia-nic-giaffone-busca-novo-triunfo-na-classe-elite-da-copa-truck\/\">leia mais<\/a><\/p>\n","protected":false},"author":75,"featured_media":2240,"comment_status":"open","ping_status":"open","sticky":false,"template":"","format":"standard","meta":{"jetpack_post_was_ever_published":false,"_jetpack_newsletter_access":"","_jetpack_dont_email_post_to_subs":false,"_jetpack_newsletter_tier_id":0,"_jetpack_memberships_contains_paywalled_content":false,"_jetpack_memberships_contains_paid_content":false,"footnotes":"","jetpack_publicize_message":"","jetpack_publicize_feature_enabled":true,"jetpack_social_post_already_shared":false,"jetpack_social_options":{"image_generator_settings":{"template":"highway","default_image_id":0,"font":"","enabled":false},"version":2}},"categories":[1],"tags":[],"class_list":["post-2239","post","type-post","status-publish","format-standard","has-post-thumbnail","hentry","category-sem-categoria"],"jetpack_publicize_connections":[],"jetpack_featured_media_url":"https:\/\/blogs.gazetaesportiva.com\/automobilismo\/files\/2025\/04\/WhatsApp-Image-2025-03-23-at-14.17.43-1.jpeg","jetpack_sharing_enabled":true,"jetpack_shortlink":"https:\/\/wp.me\/pblv91-A7","_links":{"self":[{"href":"https:\/\/blogs.gazetaesportiva.com\/automobilismo\/wp-json\/wp\/v2\/posts\/2239","targetHints":{"allow":["GET"]}}],"collection":[{"href":"https:\/\/blogs.gazetaesportiva.com\/automobilismo\/wp-json\/wp\/v2\/posts"}],"about":[{"href":"https:\/\/blogs.gazetaesportiva.com\/automobilismo\/wp-json\/wp\/v2\/types\/post"}],"author":[{"embeddable":true,"href":"https:\/\/blogs.gazetaesportiva.com\/automobilismo\/wp-json\/wp\/v2\/users\/75"}],"replies":[{"embeddable":true,"href":"https:\/\/blogs.gazetaesportiva.com\/automobilismo\/wp-json\/wp\/v2\/comments?post=2239"}],"version-history":[{"count":0,"href":"https:\/\/blogs.gazetaesportiva.com\/automobilismo\/wp-json\/wp\/v2\/posts\/2239\/revisions"}],"wp:featuredmedia":[{"embeddable":true,"href":"https:\/\/blogs.gazetaesportiva.com\/automobilismo\/wp-json\/wp\/v2\/media\/2240"}],"wp:attachment":[{"href":"https:\/\/blogs.gazetaesportiva.com\/automobilismo\/wp-json\/wp\/v2\/media?parent=2239"}],"wp:term":[{"taxonomy":"category","embeddable":true,"href":"https:\/\/blogs.gazetaesportiva.com\/automobilismo\/wp-json\/wp\/v2\/categories?post=2239"},{"taxonomy":"post_tag","embeddable":true,"href":"https:\/\/blogs.gazetaesportiva.com\/automobilismo\/wp-json\/wp\/v2\/tags?post=2239"}],"curies":[{"name":"wp","href":"https:\/\/api.w.org\/{rel}","templated":true}]}}