{"id":2237,"date":"2025-04-07T20:21:53","date_gmt":"2025-04-07T20:21:53","guid":{"rendered":"https:\/\/blogs.gazetaesportiva.com\/automobilismo\/?p=2237"},"modified":"2025-04-07T20:21:53","modified_gmt":"2025-04-07T20:21:53","slug":"porsche-cup-wagner-pontes-vai-ao-podio-no-velocitta-e-destaca-evolucao-com-a-d4u-immigration","status":"publish","type":"post","link":"https:\/\/blogs.gazetaesportiva.com\/automobilismo\/2025\/04\/07\/porsche-cup-wagner-pontes-vai-ao-podio-no-velocitta-e-destaca-evolucao-com-a-d4u-immigration\/","title":{"rendered":"Porsche Cup: Wagner Pontes vai ao p\u00f3dio no Velocitta e destaca evolu\u00e7\u00e3o com a D4U Immigration"},"content":{"rendered":"<p>Piloto que leva as cores da D4U Immigration na Porsche Cup, Wagner Pontes conquistou o p\u00f3dio na segunda etapa da temporada 2025, realizada no Velocitta, em Mogi Gua\u00e7u (SP). O dono do Porsche n\u00famero 99 completou a primeira das duas corridas do final de semana com a quinta coloca\u00e7\u00e3o entre os competidores da classe Carrera Rookie, que \u00e9 disputada dentro da categoria Carrera Cup, a principal do campeonato.<\/p>\n<figure id=\"attachment_2238\" aria-describedby=\"caption-attachment-2238\" style=\"width: 640px\" class=\"wp-caption alignnone\"><img loading=\"lazy\" decoding=\"async\" src=\"https:\/\/blogs.gazetaesportiva.com\/automobilismo\/files\/2025\/04\/20250404_819_Porsche2Velocitta_RodrigoRuiz_04814_1-1024x683.jpg\" alt=\"Wagner Pontes\" width=\"640\" height=\"427\" class=\"size-large wp-image-2238\" srcset=\"https:\/\/blogs.gazetaesportiva.com\/automobilismo\/files\/2025\/04\/20250404_819_Porsche2Velocitta_RodrigoRuiz_04814_1-1024x683.jpg 1024w, https:\/\/blogs.gazetaesportiva.com\/automobilismo\/files\/2025\/04\/20250404_819_Porsche2Velocitta_RodrigoRuiz_04814_1-300x200.jpg 300w, https:\/\/blogs.gazetaesportiva.com\/automobilismo\/files\/2025\/04\/20250404_819_Porsche2Velocitta_RodrigoRuiz_04814_1-768x512.jpg 768w, https:\/\/blogs.gazetaesportiva.com\/automobilismo\/files\/2025\/04\/20250404_819_Porsche2Velocitta_RodrigoRuiz_04814_1.jpg 1500w\" sizes=\"auto, (max-width: 640px) 100vw, 640px\" \/><figcaption id=\"caption-attachment-2238\" class=\"wp-caption-text\">Foto: Rodrigo Aguiar Ruiz\/RR Media<\/figcaption><\/figure>\n<p>Wagner, que foi vice-campe\u00e3o da Rookie Challenge em 2024, destacou a evolu\u00e7\u00e3o demonstrada entre a primeira e a segunda etapa do campeonato deste ano. Al\u00e9m da quinta posi\u00e7\u00e3o na primeira corrida, o piloto mostrou combatividade tamb\u00e9m na segunda disputa do final de semana, quando conseguiu ultrapassagens sobre pilotos de outras classes, e cruzou a linha de chegada com a s\u00e9tima posi\u00e7\u00e3o.<\/p>\n<p>\u201cFoi um final de semana incr\u00edvel, com muita evolu\u00e7\u00e3o. Garanti um lugar no p\u00f3dio no s\u00e1bado com uma quinta posi\u00e7\u00e3o, e, no domingo, fiz algumas ultrapassagens no in\u00edcio da corrida e terminei em s\u00e9timo. Estou feliz com a evolu\u00e7\u00e3o que a gente teve com o carro e o ritmo obtido ao longo da etapa. Correr na Carrera Cup com o ritmo que demonstramos na segunda etapa \u00e9 motivo de muita felicidade\u201d, disse Wagner Pontes, CEO da D4U Immigration.<\/p>\n<p>A Porsche Cup d\u00e1 continuidade a temporada de 2025 nos dias 26 e 27 de abril, quando realiza a terceira etapa do campeonato de corridas Sprint no Aut\u00f3dromo de Interlagos, em S\u00e3o Paulo (SP).<\/p>\n","protected":false},"excerpt":{"rendered":"<p>Piloto que leva as cores da D4U Immigration na Porsche Cup, Wagner Pontes conquistou o p\u00f3dio na segunda etapa da temporada 2025, realizada no Velocitta, <a class=\"read-more\" href=\"https:\/\/blogs.gazetaesportiva.com\/automobilismo\/2025\/04\/07\/porsche-cup-wagner-pontes-vai-ao-podio-no-velocitta-e-destaca-evolucao-com-a-d4u-immigration\/\">leia mais<\/a><\/p>\n","protected":false},"author":75,"featured_media":2238,"comment_status":"open","ping_status":"open","sticky":false,"template":"","format":"standard","meta":{"jetpack_post_was_ever_published":false,"_jetpack_newsletter_access":"","_jetpack_dont_email_post_to_subs":false,"_jetpack_newsletter_tier_id":0,"_jetpack_memberships_contains_paywalled_content":false,"_jetpack_memberships_contains_paid_content":false,"footnotes":"","jetpack_publicize_message":"","jetpack_publicize_feature_enabled":true,"jetpack_social_post_already_shared":false,"jetpack_social_options":{"image_generator_settings":{"template":"highway","default_image_id":0,"font":"","enabled":false},"version":2}},"categories":[1],"tags":[],"class_list":["post-2237","post","type-post","status-publish","format-standard","has-post-thumbnail","hentry","category-sem-categoria"],"jetpack_publicize_connections":[],"jetpack_featured_media_url":"https:\/\/blogs.gazetaesportiva.com\/automobilismo\/files\/2025\/04\/20250404_819_Porsche2Velocitta_RodrigoRuiz_04814_1.jpg","jetpack_sharing_enabled":true,"jetpack_shortlink":"https:\/\/wp.me\/pblv91-A5","_links":{"self":[{"href":"https:\/\/blogs.gazetaesportiva.com\/automobilismo\/wp-json\/wp\/v2\/posts\/2237","targetHints":{"allow":["GET"]}}],"collection":[{"href":"https:\/\/blogs.gazetaesportiva.com\/automobilismo\/wp-json\/wp\/v2\/posts"}],"about":[{"href":"https:\/\/blogs.gazetaesportiva.com\/automobilismo\/wp-json\/wp\/v2\/types\/post"}],"author":[{"embeddable":true,"href":"https:\/\/blogs.gazetaesportiva.com\/automobilismo\/wp-json\/wp\/v2\/users\/75"}],"replies":[{"embeddable":true,"href":"https:\/\/blogs.gazetaesportiva.com\/automobilismo\/wp-json\/wp\/v2\/comments?post=2237"}],"version-history":[{"count":0,"href":"https:\/\/blogs.gazetaesportiva.com\/automobilismo\/wp-json\/wp\/v2\/posts\/2237\/revisions"}],"wp:featuredmedia":[{"embeddable":true,"href":"https:\/\/blogs.gazetaesportiva.com\/automobilismo\/wp-json\/wp\/v2\/media\/2238"}],"wp:attachment":[{"href":"https:\/\/blogs.gazetaesportiva.com\/automobilismo\/wp-json\/wp\/v2\/media?parent=2237"}],"wp:term":[{"taxonomy":"category","embeddable":true,"href":"https:\/\/blogs.gazetaesportiva.com\/automobilismo\/wp-json\/wp\/v2\/categories?post=2237"},{"taxonomy":"post_tag","embeddable":true,"href":"https:\/\/blogs.gazetaesportiva.com\/automobilismo\/wp-json\/wp\/v2\/tags?post=2237"}],"curies":[{"name":"wp","href":"https:\/\/api.w.org\/{rel}","templated":true}]}}