{"id":2235,"date":"2025-04-07T18:42:20","date_gmt":"2025-04-07T18:42:20","guid":{"rendered":"https:\/\/blogs.gazetaesportiva.com\/automobilismo\/?p=2235"},"modified":"2025-04-07T18:42:20","modified_gmt":"2025-04-07T18:42:20","slug":"paulo-reales-mostra-ritmo-forte-em-segunda-etapa-da-porsche-cup-no-velocitta","status":"publish","type":"post","link":"https:\/\/blogs.gazetaesportiva.com\/automobilismo\/2025\/04\/07\/paulo-reales-mostra-ritmo-forte-em-segunda-etapa-da-porsche-cup-no-velocitta\/","title":{"rendered":"Paulo Reales mostra ritmo forte em segunda etapa da Porsche Cup no Velocitta"},"content":{"rendered":"<p>Em sua segunda participa\u00e7\u00e3o na categoria Sprint Trophy da Porsche Cup, Paulo Reales destacou a evolu\u00e7\u00e3o demonstrada ao longo de todo o final de semana no Velocitta. O aut\u00f3dromo localizado em Mogi Gua\u00e7u (SP) recebeu a segunda etapa da temporada 2025, e o piloto que leva a marca da Sterling em seu carro mostrou velocidade e fez boas ultrapassagens e defesas de posi\u00e7\u00f5es na corrida disputada no \u00faltimo domingo (6) no interior paulista.<\/p>\n<p><figure id=\"attachment_2236\" aria-describedby=\"caption-attachment-2236\" style=\"width: 640px\" class=\"wp-caption alignnone\"><img loading=\"lazy\" decoding=\"async\" src=\"https:\/\/blogs.gazetaesportiva.com\/automobilismo\/files\/2025\/04\/450117_1146853_whatsapp_image_2025_04_04_at_18.31.38-1024x683.jpeg\" alt=\"Paulo Reales\" width=\"640\" height=\"427\" class=\"size-large wp-image-2236\" srcset=\"https:\/\/blogs.gazetaesportiva.com\/automobilismo\/files\/2025\/04\/450117_1146853_whatsapp_image_2025_04_04_at_18.31.38-1024x683.jpeg 1024w, https:\/\/blogs.gazetaesportiva.com\/automobilismo\/files\/2025\/04\/450117_1146853_whatsapp_image_2025_04_04_at_18.31.38-300x200.jpeg 300w, https:\/\/blogs.gazetaesportiva.com\/automobilismo\/files\/2025\/04\/450117_1146853_whatsapp_image_2025_04_04_at_18.31.38-768x512.jpeg 768w, https:\/\/blogs.gazetaesportiva.com\/automobilismo\/files\/2025\/04\/450117_1146853_whatsapp_image_2025_04_04_at_18.31.38-1536x1024.jpeg 1536w, https:\/\/blogs.gazetaesportiva.com\/automobilismo\/files\/2025\/04\/450117_1146853_whatsapp_image_2025_04_04_at_18.31.38-2048x1365.jpeg 2048w\" sizes=\"auto, (max-width: 640px) 100vw, 640px\" \/><figcaption id=\"caption-attachment-2236\" class=\"wp-caption-text\">Foto: Serj\u00e3o Soares<\/figcaption><\/figure><br \/>\nDepois da realiza\u00e7\u00e3o dos treinos livres, Reales optou por usar pneus novos na classifica\u00e7\u00e3o e capitalizou a terceira posi\u00e7\u00e3o no grid entre os pilotos que competem na classe Sport. Na corrida, o dono do Porsche n\u00famero 11 protagonizou uma das mais bonitas ultrapassagens da prova ao dar um \u201cX\u201d em um concorrente, e cruzou a linha de chegada com a s\u00e9tima coloca\u00e7\u00e3o.<\/p>\n<p>\u201cA gente demonstrou muita evolu\u00e7\u00e3o ao longo do final de semana. Na classifica\u00e7\u00e3o, com pneus novos, fui o terceiro na categoria Sport e tive um saldo muito positivo. Na corrida, estava bem na disputa por um lugar no p\u00f3dio, que ficou muito pr\u00f3ximo, j\u00e1 que terminei com a s\u00e9tima posi\u00e7\u00e3o. A evolu\u00e7\u00e3o foi grande e espero um desempenho ainda melhor em Interlagos\u201d, diz Paulo Reales, que tem o patroc\u00ednio de Sterling.<\/p>\n<p>A Porsche Cup d\u00e1 continuidade a temporada de 2025 nos dias 26 e 27 de abril, quando realiza a terceira etapa do campeonato de corridas Sprint no Aut\u00f3dromo de Interlagos, em S\u00e3o Paulo (SP).<\/p>\n","protected":false},"excerpt":{"rendered":"<p>Em sua segunda participa\u00e7\u00e3o na categoria Sprint Trophy da Porsche Cup, Paulo Reales destacou a evolu\u00e7\u00e3o demonstrada ao longo de todo o final de semana <a class=\"read-more\" href=\"https:\/\/blogs.gazetaesportiva.com\/automobilismo\/2025\/04\/07\/paulo-reales-mostra-ritmo-forte-em-segunda-etapa-da-porsche-cup-no-velocitta\/\">leia mais<\/a><\/p>\n","protected":false},"author":75,"featured_media":2236,"comment_status":"open","ping_status":"open","sticky":false,"template":"","format":"standard","meta":{"jetpack_post_was_ever_published":false,"_jetpack_newsletter_access":"","_jetpack_dont_email_post_to_subs":false,"_jetpack_newsletter_tier_id":0,"_jetpack_memberships_contains_paywalled_content":false,"_jetpack_memberships_contains_paid_content":false,"footnotes":"","jetpack_publicize_message":"","jetpack_publicize_feature_enabled":true,"jetpack_social_post_already_shared":false,"jetpack_social_options":{"image_generator_settings":{"template":"highway","default_image_id":0,"font":"","enabled":false},"version":2}},"categories":[1],"tags":[],"class_list":["post-2235","post","type-post","status-publish","format-standard","has-post-thumbnail","hentry","category-sem-categoria"],"jetpack_publicize_connections":[],"jetpack_featured_media_url":"https:\/\/blogs.gazetaesportiva.com\/automobilismo\/files\/2025\/04\/450117_1146853_whatsapp_image_2025_04_04_at_18.31.38-scaled.jpeg","jetpack_sharing_enabled":true,"jetpack_shortlink":"https:\/\/wp.me\/pblv91-A3","_links":{"self":[{"href":"https:\/\/blogs.gazetaesportiva.com\/automobilismo\/wp-json\/wp\/v2\/posts\/2235","targetHints":{"allow":["GET"]}}],"collection":[{"href":"https:\/\/blogs.gazetaesportiva.com\/automobilismo\/wp-json\/wp\/v2\/posts"}],"about":[{"href":"https:\/\/blogs.gazetaesportiva.com\/automobilismo\/wp-json\/wp\/v2\/types\/post"}],"author":[{"embeddable":true,"href":"https:\/\/blogs.gazetaesportiva.com\/automobilismo\/wp-json\/wp\/v2\/users\/75"}],"replies":[{"embeddable":true,"href":"https:\/\/blogs.gazetaesportiva.com\/automobilismo\/wp-json\/wp\/v2\/comments?post=2235"}],"version-history":[{"count":0,"href":"https:\/\/blogs.gazetaesportiva.com\/automobilismo\/wp-json\/wp\/v2\/posts\/2235\/revisions"}],"wp:featuredmedia":[{"embeddable":true,"href":"https:\/\/blogs.gazetaesportiva.com\/automobilismo\/wp-json\/wp\/v2\/media\/2236"}],"wp:attachment":[{"href":"https:\/\/blogs.gazetaesportiva.com\/automobilismo\/wp-json\/wp\/v2\/media?parent=2235"}],"wp:term":[{"taxonomy":"category","embeddable":true,"href":"https:\/\/blogs.gazetaesportiva.com\/automobilismo\/wp-json\/wp\/v2\/categories?post=2235"},{"taxonomy":"post_tag","embeddable":true,"href":"https:\/\/blogs.gazetaesportiva.com\/automobilismo\/wp-json\/wp\/v2\/tags?post=2235"}],"curies":[{"name":"wp","href":"https:\/\/api.w.org\/{rel}","templated":true}]}}