{"id":2233,"date":"2025-04-07T18:09:33","date_gmt":"2025-04-07T18:09:33","guid":{"rendered":"https:\/\/blogs.gazetaesportiva.com\/automobilismo\/?p=2233"},"modified":"2025-04-07T18:09:33","modified_gmt":"2025-04-07T18:09:33","slug":"pietro-fittipaldi-conquista-podio-na-elms-e-enzo-lidera-maior-parte-da-corrida-em-barcelona","status":"publish","type":"post","link":"https:\/\/blogs.gazetaesportiva.com\/automobilismo\/2025\/04\/07\/pietro-fittipaldi-conquista-podio-na-elms-e-enzo-lidera-maior-parte-da-corrida-em-barcelona\/","title":{"rendered":"Pietro Fittipaldi conquista p\u00f3dio na ELMS e Enzo lidera maior parte da corrida em Barcelona"},"content":{"rendered":"<p>Os irm\u00e3os Fittipaldi estiveram entre os grandes destaques na abertura do European Le Mans Series (ELMS) em Barcelona, na Espanha, neste domingo. Pietro conquistou o p\u00f3dio com a terceira coloca\u00e7\u00e3o da LMP2 Pro, principal categoria do campeonato, pilotando o carro 10 da Vector Sport, enquanto Enzo Fittipaldi liderou a maior parte da prova acelerando o prot\u00f3tipo n\u00famero 47 da CLX Motorsport.<\/p>\n<figure id=\"attachment_2234\" aria-describedby=\"caption-attachment-2234\" style=\"width: 640px\" class=\"wp-caption alignnone\"><img loading=\"lazy\" decoding=\"async\" src=\"https:\/\/blogs.gazetaesportiva.com\/automobilismo\/files\/2025\/04\/450116_1146845_snapins.ai_487947588_18405658306101460_1394752166649631536_n_1080-819x1024.jpg\" alt=\"Fittipaldi\" width=\"640\" height=\"800\" class=\"size-large wp-image-2234\" srcset=\"https:\/\/blogs.gazetaesportiva.com\/automobilismo\/files\/2025\/04\/450116_1146845_snapins.ai_487947588_18405658306101460_1394752166649631536_n_1080-819x1024.jpg 819w, https:\/\/blogs.gazetaesportiva.com\/automobilismo\/files\/2025\/04\/450116_1146845_snapins.ai_487947588_18405658306101460_1394752166649631536_n_1080-240x300.jpg 240w, https:\/\/blogs.gazetaesportiva.com\/automobilismo\/files\/2025\/04\/450116_1146845_snapins.ai_487947588_18405658306101460_1394752166649631536_n_1080-768x960.jpg 768w, https:\/\/blogs.gazetaesportiva.com\/automobilismo\/files\/2025\/04\/450116_1146845_snapins.ai_487947588_18405658306101460_1394752166649631536_n_1080.jpg 1080w\" sizes=\"auto, (max-width: 640px) 100vw, 640px\" \/><figcaption id=\"caption-attachment-2234\" class=\"wp-caption-text\">Foto: divulga\u00e7\u00e3o<\/figcaption><\/figure>\n<p>\u201cFoi uma corrida sensacional. Terminamos no p\u00f3dio com uma terceira coloca\u00e7\u00e3o. No final, fiz algumas ultrapassagens muito agressivas e muitos contatos. Come\u00e7amos bem a temporada. Agrade\u00e7o ao meu time e aos meus companheiros, que fizeram um \u00f3timo trabalho. O Enzo tamb\u00e9m liderou a corrida e fez uma prova sensacional. Correr com ele foi muito legal\u201d diz Pietro Fittipaldi, que tem os patroc\u00ednios de Claro, OAKBERRY, PneuStore, Baterias Moura e Stake\/Kick.<\/p>\n<p>O trio de Pietro formado tamb\u00e9m pelos pilotos Vladislav Lomko e Ryan Cullen largou na 12\u00aa coloca\u00e7\u00e3o e fez uma prova de recupera\u00e7\u00e3o. Pietro fechou o \u00faltimo stint e foi respons\u00e1vel por levar o carro ao terceiro lugar e assim repetir o melhor resultado da hist\u00f3ria da Vector Sport na ELMS.<\/p>\n<p>Enzo recebeu o carro de Manuel Esp\u00edrito Santo na lideran\u00e7a ap\u00f3s o portugu\u00eas largar na oitava coloca\u00e7\u00e3o. O brasileiro liderou todo o seu stint e entregou o prot\u00f3tipo na lideran\u00e7a para Pipo Derani, que acabou tendo problemas na \u00faltima parte da prova e precisou abandonar a disputa.<\/p>\n<p>\u201cConsegui, em meu primeiro stint, manter o carro na lideran\u00e7a. Foi minha primeira vez em um stint em uma corrida de Endurance. Tivemos um problema de motor quando restavam 20 minutos para o final, quando est\u00e1vamos em segundo, brigando pela primeira posi\u00e7\u00e3o. Foi uma pena, mas brigamos pela vit\u00f3ria depois de largar em oitavo. Ent\u00e3o vamos para a pr\u00f3xima\u201d, disse Enzo Fittipaldi.<\/p>\n<p>A segunda etapa do ELMS ser\u00e1 disputada em Paul Ricard, no dia 4 de maio, com as 4 Horas de Le Castellet.<\/p>\n","protected":false},"excerpt":{"rendered":"<p>Os irm\u00e3os Fittipaldi estiveram entre os grandes destaques na abertura do European Le Mans Series (ELMS) em Barcelona, na Espanha, neste domingo. Pietro conquistou o <a class=\"read-more\" href=\"https:\/\/blogs.gazetaesportiva.com\/automobilismo\/2025\/04\/07\/pietro-fittipaldi-conquista-podio-na-elms-e-enzo-lidera-maior-parte-da-corrida-em-barcelona\/\">leia mais<\/a><\/p>\n","protected":false},"author":75,"featured_media":2234,"comment_status":"open","ping_status":"open","sticky":false,"template":"","format":"standard","meta":{"jetpack_post_was_ever_published":false,"_jetpack_newsletter_access":"","_jetpack_dont_email_post_to_subs":false,"_jetpack_newsletter_tier_id":0,"_jetpack_memberships_contains_paywalled_content":false,"_jetpack_memberships_contains_paid_content":false,"footnotes":"","jetpack_publicize_message":"","jetpack_publicize_feature_enabled":true,"jetpack_social_post_already_shared":false,"jetpack_social_options":{"image_generator_settings":{"template":"highway","default_image_id":0,"font":"","enabled":false},"version":2}},"categories":[1],"tags":[],"class_list":["post-2233","post","type-post","status-publish","format-standard","has-post-thumbnail","hentry","category-sem-categoria"],"jetpack_publicize_connections":[],"jetpack_featured_media_url":"https:\/\/blogs.gazetaesportiva.com\/automobilismo\/files\/2025\/04\/450116_1146845_snapins.ai_487947588_18405658306101460_1394752166649631536_n_1080.jpg","jetpack_sharing_enabled":true,"jetpack_shortlink":"https:\/\/wp.me\/pblv91-A1","_links":{"self":[{"href":"https:\/\/blogs.gazetaesportiva.com\/automobilismo\/wp-json\/wp\/v2\/posts\/2233","targetHints":{"allow":["GET"]}}],"collection":[{"href":"https:\/\/blogs.gazetaesportiva.com\/automobilismo\/wp-json\/wp\/v2\/posts"}],"about":[{"href":"https:\/\/blogs.gazetaesportiva.com\/automobilismo\/wp-json\/wp\/v2\/types\/post"}],"author":[{"embeddable":true,"href":"https:\/\/blogs.gazetaesportiva.com\/automobilismo\/wp-json\/wp\/v2\/users\/75"}],"replies":[{"embeddable":true,"href":"https:\/\/blogs.gazetaesportiva.com\/automobilismo\/wp-json\/wp\/v2\/comments?post=2233"}],"version-history":[{"count":0,"href":"https:\/\/blogs.gazetaesportiva.com\/automobilismo\/wp-json\/wp\/v2\/posts\/2233\/revisions"}],"wp:featuredmedia":[{"embeddable":true,"href":"https:\/\/blogs.gazetaesportiva.com\/automobilismo\/wp-json\/wp\/v2\/media\/2234"}],"wp:attachment":[{"href":"https:\/\/blogs.gazetaesportiva.com\/automobilismo\/wp-json\/wp\/v2\/media?parent=2233"}],"wp:term":[{"taxonomy":"category","embeddable":true,"href":"https:\/\/blogs.gazetaesportiva.com\/automobilismo\/wp-json\/wp\/v2\/categories?post=2233"},{"taxonomy":"post_tag","embeddable":true,"href":"https:\/\/blogs.gazetaesportiva.com\/automobilismo\/wp-json\/wp\/v2\/tags?post=2233"}],"curies":[{"name":"wp","href":"https:\/\/api.w.org\/{rel}","templated":true}]}}