{"id":2231,"date":"2025-04-07T17:46:01","date_gmt":"2025-04-07T17:46:01","guid":{"rendered":"https:\/\/blogs.gazetaesportiva.com\/automobilismo\/?p=2231"},"modified":"2025-04-07T17:46:01","modified_gmt":"2025-04-07T17:46:01","slug":"piloto-toyota-gazoo-racing-no-wec-ryo-hirakawa-se-torna-reserva-da-haas-na-f1","status":"publish","type":"post","link":"https:\/\/blogs.gazetaesportiva.com\/automobilismo\/2025\/04\/07\/piloto-toyota-gazoo-racing-no-wec-ryo-hirakawa-se-torna-reserva-da-haas-na-f1\/","title":{"rendered":"Piloto TOYOTA GAZOO Racing no WEC, Ryo Hirakawa se torna reserva da Haas na F1"},"content":{"rendered":"<p>Piloto da TOYOTA GAZOO Racing no WEC, mais importante campeonato de Endurance do planeta, Ryo Hirakawa foi anunciado como reserva oficial da equipe Haas na F\u00f3rmula 1 na madrugada desta segunda-feira (7). O japon\u00eas participar\u00e1 de diversos treinos livres em finais de semanas de GPs ao longo da temporada de 2025 da categoria m\u00e1xima do esporte a motor mundial.<\/p>\n<figure id=\"attachment_2232\" aria-describedby=\"caption-attachment-2232\" style=\"width: 640px\" class=\"wp-caption alignnone\"><img loading=\"lazy\" decoding=\"async\" src=\"https:\/\/blogs.gazetaesportiva.com\/automobilismo\/files\/2025\/04\/Gn6rFDWW8AA3okQ-819x1024.jpeg\" alt=\"Ryo Hirakawa\" width=\"640\" height=\"800\" class=\"size-large wp-image-2232\" srcset=\"https:\/\/blogs.gazetaesportiva.com\/automobilismo\/files\/2025\/04\/Gn6rFDWW8AA3okQ-819x1024.jpeg 819w, https:\/\/blogs.gazetaesportiva.com\/automobilismo\/files\/2025\/04\/Gn6rFDWW8AA3okQ-240x300.jpeg 240w, https:\/\/blogs.gazetaesportiva.com\/automobilismo\/files\/2025\/04\/Gn6rFDWW8AA3okQ-768x960.jpeg 768w, https:\/\/blogs.gazetaesportiva.com\/automobilismo\/files\/2025\/04\/Gn6rFDWW8AA3okQ-1229x1536.jpeg 1229w, https:\/\/blogs.gazetaesportiva.com\/automobilismo\/files\/2025\/04\/Gn6rFDWW8AA3okQ-1639x2048.jpeg 1639w, https:\/\/blogs.gazetaesportiva.com\/automobilismo\/files\/2025\/04\/Gn6rFDWW8AA3okQ-scaled.jpeg 2048w\" sizes=\"auto, (max-width: 640px) 100vw, 640px\" \/><figcaption id=\"caption-attachment-2232\" class=\"wp-caption-text\">Foto: Haas F1 Team<\/figcaption><\/figure>\n<p>Hirakawa esteve com a Haas no teste de p\u00f3s-temporada de 2024, realizado em Abu Dhabi. No \u00faltimo final de semana, o japon\u00eas participou da primeira sess\u00e3o de treinos livres para o Grande Pr\u00eamio do Jap\u00e3o de F1, em Suzuka. Agora, o piloto da TOYOTA GAZOO Racing retorna ao time americano para o restante da temporada de 2025.<\/p>\n<p>A primeira participa\u00e7\u00e3o de Hirakawa com a Haas neste ano est\u00e1 marcada para a pr\u00f3xima sexta-feira (11), no primeiro treino livre para o GP do Bahrein, em Sakhir, onde substituir\u00e1 Oliver Bearman na sess\u00e3o. O japon\u00eas, vencedor das 24 Horas de Le Mans em 2022, ainda vai correr os treinos livres que abrem as atividades dos finais de semana dos GPs da Espanha, do M\u00e9xico e de Abu Dhabi, totalizando quatro atividades.<\/p>\n<p>\u201cEstou animado por me unir a Haas. Vou aproveitar esta oportunidade, e estou ansioso para esta nova jornada com a equipe. Vou pilotar no primeiro treino livre do Bahrein, ent\u00e3o, para mim, estar na pista em dois finais de semanas seguidos \u00e9 animador. Mal posso esperar pelo Bahrein. Agrade\u00e7o a Ayao Komatsu, a Haas, a Akio Toyoda e a TOYOTA GAZOO Racing por esta oportunidade. \u00c9 um novo desafio para mim e quero come\u00e7ar logo\u201d, disse Hirakawa.<\/p>\n<p>\u201c\u00c9 \u00f3timo dar as boas-vindas a Ryo na Haas e ter sua experi\u00eancia para refor\u00e7ar nosso conhecimento e compreens\u00e3o do VF-25. O feedback dele foi muito detalhado no teste de p\u00f3s-temporada ano passado. Assim, poder proporcionar a Ryo tempo de pista nesta temporada ajudar\u00e1 a equipe. Como parte de nossa colabora\u00e7\u00e3o com a TOYOTA GAZOO Racing, \u00e9 \u00f3timo receber novos talentos na equipe\u201d, disse Ayao Komatsu, chefe da equipe Haas.<\/p>\n<p>A F1 prossegue a temporada 2025 j\u00e1 neste final de semana com a disputa do GP do Bahrein, em Sakhir.<\/p>\n","protected":false},"excerpt":{"rendered":"<p>Piloto da TOYOTA GAZOO Racing no WEC, mais importante campeonato de Endurance do planeta, Ryo Hirakawa foi anunciado como reserva oficial da equipe Haas na <a class=\"read-more\" href=\"https:\/\/blogs.gazetaesportiva.com\/automobilismo\/2025\/04\/07\/piloto-toyota-gazoo-racing-no-wec-ryo-hirakawa-se-torna-reserva-da-haas-na-f1\/\">leia mais<\/a><\/p>\n","protected":false},"author":75,"featured_media":2232,"comment_status":"open","ping_status":"open","sticky":false,"template":"","format":"standard","meta":{"jetpack_post_was_ever_published":false,"_jetpack_newsletter_access":"","_jetpack_dont_email_post_to_subs":false,"_jetpack_newsletter_tier_id":0,"_jetpack_memberships_contains_paywalled_content":false,"_jetpack_memberships_contains_paid_content":false,"footnotes":"","jetpack_publicize_message":"","jetpack_publicize_feature_enabled":true,"jetpack_social_post_already_shared":false,"jetpack_social_options":{"image_generator_settings":{"template":"highway","default_image_id":0,"font":"","enabled":false},"version":2}},"categories":[1],"tags":[],"class_list":["post-2231","post","type-post","status-publish","format-standard","has-post-thumbnail","hentry","category-sem-categoria"],"jetpack_publicize_connections":[],"jetpack_featured_media_url":"https:\/\/blogs.gazetaesportiva.com\/automobilismo\/files\/2025\/04\/Gn6rFDWW8AA3okQ-scaled.jpeg","jetpack_sharing_enabled":true,"jetpack_shortlink":"https:\/\/wp.me\/pblv91-zZ","_links":{"self":[{"href":"https:\/\/blogs.gazetaesportiva.com\/automobilismo\/wp-json\/wp\/v2\/posts\/2231","targetHints":{"allow":["GET"]}}],"collection":[{"href":"https:\/\/blogs.gazetaesportiva.com\/automobilismo\/wp-json\/wp\/v2\/posts"}],"about":[{"href":"https:\/\/blogs.gazetaesportiva.com\/automobilismo\/wp-json\/wp\/v2\/types\/post"}],"author":[{"embeddable":true,"href":"https:\/\/blogs.gazetaesportiva.com\/automobilismo\/wp-json\/wp\/v2\/users\/75"}],"replies":[{"embeddable":true,"href":"https:\/\/blogs.gazetaesportiva.com\/automobilismo\/wp-json\/wp\/v2\/comments?post=2231"}],"version-history":[{"count":0,"href":"https:\/\/blogs.gazetaesportiva.com\/automobilismo\/wp-json\/wp\/v2\/posts\/2231\/revisions"}],"wp:featuredmedia":[{"embeddable":true,"href":"https:\/\/blogs.gazetaesportiva.com\/automobilismo\/wp-json\/wp\/v2\/media\/2232"}],"wp:attachment":[{"href":"https:\/\/blogs.gazetaesportiva.com\/automobilismo\/wp-json\/wp\/v2\/media?parent=2231"}],"wp:term":[{"taxonomy":"category","embeddable":true,"href":"https:\/\/blogs.gazetaesportiva.com\/automobilismo\/wp-json\/wp\/v2\/categories?post=2231"},{"taxonomy":"post_tag","embeddable":true,"href":"https:\/\/blogs.gazetaesportiva.com\/automobilismo\/wp-json\/wp\/v2\/tags?post=2231"}],"curies":[{"name":"wp","href":"https:\/\/api.w.org\/{rel}","templated":true}]}}