{"id":2229,"date":"2025-04-07T17:27:45","date_gmt":"2025-04-07T17:27:45","guid":{"rendered":"https:\/\/blogs.gazetaesportiva.com\/automobilismo\/?p=2229"},"modified":"2025-04-07T17:27:45","modified_gmt":"2025-04-07T17:27:45","slug":"campeao-da-nascar-brasil-gabriel-casagrande-vence-em-estreia-em-ovais-nos-estados-unidos","status":"publish","type":"post","link":"https:\/\/blogs.gazetaesportiva.com\/automobilismo\/2025\/04\/07\/campeao-da-nascar-brasil-gabriel-casagrande-vence-em-estreia-em-ovais-nos-estados-unidos\/","title":{"rendered":"Campe\u00e3o da NASCAR Brasil, Gabriel Casagrande vence em estreia em ovais nos Estados Unidos"},"content":{"rendered":"<p>O final de semana de Gabriel Casagrande foi de estreia e vit\u00f3ria em um circuito oval nos Estados Unidos. O paranaense fez sua primeira participa\u00e7\u00e3o em um evento de Pro Late Model Challenge Twin 50s, base da NASCAR, e venceu uma das provas disputadas no New Smyrna Speedway, localizado no estado americano da Florida.<\/p>\n<figure id=\"attachment_2230\" aria-describedby=\"caption-attachment-2230\" style=\"width: 640px\" class=\"wp-caption alignnone\"><img loading=\"lazy\" decoding=\"async\" src=\"https:\/\/blogs.gazetaesportiva.com\/automobilismo\/files\/2025\/04\/WhatsApp-Image-2025-04-07-at-14.21.53-1-1024x683.jpeg\" alt=\"Gabriel Casagrande\" width=\"640\" height=\"427\" class=\"size-large wp-image-2230\" srcset=\"https:\/\/blogs.gazetaesportiva.com\/automobilismo\/files\/2025\/04\/WhatsApp-Image-2025-04-07-at-14.21.53-1-1024x683.jpeg 1024w, https:\/\/blogs.gazetaesportiva.com\/automobilismo\/files\/2025\/04\/WhatsApp-Image-2025-04-07-at-14.21.53-1-300x200.jpeg 300w, https:\/\/blogs.gazetaesportiva.com\/automobilismo\/files\/2025\/04\/WhatsApp-Image-2025-04-07-at-14.21.53-1-768x512.jpeg 768w, https:\/\/blogs.gazetaesportiva.com\/automobilismo\/files\/2025\/04\/WhatsApp-Image-2025-04-07-at-14.21.53-1.jpeg 1080w\" sizes=\"auto, (max-width: 640px) 100vw, 640px\" \/><figcaption id=\"caption-attachment-2230\" class=\"wp-caption-text\">Foto: divulga\u00e7\u00e3o<\/figcaption><\/figure>\n<p>No final de semana foram duas corridas, ambas com 50 voltas de dura\u00e7\u00e3o, defendendo a equipe Ben Kennedy Racing. Em ambas o paranaense, atual campe\u00e3o da NASCAR Brasil, largou da quinta posi\u00e7\u00e3o, garantindo o segundo lugar na corrida que abriu a etapa, e a vit\u00f3ria na segunda prova do final de semana.<\/p>\n<p>\u201cFoi uma experi\u00eancia maravilhosa. Sempre quis ter a oportunidade de correr em circuitos ovais nos Estados Unidos e a NASCAR Brasil me proporcionou isso. O resultado foi o melhor poss\u00edvel, com vit\u00f3ria no primeiro final de semana aqui, correndo contra pilotos muito mais experientes, que conhecem o carro e a pista. Contei com um pouco de sorte, mas do in\u00edcio ao fim a evolu\u00e7\u00e3o foi muito tranquila, sempre tentando melhorar\u201d, disse Casagrande.<\/p>\n<p>\u201cGaranti o quinto lugar na classifica\u00e7\u00e3o e, nas corridas, desviei dos acidentes. Na primeira corrida, o ritmo era bom, mas fiquei um pouco para tr\u00e1s e a equipe pediu para diminuir o ritmo para guardar os pneus para a segunda corrida, quando houve muitas relargadas e fui sobrevivendo. Depois disso, com poucos carros, cheguei at\u00e9 o final e sa\u00ed com a vit\u00f3ria. Foi sensacional e estou feliz e animado. Tomara que eu possa voltar logo\u201d, completou o piloto.<\/p>\n<p>Ap\u00f3s a passagem pelos Estados Unidos, Casagrande volta suas aten\u00e7\u00f5es para a segunda etapa da NASCAR Brasil. A categoria vai at\u00e9 o Aut\u00f3dromo Internacional Ayrton Senna, em Londrina (PR), para a disputa da segunda etapa da temporada 2025. As corridas ocorrem \u00e0s 18h de s\u00e1bado e \u00e0s 13h20 de domingo.<\/p>\n","protected":false},"excerpt":{"rendered":"<p>O final de semana de Gabriel Casagrande foi de estreia e vit\u00f3ria em um circuito oval nos Estados Unidos. O paranaense fez sua primeira participa\u00e7\u00e3o <a class=\"read-more\" href=\"https:\/\/blogs.gazetaesportiva.com\/automobilismo\/2025\/04\/07\/campeao-da-nascar-brasil-gabriel-casagrande-vence-em-estreia-em-ovais-nos-estados-unidos\/\">leia mais<\/a><\/p>\n","protected":false},"author":75,"featured_media":2230,"comment_status":"open","ping_status":"open","sticky":false,"template":"","format":"standard","meta":{"jetpack_post_was_ever_published":false,"_jetpack_newsletter_access":"","_jetpack_dont_email_post_to_subs":false,"_jetpack_newsletter_tier_id":0,"_jetpack_memberships_contains_paywalled_content":false,"_jetpack_memberships_contains_paid_content":false,"footnotes":"","jetpack_publicize_message":"","jetpack_publicize_feature_enabled":true,"jetpack_social_post_already_shared":false,"jetpack_social_options":{"image_generator_settings":{"template":"highway","default_image_id":0,"font":"","enabled":false},"version":2}},"categories":[1],"tags":[],"class_list":["post-2229","post","type-post","status-publish","format-standard","has-post-thumbnail","hentry","category-sem-categoria"],"jetpack_publicize_connections":[],"jetpack_featured_media_url":"https:\/\/blogs.gazetaesportiva.com\/automobilismo\/files\/2025\/04\/WhatsApp-Image-2025-04-07-at-14.21.53-1.jpeg","jetpack_sharing_enabled":true,"jetpack_shortlink":"https:\/\/wp.me\/pblv91-zX","_links":{"self":[{"href":"https:\/\/blogs.gazetaesportiva.com\/automobilismo\/wp-json\/wp\/v2\/posts\/2229","targetHints":{"allow":["GET"]}}],"collection":[{"href":"https:\/\/blogs.gazetaesportiva.com\/automobilismo\/wp-json\/wp\/v2\/posts"}],"about":[{"href":"https:\/\/blogs.gazetaesportiva.com\/automobilismo\/wp-json\/wp\/v2\/types\/post"}],"author":[{"embeddable":true,"href":"https:\/\/blogs.gazetaesportiva.com\/automobilismo\/wp-json\/wp\/v2\/users\/75"}],"replies":[{"embeddable":true,"href":"https:\/\/blogs.gazetaesportiva.com\/automobilismo\/wp-json\/wp\/v2\/comments?post=2229"}],"version-history":[{"count":0,"href":"https:\/\/blogs.gazetaesportiva.com\/automobilismo\/wp-json\/wp\/v2\/posts\/2229\/revisions"}],"wp:featuredmedia":[{"embeddable":true,"href":"https:\/\/blogs.gazetaesportiva.com\/automobilismo\/wp-json\/wp\/v2\/media\/2230"}],"wp:attachment":[{"href":"https:\/\/blogs.gazetaesportiva.com\/automobilismo\/wp-json\/wp\/v2\/media?parent=2229"}],"wp:term":[{"taxonomy":"category","embeddable":true,"href":"https:\/\/blogs.gazetaesportiva.com\/automobilismo\/wp-json\/wp\/v2\/categories?post=2229"},{"taxonomy":"post_tag","embeddable":true,"href":"https:\/\/blogs.gazetaesportiva.com\/automobilismo\/wp-json\/wp\/v2\/tags?post=2229"}],"curies":[{"name":"wp","href":"https:\/\/api.w.org\/{rel}","templated":true}]}}