{"id":2226,"date":"2025-04-03T12:39:44","date_gmt":"2025-04-03T12:39:44","guid":{"rendered":"https:\/\/blogs.gazetaesportiva.com\/automobilismo\/?p=2226"},"modified":"2025-04-03T12:39:44","modified_gmt":"2025-04-03T12:39:44","slug":"gianluca-petecof-defende-a-shell-pela-equipe-car-racing-ktf-na-stock-car-em-2025","status":"publish","type":"post","link":"https:\/\/blogs.gazetaesportiva.com\/automobilismo\/2025\/04\/03\/gianluca-petecof-defende-a-shell-pela-equipe-car-racing-ktf-na-stock-car-em-2025\/","title":{"rendered":"Gianluca Petecof defende a Shell pela equipe Car Racing KTF na Stock Car em 2025"},"content":{"rendered":"<p>Gianluca Petecof est\u00e1 de casa nova para sua terceira temporada completa na maior categoria do esporte a motor no Brasil. O piloto que completa uma d\u00e9cada competindo com as cores da Shell ter\u00e1 o carro #101 preparado pela equipe Car Racing KTF em 2025.<\/p>\n<figure id=\"attachment_2227\" aria-describedby=\"caption-attachment-2227\" style=\"width: 640px\" class=\"wp-caption alignnone\"><img loading=\"lazy\" decoding=\"async\" src=\"https:\/\/blogs.gazetaesportiva.com\/automobilismo\/files\/2025\/04\/@pitstopfilms-Gianluca_Release_2025-14_1-1024x683.jpg\" alt=\"Gianluca Petecof\" width=\"640\" height=\"427\" class=\"size-large wp-image-2227\" srcset=\"https:\/\/blogs.gazetaesportiva.com\/automobilismo\/files\/2025\/04\/@pitstopfilms-Gianluca_Release_2025-14_1-1024x683.jpg 1024w, https:\/\/blogs.gazetaesportiva.com\/automobilismo\/files\/2025\/04\/@pitstopfilms-Gianluca_Release_2025-14_1-300x200.jpg 300w, https:\/\/blogs.gazetaesportiva.com\/automobilismo\/files\/2025\/04\/@pitstopfilms-Gianluca_Release_2025-14_1-768x512.jpg 768w, https:\/\/blogs.gazetaesportiva.com\/automobilismo\/files\/2025\/04\/@pitstopfilms-Gianluca_Release_2025-14_1.jpg 1500w\" sizes=\"auto, (max-width: 640px) 100vw, 640px\" \/><figcaption id=\"caption-attachment-2227\" class=\"wp-caption-text\">Foto: Pit Stop Films<\/figcaption><\/figure>\n<p>Estreante do ano em 2023 e vencedor de corrida no ano passado, Petecof despontou na Stock Car depois de uma bem-sucedida carreira em monopostos na Europa. <\/p>\n<p>Pioneiro da Academia Shell Racing, ele foi adolescente representar a marca correndo de kart nos principais campeonatos no mundo. A performance chamou aten\u00e7\u00e3o da Ferrari Driver<br \/>\nAcademy e garantiu ao paulista de 22 anos tr\u00eas anos na laureada equipe Prema, a maior for\u00e7a das categorias de base na Europa.<\/p>\n<p>Em duas temporadas na F4, Petecof venceu seis corridas, terminando 2019 como vice-campe\u00e3o da F4 Italiana, a mais forte categoria da modalidade no mundo. No ano seguinte, subiu para a Formula Regional Europeia e levantou o t\u00edtulo em cima do seu companheiro de equipe Arthur Leclerc. A conquista rendeu \u00e0 \u00e9poca os pontos da superlicen\u00e7a para competir na F\u00f3rmula 1.<\/p>\n<p>Mas o impacto da pandemia no esporte a motor for\u00e7ou o piloto a retornar ao Brasil, ainda que tenha feito algumas provas pela F2 em 2021. Gianluca ent\u00e3o realizou uma temporada parcial e duas completas na Stock Car. Ele tem 59 corridas na categoria, com cinco p\u00f3dios e uma vit\u00f3ria, conquistada no ano passado no Velopark.<\/p>\n<p>A chegada de Petecof com a Shell \u00e0 Car Racing KTF coincide com o lan\u00e7amento dos carros da nova gera\u00e7\u00e3o na Stock Car. A temporada 2025 marca o ingresso de uma nova montadora, a Mitsubishi, bem como a estreia de SUVs na categoria.<\/p>\n<p>Os novos modelos foram entregues para as equipes na semana passada e come\u00e7aram a ser montados em vista \u00e0 abertura da temporada, marcada para o primeiro fim de semana de maio em Interlagos.<\/p>\n<p>&#8220;Grande mudan\u00e7a de equipe para 2025! Estarei com a CAR Racing KTF, uma equipe que apesar de nunca ter representado, conhe\u00e7o bem tanto pela Stock Car quanto por antes. Tenho uma boa rela\u00e7\u00e3o com o time e conhe\u00e7o seus profissionais e meus companheiros de equipe h\u00e1 tempos, pois corremos juntos no kart desde a categoria Mirim. \u00c9 um ambiente muito familiar e estou animado. Sabemos que a Stock Car \u00e9 uma categoria muito competitiva e s\u00f3 quero ter as melhores condi\u00e7\u00f5es e competir em um ambiente onde me sinta confort\u00e1vel para brigar por vit\u00f3rias e, quem sabe, um t\u00edtulo nos pr\u00f3ximos anos&#8221;, diz Petecof.<\/p>\n<p>&#8220;O ano de 2025 promete, com muitas novidades na Stock Car. Estamos muito motivados com a chegada de um piloto extremamente profissional como o Gianluca Petecof \u00e0 Car Racing KTF. Apesar de ter apenas 22 anos de idade, ele tem quilometragem no automobilismo de mais alto n\u00edvel mundial e isso ser\u00e1 importante para o desenvolvimento do carro novo junto com nosso time de engenharia. \u00c9 motivo de orgulho tamb\u00e9m preparar um carro com a marca Shell, um patrocinador tradicional no Brasil e no mundo, sempre associado a programas vencedores&#8221;, comenta Leandro Reis, chefe da Car Racing KTF.<\/p>\n<p>Com uma respeit\u00e1vel sede pr\u00f3pria em um complexo de mais de 3 mil metros quadrados em Cotia (SP), a equipe Car Racing KTF foi fundada em 2018 e rapidamente despontou como uma das organiza\u00e7\u00f5es mais exitosa do automobilismo brasileiro. O time conquistou tr\u00eas t\u00edtulos na Stock Light e m\u00faltiplas vit\u00f3rias na Stock Car, a mais recente delas justamente na \u00faltima corrida de 2024, em Interlagos. <\/p>\n","protected":false},"excerpt":{"rendered":"<p>Gianluca Petecof est\u00e1 de casa nova para sua terceira temporada completa na maior categoria do esporte a motor no Brasil. O piloto que completa uma <a class=\"read-more\" href=\"https:\/\/blogs.gazetaesportiva.com\/automobilismo\/2025\/04\/03\/gianluca-petecof-defende-a-shell-pela-equipe-car-racing-ktf-na-stock-car-em-2025\/\">leia mais<\/a><\/p>\n","protected":false},"author":75,"featured_media":2227,"comment_status":"open","ping_status":"open","sticky":false,"template":"","format":"standard","meta":{"jetpack_post_was_ever_published":false,"_jetpack_newsletter_access":"","_jetpack_dont_email_post_to_subs":false,"_jetpack_newsletter_tier_id":0,"_jetpack_memberships_contains_paywalled_content":false,"_jetpack_memberships_contains_paid_content":false,"footnotes":"","jetpack_publicize_message":"","jetpack_publicize_feature_enabled":true,"jetpack_social_post_already_shared":false,"jetpack_social_options":{"image_generator_settings":{"template":"highway","default_image_id":0,"font":"","enabled":false},"version":2}},"categories":[1],"tags":[],"class_list":["post-2226","post","type-post","status-publish","format-standard","has-post-thumbnail","hentry","category-sem-categoria"],"jetpack_publicize_connections":[],"jetpack_featured_media_url":"https:\/\/blogs.gazetaesportiva.com\/automobilismo\/files\/2025\/04\/@pitstopfilms-Gianluca_Release_2025-14_1.jpg","jetpack_sharing_enabled":true,"jetpack_shortlink":"https:\/\/wp.me\/pblv91-zU","_links":{"self":[{"href":"https:\/\/blogs.gazetaesportiva.com\/automobilismo\/wp-json\/wp\/v2\/posts\/2226","targetHints":{"allow":["GET"]}}],"collection":[{"href":"https:\/\/blogs.gazetaesportiva.com\/automobilismo\/wp-json\/wp\/v2\/posts"}],"about":[{"href":"https:\/\/blogs.gazetaesportiva.com\/automobilismo\/wp-json\/wp\/v2\/types\/post"}],"author":[{"embeddable":true,"href":"https:\/\/blogs.gazetaesportiva.com\/automobilismo\/wp-json\/wp\/v2\/users\/75"}],"replies":[{"embeddable":true,"href":"https:\/\/blogs.gazetaesportiva.com\/automobilismo\/wp-json\/wp\/v2\/comments?post=2226"}],"version-history":[{"count":0,"href":"https:\/\/blogs.gazetaesportiva.com\/automobilismo\/wp-json\/wp\/v2\/posts\/2226\/revisions"}],"wp:featuredmedia":[{"embeddable":true,"href":"https:\/\/blogs.gazetaesportiva.com\/automobilismo\/wp-json\/wp\/v2\/media\/2227"}],"wp:attachment":[{"href":"https:\/\/blogs.gazetaesportiva.com\/automobilismo\/wp-json\/wp\/v2\/media?parent=2226"}],"wp:term":[{"taxonomy":"category","embeddable":true,"href":"https:\/\/blogs.gazetaesportiva.com\/automobilismo\/wp-json\/wp\/v2\/categories?post=2226"},{"taxonomy":"post_tag","embeddable":true,"href":"https:\/\/blogs.gazetaesportiva.com\/automobilismo\/wp-json\/wp\/v2\/tags?post=2226"}],"curies":[{"name":"wp","href":"https:\/\/api.w.org\/{rel}","templated":true}]}}