{"id":2224,"date":"2025-04-02T20:14:39","date_gmt":"2025-04-02T20:14:39","guid":{"rendered":"https:\/\/blogs.gazetaesportiva.com\/automobilismo\/?p=2224"},"modified":"2025-04-02T20:14:39","modified_gmt":"2025-04-02T20:14:39","slug":"irmaos-fittipaldi-duelam-nas-pistas-pela-primeira-vez-no-elms-em-barcelona","status":"publish","type":"post","link":"https:\/\/blogs.gazetaesportiva.com\/automobilismo\/2025\/04\/02\/irmaos-fittipaldi-duelam-nas-pistas-pela-primeira-vez-no-elms-em-barcelona\/","title":{"rendered":"Irm\u00e3os Fittipaldi duelam nas pistas pela primeira vez no ELMS em Barcelona"},"content":{"rendered":"<p>Os irm\u00e3os Pietro e Enzo Fittipaldi v\u00e3o ser advers\u00e1rios em uma corrida oficial pela primeira vez em suas carreiras. A disputa ser\u00e1 na etapa de abertura do European Le Mans Series (ELMS), que vai ocorrer neste domingo em Barcelona, na Espanha. Ambos correr\u00e3o pela classe LMP2, a principal da competi\u00e7\u00e3o, mas estar\u00e3o em times diferentes.<\/p>\n<figure id=\"attachment_2225\" aria-describedby=\"caption-attachment-2225\" style=\"width: 1000px\" class=\"wp-caption alignnone\"><img loading=\"lazy\" decoding=\"async\" src=\"https:\/\/blogs.gazetaesportiva.com\/automobilismo\/files\/2025\/04\/WhatsApp-Image-2025-04-02-at-16.57.53_1.jpg\" alt=\"Enzo Fittipaldi\" width=\"1000\" height=\"533\" class=\"size-full wp-image-2225\" srcset=\"https:\/\/blogs.gazetaesportiva.com\/automobilismo\/files\/2025\/04\/WhatsApp-Image-2025-04-02-at-16.57.53_1.jpg 1000w, https:\/\/blogs.gazetaesportiva.com\/automobilismo\/files\/2025\/04\/WhatsApp-Image-2025-04-02-at-16.57.53_1-300x160.jpg 300w, https:\/\/blogs.gazetaesportiva.com\/automobilismo\/files\/2025\/04\/WhatsApp-Image-2025-04-02-at-16.57.53_1-768x409.jpg 768w\" sizes=\"auto, (max-width: 1000px) 100vw, 1000px\" \/><figcaption id=\"caption-attachment-2225\" class=\"wp-caption-text\">Foto: divulga\u00e7\u00e3o<\/figcaption><\/figure>\n<p>Pietro vai guiar o carro n\u00famero 10 da Vector Sport ao lado dos companheiros o irland\u00eas Ryan Cullen e o franc\u00eas Vladislav Lomko. \u201cEstou feliz em voltar ao ELMS, uma categoria bem competitiva e ainda vai ter essa novidade de correr na mesma prova com o Enzo. Com certeza v\u00e3o ser boas disputas e estou bem animado para etapa. N\u00f3s fizemos o pr\u00f3logo neste come\u00e7o de semana e foi importante para analisar o comportamento do carro\u201d, diz Pietro, que tem os patroc\u00ednios de Claro, OAKBERRY, PneuStore, Baterias Moura e Stake\/Kick.<\/p>\n<p>Enzo, por sua vez, faz sua estreia em prot\u00f3tipos defendendo a CLX Motorsport no campeonato europeu. Ap\u00f3s v\u00e1rias conquistas nos f\u00f3rmulas, este ser\u00e1 o primeiro carro de cockpit fechado que o piloto brasileiro vai guiar. O \u201ctubar\u00e3ozinho\u201d, como \u00e9 carinhosamente conhecido, ter\u00e1 o compatriota Pipo Derani e o portugu\u00eas Manuel Esp\u00edrito Santo como companheiros de equipe no carro 47.<\/p>\n<p>\u201cO entrosamento com o Pipo e o Manuel tem sido bastante r\u00e1pido. Tenho aprendido muito sobre o carro, s\u00e3o v\u00e1rias novidades para mim, mas com certeza vai ser uma temporada bem especial. Ainda tem esse fato de correr na mesma prova que o meu irm\u00e3o. Ele \u00e9 sempre muito r\u00e1pido e j\u00e1 conhece bem o LMP2, mas espero terminar frente dele\u201d, brincou Enzo.<\/p>\n<p>A programa\u00e7\u00e3o ser\u00e1 iniciada na sexta-feira (4) com os treinos livres e segue no s\u00e1bado, com mais um treino e a classifica\u00e7\u00e3o. As 4 Horas de Barcelona ser\u00e3o disputadas \u00e0s 7h de domingo, com transmiss\u00e3o para o Brasil no canal Fittipaldi Brothers, no YouTube.<\/p>\n","protected":false},"excerpt":{"rendered":"<p>Os irm\u00e3os Pietro e Enzo Fittipaldi v\u00e3o ser advers\u00e1rios em uma corrida oficial pela primeira vez em suas carreiras. A disputa ser\u00e1 na etapa de <a class=\"read-more\" href=\"https:\/\/blogs.gazetaesportiva.com\/automobilismo\/2025\/04\/02\/irmaos-fittipaldi-duelam-nas-pistas-pela-primeira-vez-no-elms-em-barcelona\/\">leia mais<\/a><\/p>\n","protected":false},"author":75,"featured_media":2225,"comment_status":"open","ping_status":"open","sticky":false,"template":"","format":"standard","meta":{"jetpack_post_was_ever_published":false,"_jetpack_newsletter_access":"","_jetpack_dont_email_post_to_subs":false,"_jetpack_newsletter_tier_id":0,"_jetpack_memberships_contains_paywalled_content":false,"_jetpack_memberships_contains_paid_content":false,"footnotes":"","jetpack_publicize_message":"","jetpack_publicize_feature_enabled":true,"jetpack_social_post_already_shared":false,"jetpack_social_options":{"image_generator_settings":{"template":"highway","default_image_id":0,"font":"","enabled":false},"version":2}},"categories":[1],"tags":[],"class_list":["post-2224","post","type-post","status-publish","format-standard","has-post-thumbnail","hentry","category-sem-categoria"],"jetpack_publicize_connections":[],"jetpack_featured_media_url":"https:\/\/blogs.gazetaesportiva.com\/automobilismo\/files\/2025\/04\/WhatsApp-Image-2025-04-02-at-16.57.53_1.jpg","jetpack_sharing_enabled":true,"jetpack_shortlink":"https:\/\/wp.me\/pblv91-zS","_links":{"self":[{"href":"https:\/\/blogs.gazetaesportiva.com\/automobilismo\/wp-json\/wp\/v2\/posts\/2224","targetHints":{"allow":["GET"]}}],"collection":[{"href":"https:\/\/blogs.gazetaesportiva.com\/automobilismo\/wp-json\/wp\/v2\/posts"}],"about":[{"href":"https:\/\/blogs.gazetaesportiva.com\/automobilismo\/wp-json\/wp\/v2\/types\/post"}],"author":[{"embeddable":true,"href":"https:\/\/blogs.gazetaesportiva.com\/automobilismo\/wp-json\/wp\/v2\/users\/75"}],"replies":[{"embeddable":true,"href":"https:\/\/blogs.gazetaesportiva.com\/automobilismo\/wp-json\/wp\/v2\/comments?post=2224"}],"version-history":[{"count":0,"href":"https:\/\/blogs.gazetaesportiva.com\/automobilismo\/wp-json\/wp\/v2\/posts\/2224\/revisions"}],"wp:featuredmedia":[{"embeddable":true,"href":"https:\/\/blogs.gazetaesportiva.com\/automobilismo\/wp-json\/wp\/v2\/media\/2225"}],"wp:attachment":[{"href":"https:\/\/blogs.gazetaesportiva.com\/automobilismo\/wp-json\/wp\/v2\/media?parent=2224"}],"wp:term":[{"taxonomy":"category","embeddable":true,"href":"https:\/\/blogs.gazetaesportiva.com\/automobilismo\/wp-json\/wp\/v2\/categories?post=2224"},{"taxonomy":"post_tag","embeddable":true,"href":"https:\/\/blogs.gazetaesportiva.com\/automobilismo\/wp-json\/wp\/v2\/tags?post=2224"}],"curies":[{"name":"wp","href":"https:\/\/api.w.org\/{rel}","templated":true}]}}