{"id":2222,"date":"2025-04-02T17:57:14","date_gmt":"2025-04-02T17:57:14","guid":{"rendered":"https:\/\/blogs.gazetaesportiva.com\/automobilismo\/?p=2222"},"modified":"2025-04-02T17:57:14","modified_gmt":"2025-04-02T17:57:14","slug":"piloto-toyota-gazoo-racing-na-stock-car-arthur-gama-recebe-toyota-corolla-para-guiar-nas-ruas","status":"publish","type":"post","link":"https:\/\/blogs.gazetaesportiva.com\/automobilismo\/2025\/04\/02\/piloto-toyota-gazoo-racing-na-stock-car-arthur-gama-recebe-toyota-corolla-para-guiar-nas-ruas\/","title":{"rendered":"Piloto TOYOTA GAZOO Racing na Stock Car, Arthur Gama recebe Toyota Corolla para guiar nas ruas"},"content":{"rendered":"<p>Prestes a iniciar sua primeira temporada na Stock Car com a TOYOTA GAZOO Racing (TGR), Arthur Gama ganhou um incentivo extra para o campeonato deste ano. O piloto, que vai guiar o Toyota Corolla Cross preparado pela Full Time Sports na principal categoria do esporte a motor brasileiro, foi presenteado com um Corolla GR-Sport na f\u00e1brica da Toyota, em Sorocaba (SP), para se locomover durante o ano nas ruas e estradas do Brasil.<\/p>\n<figure id=\"attachment_2223\" aria-describedby=\"caption-attachment-2223\" style=\"width: 640px\" class=\"wp-caption alignnone\"><img loading=\"lazy\" decoding=\"async\" src=\"https:\/\/blogs.gazetaesportiva.com\/automobilismo\/files\/2025\/04\/RafaCatelan_ArthurGarma_GazooRacing2025-62098-1024x681.jpg\" alt=\"Arthur Gama\" width=\"640\" height=\"426\" class=\"size-large wp-image-2223\" srcset=\"https:\/\/blogs.gazetaesportiva.com\/automobilismo\/files\/2025\/04\/RafaCatelan_ArthurGarma_GazooRacing2025-62098-1024x681.jpg 1024w, https:\/\/blogs.gazetaesportiva.com\/automobilismo\/files\/2025\/04\/RafaCatelan_ArthurGarma_GazooRacing2025-62098-300x200.jpg 300w, https:\/\/blogs.gazetaesportiva.com\/automobilismo\/files\/2025\/04\/RafaCatelan_ArthurGarma_GazooRacing2025-62098-768x511.jpg 768w, https:\/\/blogs.gazetaesportiva.com\/automobilismo\/files\/2025\/04\/RafaCatelan_ArthurGarma_GazooRacing2025-62098-1536x1022.jpg 1536w, https:\/\/blogs.gazetaesportiva.com\/automobilismo\/files\/2025\/04\/RafaCatelan_ArthurGarma_GazooRacing2025-62098-2048x1363.jpg 2048w\" sizes=\"auto, (max-width: 640px) 100vw, 640px\" \/><figcaption id=\"caption-attachment-2223\" class=\"wp-caption-text\">Foto: Rafa Catelan<\/figcaption><\/figure>\n<p>Atual campe\u00e3o da Stock Light, principal categoria de acesso \u00e0 Stock Car, Gama recebeu as chaves do Toyota Corolla GR-Sport das m\u00e3os de Daniel Grespan, l\u00edder do projeto TOYOTA GAZOO Racing no Brasil. O piloto agradeceu ao time TGR e refor\u00e7ou o desejo de fazer uma boa temporada de estreia na categoria m\u00e1xima do automobilismo nacional.<\/p>\n<p>\u201cEstou muito feliz com a recep\u00e7\u00e3o que tive da TOYOTA GAZOO Racing e todos os membros da f\u00e1brica. Agrade\u00e7o a confian\u00e7a do Daniel (Grespan) e de todos em meu trabalho para representar uma fabricante t\u00e3o importante na Stock Car. E tamb\u00e9m pelo Corolla GR-Sport que vou dirigir nas ruas neste ano. Vou trabalhar duro para que este seja um ano de conquistas junto da TGR nas pistas\u201d, disse Arthur Gama.<\/p>\n<p>Durante a visita na sede da Toyota, Grespan mostrou caracter\u00edsticas do Corolla GR-Sport ao novo piloto da equipe Full Time Sports. O l\u00edder do projeto TGR no Brasil ainda destacou as qualidades do jovem piloto, e revelou boas expectativas para a primeira temporada do ga\u00facho na Stock Car.<\/p>\n<p>\u201cO Arthur mostrou todo o valor que ele tem na Stock Light, dominando a \u00faltima temporada, e estamos oferecendo a ele a oportunidade de chegar da categoria de base para competir com grandes pilotos experientes, como \u00e9 o caso do JP de Oliveira, companheiro de equipe dele, que est\u00e1 vindo do Jap\u00e3o. Assim, nossa expectativa sobre o Arthur \u00e9 muito boa. Esperamos por um ano interessante por conta da nova gera\u00e7\u00e3o dos carros. Todos os pilotos v\u00e3o partir do zero praticamente ao mesmo tempo\u201d, disse Grespan.<\/p>\n<p>A temporada 2025 da Stock Car ser\u00e1 iniciada no dia 4 de maio, com a disputa da etapa de S\u00e3o Paulo, marcada para o Aut\u00f3dromo de Interlagos.<\/p>\n","protected":false},"excerpt":{"rendered":"<p>Prestes a iniciar sua primeira temporada na Stock Car com a TOYOTA GAZOO Racing (TGR), Arthur Gama ganhou um incentivo extra para o campeonato deste <a class=\"read-more\" href=\"https:\/\/blogs.gazetaesportiva.com\/automobilismo\/2025\/04\/02\/piloto-toyota-gazoo-racing-na-stock-car-arthur-gama-recebe-toyota-corolla-para-guiar-nas-ruas\/\">leia mais<\/a><\/p>\n","protected":false},"author":75,"featured_media":2223,"comment_status":"open","ping_status":"open","sticky":false,"template":"","format":"standard","meta":{"jetpack_post_was_ever_published":false,"_jetpack_newsletter_access":"","_jetpack_dont_email_post_to_subs":false,"_jetpack_newsletter_tier_id":0,"_jetpack_memberships_contains_paywalled_content":false,"_jetpack_memberships_contains_paid_content":false,"footnotes":"","jetpack_publicize_message":"","jetpack_publicize_feature_enabled":true,"jetpack_social_post_already_shared":false,"jetpack_social_options":{"image_generator_settings":{"template":"highway","default_image_id":0,"font":"","enabled":false},"version":2}},"categories":[1],"tags":[],"class_list":["post-2222","post","type-post","status-publish","format-standard","has-post-thumbnail","hentry","category-sem-categoria"],"jetpack_publicize_connections":[],"jetpack_featured_media_url":"https:\/\/blogs.gazetaesportiva.com\/automobilismo\/files\/2025\/04\/RafaCatelan_ArthurGarma_GazooRacing2025-62098-scaled.jpg","jetpack_sharing_enabled":true,"jetpack_shortlink":"https:\/\/wp.me\/pblv91-zQ","_links":{"self":[{"href":"https:\/\/blogs.gazetaesportiva.com\/automobilismo\/wp-json\/wp\/v2\/posts\/2222","targetHints":{"allow":["GET"]}}],"collection":[{"href":"https:\/\/blogs.gazetaesportiva.com\/automobilismo\/wp-json\/wp\/v2\/posts"}],"about":[{"href":"https:\/\/blogs.gazetaesportiva.com\/automobilismo\/wp-json\/wp\/v2\/types\/post"}],"author":[{"embeddable":true,"href":"https:\/\/blogs.gazetaesportiva.com\/automobilismo\/wp-json\/wp\/v2\/users\/75"}],"replies":[{"embeddable":true,"href":"https:\/\/blogs.gazetaesportiva.com\/automobilismo\/wp-json\/wp\/v2\/comments?post=2222"}],"version-history":[{"count":0,"href":"https:\/\/blogs.gazetaesportiva.com\/automobilismo\/wp-json\/wp\/v2\/posts\/2222\/revisions"}],"wp:featuredmedia":[{"embeddable":true,"href":"https:\/\/blogs.gazetaesportiva.com\/automobilismo\/wp-json\/wp\/v2\/media\/2223"}],"wp:attachment":[{"href":"https:\/\/blogs.gazetaesportiva.com\/automobilismo\/wp-json\/wp\/v2\/media?parent=2222"}],"wp:term":[{"taxonomy":"category","embeddable":true,"href":"https:\/\/blogs.gazetaesportiva.com\/automobilismo\/wp-json\/wp\/v2\/categories?post=2222"},{"taxonomy":"post_tag","embeddable":true,"href":"https:\/\/blogs.gazetaesportiva.com\/automobilismo\/wp-json\/wp\/v2\/tags?post=2222"}],"curies":[{"name":"wp","href":"https:\/\/api.w.org\/{rel}","templated":true}]}}