{"id":2219,"date":"2025-04-02T17:19:45","date_gmt":"2025-04-02T17:19:45","guid":{"rendered":"https:\/\/blogs.gazetaesportiva.com\/automobilismo\/?p=2219"},"modified":"2025-04-02T17:21:21","modified_gmt":"2025-04-02T17:21:21","slug":"novidade-na-red-bull-e-contagem-regressiva-para-stock-car-em-destaque-na-tv-gazeta","status":"publish","type":"post","link":"https:\/\/blogs.gazetaesportiva.com\/automobilismo\/2025\/04\/02\/novidade-na-red-bull-e-contagem-regressiva-para-stock-car-em-destaque-na-tv-gazeta\/","title":{"rendered":"Novidade na Red Bull e contagem regressiva para Stock Car em destaque na TV Gazeta"},"content":{"rendered":"<p>O Momento Velocidade desta ter\u00e7a no Gazeta Esportiva na TV Gazeta trouxe a expectativa para o GP do Jap\u00e3o de F1, onde Yuki Tsunoda far\u00e1 sua estreia como companheiro de equipe de Max Verstappen.<\/p>\n<figure id=\"attachment_2220\" aria-describedby=\"caption-attachment-2220\" style=\"width: 640px\" class=\"wp-caption alignnone\"><img loading=\"lazy\" decoding=\"async\" src=\"https:\/\/blogs.gazetaesportiva.com\/automobilismo\/files\/2025\/04\/SI202503230224-1024x683.jpg\" alt=\"Yuki Tsunoda\" width=\"640\" height=\"427\" class=\"size-large wp-image-2220\" srcset=\"https:\/\/blogs.gazetaesportiva.com\/automobilismo\/files\/2025\/04\/SI202503230224-1024x683.jpg 1024w, https:\/\/blogs.gazetaesportiva.com\/automobilismo\/files\/2025\/04\/SI202503230224-300x200.jpg 300w, https:\/\/blogs.gazetaesportiva.com\/automobilismo\/files\/2025\/04\/SI202503230224-768x512.jpg 768w, https:\/\/blogs.gazetaesportiva.com\/automobilismo\/files\/2025\/04\/SI202503230224-1536x1024.jpg 1536w, https:\/\/blogs.gazetaesportiva.com\/automobilismo\/files\/2025\/04\/SI202503230224-2048x1365.jpg 2048w\" sizes=\"auto, (max-width: 640px) 100vw, 640px\" \/><figcaption id=\"caption-attachment-2220\" class=\"wp-caption-text\">Foto: Getty Images\/Red Bull Content Pool<\/figcaption><\/figure>\n<p>O mau desempenho de Liam Lawson nas 2 primeiras etapas fizeram a Red Bull trocar de piloto j\u00e1 para o GP do Jap\u00e3o no domingo. Ser\u00e1 que o novo companheiro de equipe ajuda Verstappen a derrubar o favoritismo da McLaren em Suzuka?<\/p>\n<figure id=\"attachment_1756\" aria-describedby=\"caption-attachment-1756\" style=\"width: 1024px\" class=\"wp-caption alignnone\"><img loading=\"lazy\" decoding=\"async\" src=\"https:\/\/blogs.gazetaesportiva.com\/automobilismo\/files\/2024\/08\/anexos_checkurl.jpg\" alt=\"Ingo Hoffmann\" width=\"1024\" height=\"683\" class=\"size-full wp-image-1756\" srcset=\"https:\/\/blogs.gazetaesportiva.com\/automobilismo\/files\/2024\/08\/anexos_checkurl.jpg 1024w, https:\/\/blogs.gazetaesportiva.com\/automobilismo\/files\/2024\/08\/anexos_checkurl-300x200.jpg 300w, https:\/\/blogs.gazetaesportiva.com\/automobilismo\/files\/2024\/08\/anexos_checkurl-768x512.jpg 768w\" sizes=\"auto, (max-width: 1024px) 100vw, 1024px\" \/><figcaption id=\"caption-attachment-1756\" class=\"wp-caption-text\">Divulga\u00e7\u00e3o\/RF1<\/figcaption><\/figure>\n<p>No Brasil, j\u00e1 estamos na contagem regressiva para a Stock Car, que come\u00e7a daqui um m\u00eas em Interlagos. Eu entrevistei o Ingo Hoffmann, recordista com 12 vezes t\u00edtulos da Stock e que ajudou a Hipperfreios a desenvolver o freio do novo carro que estreia em 2025. Conta pra gente, Ingo:<\/p>\n<p><iframe loading=\"lazy\" title=\"Novidade na F\u00f3rmula 1 + contagem regressiva para a Stock Car | MOMENTO VELOCIDADE (01\/04\/25)\" width=\"640\" height=\"360\" src=\"https:\/\/www.youtube.com\/embed\/bSm_V9Vwsfc?feature=oembed\" frameborder=\"0\" allow=\"accelerometer; autoplay; clipboard-write; encrypted-media; gyroscope; picture-in-picture; web-share\" referrerpolicy=\"strict-origin-when-cross-origin\" allowfullscreen><\/iframe><\/p>\n<p>Al\u00e9m de lenda da Stock Car, a gente conversou com Felipe Baptista, que vai competir na Car Racing St\u00earling no carro da BV Financeira. A expectativa \u00e9 alta, j\u00e1 que o Felipe foi a grande revela\u00e7\u00e3o de 2024 e chegou com chances de ser campe\u00e3o na etapa final de Interlagos.<\/p>\n<figure id=\"attachment_2221\" aria-describedby=\"caption-attachment-2221\" style=\"width: 640px\" class=\"wp-caption alignnone\"><img loading=\"lazy\" decoding=\"async\" src=\"https:\/\/blogs.gazetaesportiva.com\/automobilismo\/files\/2025\/04\/6125798f-cd9b-42b3-9c84-b4ea0647fa5b_felipebaptista.jpg-1024x683.jpg\" alt=\"Felipe Baptista\" width=\"640\" height=\"427\" class=\"size-large wp-image-2221\" srcset=\"https:\/\/blogs.gazetaesportiva.com\/automobilismo\/files\/2025\/04\/6125798f-cd9b-42b3-9c84-b4ea0647fa5b_felipebaptista.jpg-1024x683.jpg 1024w, https:\/\/blogs.gazetaesportiva.com\/automobilismo\/files\/2025\/04\/6125798f-cd9b-42b3-9c84-b4ea0647fa5b_felipebaptista.jpg-300x200.jpg 300w, https:\/\/blogs.gazetaesportiva.com\/automobilismo\/files\/2025\/04\/6125798f-cd9b-42b3-9c84-b4ea0647fa5b_felipebaptista.jpg-768x512.jpg 768w, https:\/\/blogs.gazetaesportiva.com\/automobilismo\/files\/2025\/04\/6125798f-cd9b-42b3-9c84-b4ea0647fa5b_felipebaptista.jpg.jpg 1152w\" sizes=\"auto, (max-width: 640px) 100vw, 640px\" \/><figcaption id=\"caption-attachment-2221\" class=\"wp-caption-text\">Foto: divulga\u00e7\u00e3o<\/figcaption><\/figure>\n<p>E a gente abre espa\u00e7o para as estrelas do kart no Brasil e para as mulheres que aceleram, como a Marcella Assump\u00e7\u00e3o. Ela abriu 2025 ganhando tr\u00eas corridas na Copa S\u00e3o Paulo Bradesco de Kart e agora est\u00e1 iniciando sua carreira na It\u00e1lia e ela conta a diferen\u00e7a destes dois campeonatos.<\/p>\n<figure id=\"attachment_2140\" aria-describedby=\"caption-attachment-2140\" style=\"width: 640px\" class=\"wp-caption alignnone\"><img loading=\"lazy\" decoding=\"async\" src=\"https:\/\/blogs.gazetaesportiva.com\/automobilismo\/files\/2025\/03\/WhatsApp-Image-2025-03-17-at-20.04.55-1024x683.jpeg\" alt=\"Marcella Assump\u00e7\u00e3o\" width=\"640\" height=\"427\" class=\"size-large wp-image-2140\" srcset=\"https:\/\/blogs.gazetaesportiva.com\/automobilismo\/files\/2025\/03\/WhatsApp-Image-2025-03-17-at-20.04.55-1024x683.jpeg 1024w, https:\/\/blogs.gazetaesportiva.com\/automobilismo\/files\/2025\/03\/WhatsApp-Image-2025-03-17-at-20.04.55-300x200.jpeg 300w, https:\/\/blogs.gazetaesportiva.com\/automobilismo\/files\/2025\/03\/WhatsApp-Image-2025-03-17-at-20.04.55-768x512.jpeg 768w, https:\/\/blogs.gazetaesportiva.com\/automobilismo\/files\/2025\/03\/WhatsApp-Image-2025-03-17-at-20.04.55.jpeg 1280w\" sizes=\"auto, (max-width: 640px) 100vw, 640px\" \/><figcaption id=\"caption-attachment-2140\" class=\"wp-caption-text\">Foto: divulga\u00e7\u00e3o<\/figcaption><\/figure>\n<p>A reportagem completa com ela voc\u00ea v\u00ea neste domingo no Momento Velocidade, que traz tamb\u00e9m os vencedores da Copa SP!<\/p>\n","protected":false},"excerpt":{"rendered":"<p>O Momento Velocidade desta ter\u00e7a no Gazeta Esportiva na TV Gazeta trouxe a expectativa para o GP do Jap\u00e3o de F1, onde Yuki Tsunoda far\u00e1 <a class=\"read-more\" href=\"https:\/\/blogs.gazetaesportiva.com\/automobilismo\/2025\/04\/02\/novidade-na-red-bull-e-contagem-regressiva-para-stock-car-em-destaque-na-tv-gazeta\/\">leia mais<\/a><\/p>\n","protected":false},"author":75,"featured_media":2220,"comment_status":"open","ping_status":"open","sticky":false,"template":"","format":"standard","meta":{"jetpack_post_was_ever_published":false,"_jetpack_newsletter_access":"","_jetpack_dont_email_post_to_subs":false,"_jetpack_newsletter_tier_id":0,"_jetpack_memberships_contains_paywalled_content":false,"_jetpack_memberships_contains_paid_content":false,"footnotes":"","jetpack_publicize_message":"","jetpack_publicize_feature_enabled":true,"jetpack_social_post_already_shared":false,"jetpack_social_options":{"image_generator_settings":{"template":"highway","default_image_id":0,"font":"","enabled":false},"version":2}},"categories":[1],"tags":[],"class_list":["post-2219","post","type-post","status-publish","format-standard","has-post-thumbnail","hentry","category-sem-categoria"],"jetpack_publicize_connections":[],"jetpack_featured_media_url":"https:\/\/blogs.gazetaesportiva.com\/automobilismo\/files\/2025\/04\/SI202503230224-scaled.jpg","jetpack_sharing_enabled":true,"jetpack_shortlink":"https:\/\/wp.me\/pblv91-zN","_links":{"self":[{"href":"https:\/\/blogs.gazetaesportiva.com\/automobilismo\/wp-json\/wp\/v2\/posts\/2219","targetHints":{"allow":["GET"]}}],"collection":[{"href":"https:\/\/blogs.gazetaesportiva.com\/automobilismo\/wp-json\/wp\/v2\/posts"}],"about":[{"href":"https:\/\/blogs.gazetaesportiva.com\/automobilismo\/wp-json\/wp\/v2\/types\/post"}],"author":[{"embeddable":true,"href":"https:\/\/blogs.gazetaesportiva.com\/automobilismo\/wp-json\/wp\/v2\/users\/75"}],"replies":[{"embeddable":true,"href":"https:\/\/blogs.gazetaesportiva.com\/automobilismo\/wp-json\/wp\/v2\/comments?post=2219"}],"version-history":[{"count":0,"href":"https:\/\/blogs.gazetaesportiva.com\/automobilismo\/wp-json\/wp\/v2\/posts\/2219\/revisions"}],"wp:featuredmedia":[{"embeddable":true,"href":"https:\/\/blogs.gazetaesportiva.com\/automobilismo\/wp-json\/wp\/v2\/media\/2220"}],"wp:attachment":[{"href":"https:\/\/blogs.gazetaesportiva.com\/automobilismo\/wp-json\/wp\/v2\/media?parent=2219"}],"wp:term":[{"taxonomy":"category","embeddable":true,"href":"https:\/\/blogs.gazetaesportiva.com\/automobilismo\/wp-json\/wp\/v2\/categories?post=2219"},{"taxonomy":"post_tag","embeddable":true,"href":"https:\/\/blogs.gazetaesportiva.com\/automobilismo\/wp-json\/wp\/v2\/tags?post=2219"}],"curies":[{"name":"wp","href":"https:\/\/api.w.org\/{rel}","templated":true}]}}