{"id":2215,"date":"2025-04-02T16:46:24","date_gmt":"2025-04-02T16:46:24","guid":{"rendered":"https:\/\/blogs.gazetaesportiva.com\/automobilismo\/?p=2215"},"modified":"2025-04-02T16:46:24","modified_gmt":"2025-04-02T16:46:24","slug":"porsche-cup-apos-mostrar-evolucao-na-estreia-paulo-reales-busca-resultados-positivos-no-velocitta","status":"publish","type":"post","link":"https:\/\/blogs.gazetaesportiva.com\/automobilismo\/2025\/04\/02\/porsche-cup-apos-mostrar-evolucao-na-estreia-paulo-reales-busca-resultados-positivos-no-velocitta\/","title":{"rendered":"Porsche Cup: ap\u00f3s mostrar evolu\u00e7\u00e3o na estreia, Paulo Reales busca resultados positivos no Velocitta"},"content":{"rendered":"<p>A temporada 2025 da Porsche Cup ter\u00e1 sequ\u00eancia neste final de semana, e Paulo Reales espera seguir o processo de evolu\u00e7\u00e3o na segunda etapa do campeonato da Sprint Trophy, marcada para o Velocitta, aut\u00f3dromo localizado em Mogi Gua\u00e7u (SP). O piloto faz sua estreia no automobilismo ap\u00f3s anos de dedica\u00e7\u00e3o aos karts e visa um desempenho melhor na segunda passagem da categoria pelo interior paulista.<\/p>\n<figure id=\"attachment_2216\" aria-describedby=\"caption-attachment-2216\" style=\"width: 640px\" class=\"wp-caption alignnone\"><img loading=\"lazy\" decoding=\"async\" src=\"https:\/\/blogs.gazetaesportiva.com\/automobilismo\/files\/2025\/04\/WhatsApp-Image-2025-03-25-at-14.33.52-1024x683.jpeg\" alt=\"Paulo Reales\" width=\"640\" height=\"427\" class=\"size-large wp-image-2216\" srcset=\"https:\/\/blogs.gazetaesportiva.com\/automobilismo\/files\/2025\/04\/WhatsApp-Image-2025-03-25-at-14.33.52-1024x683.jpeg 1024w, https:\/\/blogs.gazetaesportiva.com\/automobilismo\/files\/2025\/04\/WhatsApp-Image-2025-03-25-at-14.33.52-300x200.jpeg 300w, https:\/\/blogs.gazetaesportiva.com\/automobilismo\/files\/2025\/04\/WhatsApp-Image-2025-03-25-at-14.33.52-768x512.jpeg 768w, https:\/\/blogs.gazetaesportiva.com\/automobilismo\/files\/2025\/04\/WhatsApp-Image-2025-03-25-at-14.33.52-1536x1024.jpeg 1536w, https:\/\/blogs.gazetaesportiva.com\/automobilismo\/files\/2025\/04\/WhatsApp-Image-2025-03-25-at-14.33.52-2048x1365.jpeg 2048w\" sizes=\"auto, (max-width: 640px) 100vw, 640px\" \/><figcaption id=\"caption-attachment-2216\" class=\"wp-caption-text\">Foto: Serj\u00e3o Soares<\/figcaption><\/figure>\n<p>Reales mostrou crescimento ao longo das atividades da primeira etapa do campeonato, disputada h\u00e1 duas semanas, melhorando seus tempos de volta em dez segundos. Na corrida, um problema de press\u00e3o de \u00f3leo em seu carro o impediu de completar a disputa. Mais adaptado ao carro e tamb\u00e9m ao circuito de 3.493 metros, o piloto do Porsche numeral 11 espera ter um desempenho ainda melhor neste final de semana.<\/p>\n<p>\u201cVou chegar para esta segunda etapa da Porsche Cup empolgado por conta do aprendizado que tivemos na abertura do campeonato. Tive uma boa evolu\u00e7\u00e3o ao longo da primeira etapa, e acumulei muita quilometragem em um circuito em que eu nunca tinha andado. Nosso objetivo agora \u00e9 seguir evoluindo para brigar por bons resultados\u201d, disse Paulo Reales, que tem o patroc\u00ednio de Sterling.<\/p>\n<p>A programa\u00e7\u00e3o da categoria Sprint Trophy da Porsche Cup em Mogi Gua\u00e7u ter\u00e1 in\u00edcio na sexta-feira (4) com um \u00fanico treino livre, \u00e0s 15h30. O s\u00e1bado ter\u00e1 mais um ensaio, \u00e0s 11h15, e a classifica\u00e7\u00e3o, a partir das 17h30. A \u00fanica corrida do final de semana ser\u00e1 disputada a partir das 9h15 de domingo, e contar\u00e1 com transmiss\u00e3o do YouTube.<\/p>\n","protected":false},"excerpt":{"rendered":"<p>A temporada 2025 da Porsche Cup ter\u00e1 sequ\u00eancia neste final de semana, e Paulo Reales espera seguir o processo de evolu\u00e7\u00e3o na segunda etapa do <a class=\"read-more\" href=\"https:\/\/blogs.gazetaesportiva.com\/automobilismo\/2025\/04\/02\/porsche-cup-apos-mostrar-evolucao-na-estreia-paulo-reales-busca-resultados-positivos-no-velocitta\/\">leia mais<\/a><\/p>\n","protected":false},"author":75,"featured_media":2216,"comment_status":"open","ping_status":"open","sticky":false,"template":"","format":"standard","meta":{"jetpack_post_was_ever_published":false,"_jetpack_newsletter_access":"","_jetpack_dont_email_post_to_subs":false,"_jetpack_newsletter_tier_id":0,"_jetpack_memberships_contains_paywalled_content":false,"_jetpack_memberships_contains_paid_content":false,"footnotes":"","jetpack_publicize_message":"","jetpack_publicize_feature_enabled":true,"jetpack_social_post_already_shared":false,"jetpack_social_options":{"image_generator_settings":{"template":"highway","default_image_id":0,"font":"","enabled":false},"version":2}},"categories":[1],"tags":[],"class_list":["post-2215","post","type-post","status-publish","format-standard","has-post-thumbnail","hentry","category-sem-categoria"],"jetpack_publicize_connections":[],"jetpack_featured_media_url":"https:\/\/blogs.gazetaesportiva.com\/automobilismo\/files\/2025\/04\/WhatsApp-Image-2025-03-25-at-14.33.52-scaled.jpeg","jetpack_sharing_enabled":true,"jetpack_shortlink":"https:\/\/wp.me\/pblv91-zJ","_links":{"self":[{"href":"https:\/\/blogs.gazetaesportiva.com\/automobilismo\/wp-json\/wp\/v2\/posts\/2215","targetHints":{"allow":["GET"]}}],"collection":[{"href":"https:\/\/blogs.gazetaesportiva.com\/automobilismo\/wp-json\/wp\/v2\/posts"}],"about":[{"href":"https:\/\/blogs.gazetaesportiva.com\/automobilismo\/wp-json\/wp\/v2\/types\/post"}],"author":[{"embeddable":true,"href":"https:\/\/blogs.gazetaesportiva.com\/automobilismo\/wp-json\/wp\/v2\/users\/75"}],"replies":[{"embeddable":true,"href":"https:\/\/blogs.gazetaesportiva.com\/automobilismo\/wp-json\/wp\/v2\/comments?post=2215"}],"version-history":[{"count":0,"href":"https:\/\/blogs.gazetaesportiva.com\/automobilismo\/wp-json\/wp\/v2\/posts\/2215\/revisions"}],"wp:featuredmedia":[{"embeddable":true,"href":"https:\/\/blogs.gazetaesportiva.com\/automobilismo\/wp-json\/wp\/v2\/media\/2216"}],"wp:attachment":[{"href":"https:\/\/blogs.gazetaesportiva.com\/automobilismo\/wp-json\/wp\/v2\/media?parent=2215"}],"wp:term":[{"taxonomy":"category","embeddable":true,"href":"https:\/\/blogs.gazetaesportiva.com\/automobilismo\/wp-json\/wp\/v2\/categories?post=2215"},{"taxonomy":"post_tag","embeddable":true,"href":"https:\/\/blogs.gazetaesportiva.com\/automobilismo\/wp-json\/wp\/v2\/tags?post=2215"}],"curies":[{"name":"wp","href":"https:\/\/api.w.org\/{rel}","templated":true}]}}