{"id":2210,"date":"2025-03-31T20:23:11","date_gmt":"2025-03-31T20:23:11","guid":{"rendered":"https:\/\/blogs.gazetaesportiva.com\/automobilismo\/?p=2210"},"modified":"2025-03-31T20:23:11","modified_gmt":"2025-03-31T20:23:11","slug":"copa-sao-paulo-bradesco-de-kart-tem-segunda-etapa-agitada-no-kartodromo-granja-viana","status":"publish","type":"post","link":"https:\/\/blogs.gazetaesportiva.com\/automobilismo\/2025\/03\/31\/copa-sao-paulo-bradesco-de-kart-tem-segunda-etapa-agitada-no-kartodromo-granja-viana\/","title":{"rendered":"Copa S\u00e3o Paulo Bradesco de Kart tem segunda etapa agitada no Kart\u00f3dromo Granja Viana"},"content":{"rendered":"<p>A Copa S\u00e3o Paulo Bradesco de Kart viveu um s\u00e1bado (29) repleto de emo\u00e7\u00f5es no Kart\u00f3dromo Granja Viana, em Cotia (SP). A segunda etapa do campeonato reuniu alguns dos principais pilotos do Pa\u00eds, que lutaram pelos primeiros lugares nas categorias Cadete, Mirim, OK, OK J\u00fanior, F4, F4 Light, F4 S\u00eanior, F4 S\u00eanior 60+, F4 J\u00fanior, Shifter, Shifter S\u00eanior, Shifter Super S\u00eanior, Pro 500, Pro 500 Light, Pro 500 S\u00eanior e Pro 500 S\u00eanior 60+.<\/p>\n<figure id=\"attachment_2211\" aria-describedby=\"caption-attachment-2211\" style=\"width: 640px\" class=\"wp-caption alignnone\"><img loading=\"lazy\" decoding=\"async\" src=\"https:\/\/blogs.gazetaesportiva.com\/automobilismo\/files\/2025\/03\/449942_1146342_4y3a4090-1024x683.jpg\" alt=\"\" width=\"640\" height=\"427\" class=\"size-large wp-image-2211\" srcset=\"https:\/\/blogs.gazetaesportiva.com\/automobilismo\/files\/2025\/03\/449942_1146342_4y3a4090-1024x683.jpg 1024w, https:\/\/blogs.gazetaesportiva.com\/automobilismo\/files\/2025\/03\/449942_1146342_4y3a4090-300x200.jpg 300w, https:\/\/blogs.gazetaesportiva.com\/automobilismo\/files\/2025\/03\/449942_1146342_4y3a4090-768x512.jpg 768w, https:\/\/blogs.gazetaesportiva.com\/automobilismo\/files\/2025\/03\/449942_1146342_4y3a4090-1536x1024.jpg 1536w, https:\/\/blogs.gazetaesportiva.com\/automobilismo\/files\/2025\/03\/449942_1146342_4y3a4090-2048x1365.jpg 2048w\" sizes=\"auto, (max-width: 640px) 100vw, 640px\" \/><figcaption id=\"caption-attachment-2211\" class=\"wp-caption-text\">Foto: Serj\u00e3o Soares<\/figcaption><\/figure>\n<p>Na Cadete, Pedro Zanguetin saiu com a vit\u00f3ria ap\u00f3s gabaritar os primeiros lugares das tr\u00eas baterias do final de semana. Leonardo Almeida foi o segundo colocado, com In\u00e1cio Lopes completando o top-3. J\u00e1 na Mirim, Rafael Canuto foi o vencedor na soma de pontos das tr\u00eas baterias. A segunda posi\u00e7\u00e3o ficou com Jo\u00e3o Pedro, enquanto Alexandre Gomes foi o terceiro.<\/p>\n<p>Pela OK, que contou com apenas duas baterias, Gabriel Koegnikan foi o vencedor, seguido por Nicollas Loretti e Heitor Farias, que fecharam a lista dos tr\u00eas melhores. J\u00e1 pela OK J\u00fanior, quem celebrou a vit\u00f3ria foi Edward Kirst, que viu Francisco Rocha ser o segundo colocado. Raphael Gebara completou a etapa com a terceira posi\u00e7\u00e3o.<\/p>\n<p>Lucas Viscardi levou a vit\u00f3ria na F4 J\u00fanior, categoria que teve Noach Waissmann em segundo, e Marcella Assump\u00e7\u00e3o com a terceira posi\u00e7\u00e3o. J\u00e1 na F4, Gustav Kirst venceu, com Roberto Azana e Danilo Garcia fechando a lista dos tr\u00eas melhores. Garcia acabou com a vit\u00f3ria na F4 Light, sendo seguido por Rafael Mikail e Jo\u00e3o Pompeo. M\u00e1rcio Macagnan venceu na F4 S\u00eanior, com Rodrigo Fran\u00e7a na segunda posi\u00e7\u00e3o, enquanto Roberto Azana levou a vit\u00f3ria na F4 S\u00eanior 60+, que teve ainda Cesar Gragnano em segundo.<\/p>\n<p>Entre os competidores da Shifter, Rafael Reis levou a vit\u00f3ria, com Claudio Baida sendo o segundo colocado. A lista dos tr\u00eas melhores tamb\u00e9m contou com Alexandre Trita, que saiu vitorioso na Shifter Super S\u00eanior. Nesta categoria, Eduardo Violante e Adriano Amaral completaram o top-3. Pela Shifter S\u00eanior, quem sorriu com o primeiro lugar ao final da etapa foi Rodolpho Brito.<\/p>\n<p>Na Pro 500, Eraldo Silva foi o vencedor, sendo seguido pela Reis Office, e por Otto Rezende, que completaram a lista dos tr\u00eas melhores. Na Pro 500 Light, vit\u00f3ria para Vitor Luiz Ferr\u00e9 e Marco Costa, enquanto a Pastore \u2013 Racing Club foi a segunda colocada. Peterson Nakamura e F\u00e1bio Komatsu triunfaram na Pro 500 S\u00eanior, que teve os dois karts da DRC completando o top-3, com o n\u00famero 731 \u00e0 frente do numeral 20. Otto Rezende venceu na Pro 500 S\u00eanior 60+.<\/p>\n<p>A terceira etapa da Copa S\u00e3o Paulo Bradesco de Kart est\u00e1 marcada para o dia 26 de abril, novamente no Kart\u00f3dromo Granja Viana.<\/p>\n","protected":false},"excerpt":{"rendered":"<p>A Copa S\u00e3o Paulo Bradesco de Kart viveu um s\u00e1bado (29) repleto de emo\u00e7\u00f5es no Kart\u00f3dromo Granja Viana, em Cotia (SP). A segunda etapa do <a class=\"read-more\" href=\"https:\/\/blogs.gazetaesportiva.com\/automobilismo\/2025\/03\/31\/copa-sao-paulo-bradesco-de-kart-tem-segunda-etapa-agitada-no-kartodromo-granja-viana\/\">leia mais<\/a><\/p>\n","protected":false},"author":75,"featured_media":2211,"comment_status":"open","ping_status":"open","sticky":false,"template":"","format":"standard","meta":{"jetpack_post_was_ever_published":false,"_jetpack_newsletter_access":"","_jetpack_dont_email_post_to_subs":false,"_jetpack_newsletter_tier_id":0,"_jetpack_memberships_contains_paywalled_content":false,"_jetpack_memberships_contains_paid_content":false,"footnotes":"","jetpack_publicize_message":"","jetpack_publicize_feature_enabled":true,"jetpack_social_post_already_shared":false,"jetpack_social_options":{"image_generator_settings":{"template":"highway","default_image_id":0,"font":"","enabled":false},"version":2}},"categories":[1],"tags":[],"class_list":["post-2210","post","type-post","status-publish","format-standard","has-post-thumbnail","hentry","category-sem-categoria"],"jetpack_publicize_connections":[],"jetpack_featured_media_url":"https:\/\/blogs.gazetaesportiva.com\/automobilismo\/files\/2025\/03\/449942_1146342_4y3a4090-scaled.jpg","jetpack_sharing_enabled":true,"jetpack_shortlink":"https:\/\/wp.me\/pblv91-zE","_links":{"self":[{"href":"https:\/\/blogs.gazetaesportiva.com\/automobilismo\/wp-json\/wp\/v2\/posts\/2210","targetHints":{"allow":["GET"]}}],"collection":[{"href":"https:\/\/blogs.gazetaesportiva.com\/automobilismo\/wp-json\/wp\/v2\/posts"}],"about":[{"href":"https:\/\/blogs.gazetaesportiva.com\/automobilismo\/wp-json\/wp\/v2\/types\/post"}],"author":[{"embeddable":true,"href":"https:\/\/blogs.gazetaesportiva.com\/automobilismo\/wp-json\/wp\/v2\/users\/75"}],"replies":[{"embeddable":true,"href":"https:\/\/blogs.gazetaesportiva.com\/automobilismo\/wp-json\/wp\/v2\/comments?post=2210"}],"version-history":[{"count":0,"href":"https:\/\/blogs.gazetaesportiva.com\/automobilismo\/wp-json\/wp\/v2\/posts\/2210\/revisions"}],"wp:featuredmedia":[{"embeddable":true,"href":"https:\/\/blogs.gazetaesportiva.com\/automobilismo\/wp-json\/wp\/v2\/media\/2211"}],"wp:attachment":[{"href":"https:\/\/blogs.gazetaesportiva.com\/automobilismo\/wp-json\/wp\/v2\/media?parent=2210"}],"wp:term":[{"taxonomy":"category","embeddable":true,"href":"https:\/\/blogs.gazetaesportiva.com\/automobilismo\/wp-json\/wp\/v2\/categories?post=2210"},{"taxonomy":"post_tag","embeddable":true,"href":"https:\/\/blogs.gazetaesportiva.com\/automobilismo\/wp-json\/wp\/v2\/tags?post=2210"}],"curies":[{"name":"wp","href":"https:\/\/api.w.org\/{rel}","templated":true}]}}