{"id":2208,"date":"2025-03-31T20:10:25","date_gmt":"2025-03-31T20:10:25","guid":{"rendered":"https:\/\/blogs.gazetaesportiva.com\/automobilismo\/?p=2208"},"modified":"2025-03-31T20:15:38","modified_gmt":"2025-03-31T20:15:38","slug":"categorias-rotax-promovem-grandes-disputas-na-segunda-etapa-da-copa-sao-paulo-bradesco-de-kart","status":"publish","type":"post","link":"https:\/\/blogs.gazetaesportiva.com\/automobilismo\/2025\/03\/31\/categorias-rotax-promovem-grandes-disputas-na-segunda-etapa-da-copa-sao-paulo-bradesco-de-kart\/","title":{"rendered":"Categorias Rotax promovem grandes disputas na segunda etapa da Copa S\u00e3o Paulo Bradesco de Kart"},"content":{"rendered":"<p>A segunda etapa da Copa S\u00e3o Paulo Bradesco de Kart foi realizada no \u00faltimo s\u00e1bado (29) e foi palco de grandes disputas nas categorias Rotax. Um dos grids mais fortes da etapa, a Rotax DD2 contou com dobradinha dos irm\u00e3os Reis. Leo Reis, que vai disputar a temporada da Stock Light, venceu as duas provas, enquanto Rafa Reis, estreante na Stock Car, fechou ambas as corridas na segunda coloca\u00e7\u00e3o. O terceiro lugar da etapa foi de Tito Giaffone, piloto que compete na NASCAR Brasil em 2025. O grid ainda teve Lucca Zucchini, mais um integrante do grid da Stock Light, que fechou na quarta coloca\u00e7\u00e3o e dois pilotos da Turismo Nacional: Vasco Pedro em sexto e Victor Manzini em s\u00e9timo.  <\/p>\n<figure id=\"attachment_2209\" aria-describedby=\"caption-attachment-2209\" style=\"width: 640px\" class=\"wp-caption alignnone\"><img loading=\"lazy\" decoding=\"async\" src=\"https:\/\/blogs.gazetaesportiva.com\/automobilismo\/files\/2025\/03\/4Y3A1865-1024x683.jpg\" alt=\"\" width=\"640\" height=\"427\" class=\"size-large wp-image-2209\" srcset=\"https:\/\/blogs.gazetaesportiva.com\/automobilismo\/files\/2025\/03\/4Y3A1865-1024x683.jpg 1024w, https:\/\/blogs.gazetaesportiva.com\/automobilismo\/files\/2025\/03\/4Y3A1865-300x200.jpg 300w, https:\/\/blogs.gazetaesportiva.com\/automobilismo\/files\/2025\/03\/4Y3A1865-768x512.jpg 768w, https:\/\/blogs.gazetaesportiva.com\/automobilismo\/files\/2025\/03\/4Y3A1865-1536x1024.jpg 1536w, https:\/\/blogs.gazetaesportiva.com\/automobilismo\/files\/2025\/03\/4Y3A1865-2048x1365.jpg 2048w\" sizes=\"auto, (max-width: 640px) 100vw, 640px\" \/><figcaption id=\"caption-attachment-2209\" class=\"wp-caption-text\">Foto: Serj\u00e3o Soares<\/figcaption><\/figure>\n<p>A Rotax DD2 Masters teve Fernando Guzzi levando o primeiro lugar na somat\u00f3ria de pontos, enquanto Jo\u00e3o Cunha fechou em segundo lugar e Michel Aboissa terminou na terceira coloca\u00e7\u00e3o. <\/p>\n<p>Entre os competidores da Rotax Micro Max, Andr\u00e9 Ben\u00edcius repetiu a etapa de estreia e saiu como maior pontuador da categoria ao vencer uma corrida e obter dois segundos lugares. Na Rotax Mini Max, Theo Morgado triunfou em duas corridas do final de semana e saiu como o ganhador da categoria, sendo seguido por Pedro Faria e Mat\u00edas Dominguez, que completaram a lista dos tr\u00eas melhores.<\/p>\n<p>Na Rotax Max, Allan Croce venceu as tr\u00eas provas do dia e conquistou o trof\u00e9u de primeiro lugar pela segunda vez consecutiva no ano. A segunda coloca\u00e7\u00e3o foi de Andr\u00e9 Niscastro, enquanto Rafael Croce fechou a etapa em terceiro na categoria.<\/p>\n<p>Pela Rotax Max Masters, Adriano Amaral foi o grande vencedor da etapa. O piloto do kart 71 foi seguido por Jo\u00e3o Gon\u00e7alves em segundo e Michel Aboissa na terceira coloca\u00e7\u00e3o. <\/p>\n<p>J\u00e1 Rodrigo Giacomini repetiu a trajet\u00f3ria da primeira etapa e novamente foi o ganhador na Rotax Max Super S\u00eanior, seguido por Roberto Azana em segundo e Beraldinho em terceiro lugar.<\/p>\n<p>Entre os competidores da Rotax J\u00fanior Max, Miguel Silva triunfou nas tr\u00eas baterias do dia e levou o trof\u00e9u de vencedor da etapa, enquanto Dudu Salamonde concluiu na segunda coloca\u00e7\u00e3o e Edward Kirst fechou em terceiro lugar.<\/p>\n<p>A terceira etapa da Copa S\u00e3o Paulo Bradesco de Kart est\u00e1 marcada para o dia 26 de abril, novamente no Kart\u00f3dromo Granja Viana.<\/p>\n","protected":false},"excerpt":{"rendered":"<p>A segunda etapa da Copa S\u00e3o Paulo Bradesco de Kart foi realizada no \u00faltimo s\u00e1bado (29) e foi palco de grandes disputas nas categorias Rotax. <a class=\"read-more\" href=\"https:\/\/blogs.gazetaesportiva.com\/automobilismo\/2025\/03\/31\/categorias-rotax-promovem-grandes-disputas-na-segunda-etapa-da-copa-sao-paulo-bradesco-de-kart\/\">leia mais<\/a><\/p>\n","protected":false},"author":75,"featured_media":2209,"comment_status":"open","ping_status":"open","sticky":false,"template":"","format":"standard","meta":{"jetpack_post_was_ever_published":false,"_jetpack_newsletter_access":"","_jetpack_dont_email_post_to_subs":false,"_jetpack_newsletter_tier_id":0,"_jetpack_memberships_contains_paywalled_content":false,"_jetpack_memberships_contains_paid_content":false,"footnotes":"","jetpack_publicize_message":"","jetpack_publicize_feature_enabled":true,"jetpack_social_post_already_shared":false,"jetpack_social_options":{"image_generator_settings":{"template":"highway","default_image_id":0,"font":"","enabled":false},"version":2}},"categories":[1],"tags":[],"class_list":["post-2208","post","type-post","status-publish","format-standard","has-post-thumbnail","hentry","category-sem-categoria"],"jetpack_publicize_connections":[],"jetpack_featured_media_url":"https:\/\/blogs.gazetaesportiva.com\/automobilismo\/files\/2025\/03\/4Y3A1865-scaled.jpg","jetpack_sharing_enabled":true,"jetpack_shortlink":"https:\/\/wp.me\/pblv91-zC","_links":{"self":[{"href":"https:\/\/blogs.gazetaesportiva.com\/automobilismo\/wp-json\/wp\/v2\/posts\/2208","targetHints":{"allow":["GET"]}}],"collection":[{"href":"https:\/\/blogs.gazetaesportiva.com\/automobilismo\/wp-json\/wp\/v2\/posts"}],"about":[{"href":"https:\/\/blogs.gazetaesportiva.com\/automobilismo\/wp-json\/wp\/v2\/types\/post"}],"author":[{"embeddable":true,"href":"https:\/\/blogs.gazetaesportiva.com\/automobilismo\/wp-json\/wp\/v2\/users\/75"}],"replies":[{"embeddable":true,"href":"https:\/\/blogs.gazetaesportiva.com\/automobilismo\/wp-json\/wp\/v2\/comments?post=2208"}],"version-history":[{"count":0,"href":"https:\/\/blogs.gazetaesportiva.com\/automobilismo\/wp-json\/wp\/v2\/posts\/2208\/revisions"}],"wp:featuredmedia":[{"embeddable":true,"href":"https:\/\/blogs.gazetaesportiva.com\/automobilismo\/wp-json\/wp\/v2\/media\/2209"}],"wp:attachment":[{"href":"https:\/\/blogs.gazetaesportiva.com\/automobilismo\/wp-json\/wp\/v2\/media?parent=2208"}],"wp:term":[{"taxonomy":"category","embeddable":true,"href":"https:\/\/blogs.gazetaesportiva.com\/automobilismo\/wp-json\/wp\/v2\/categories?post=2208"},{"taxonomy":"post_tag","embeddable":true,"href":"https:\/\/blogs.gazetaesportiva.com\/automobilismo\/wp-json\/wp\/v2\/tags?post=2208"}],"curies":[{"name":"wp","href":"https:\/\/api.w.org\/{rel}","templated":true}]}}