{"id":2205,"date":"2025-03-31T15:36:22","date_gmt":"2025-03-31T15:36:22","guid":{"rendered":"https:\/\/blogs.gazetaesportiva.com\/automobilismo\/?p=2205"},"modified":"2025-03-31T15:36:22","modified_gmt":"2025-03-31T15:36:22","slug":"francisco-rocha-sobe-duas-vezes-ao-podio-da-granja-viana-e-esta-na-final-da-regional-cup","status":"publish","type":"post","link":"https:\/\/blogs.gazetaesportiva.com\/automobilismo\/2025\/03\/31\/francisco-rocha-sobe-duas-vezes-ao-podio-da-granja-viana-e-esta-na-final-da-regional-cup\/","title":{"rendered":"Francisco Rocha sobe duas vezes ao p\u00f3dio da Granja Viana e est\u00e1 na final da Regional Cup"},"content":{"rendered":"<p>O fim de semana foi de pura velocidade no Kart\u00f3dromo da Granja Viana, em Cotia (SP), com competi\u00e7\u00f5es acirradas que deram sequ\u00eancia a este in\u00edcio de temporada de 2025. Entre os destaques, o piloto paulista Francisco Rocha (Equipes: Car Racing, CRG Brasil\/ Coaches: Alberto Cattucci, L\u00e9o Reis, Rafael Reis, Olin Galli), mais uma vez deixou sua marca, subindo ao p\u00f3dio na categoria Rotax J\u00fanior Max e garantindo vaga para a grande final da 2\u00aa Regional Cup Brasil, em agosto, no Maranh\u00e3o.<\/p>\n<figure id=\"attachment_2206\" aria-describedby=\"caption-attachment-2206\" style=\"width: 640px\" class=\"wp-caption alignnone\"><img loading=\"lazy\" decoding=\"async\" src=\"https:\/\/blogs.gazetaesportiva.com\/automobilismo\/files\/2025\/03\/449923_1146283_2507_rocha_31-1024x683.jpg\" alt=\"Francisco Rocha\" width=\"640\" height=\"427\" class=\"size-large wp-image-2206\" srcset=\"https:\/\/blogs.gazetaesportiva.com\/automobilismo\/files\/2025\/03\/449923_1146283_2507_rocha_31-1024x683.jpg 1024w, https:\/\/blogs.gazetaesportiva.com\/automobilismo\/files\/2025\/03\/449923_1146283_2507_rocha_31-300x200.jpg 300w, https:\/\/blogs.gazetaesportiva.com\/automobilismo\/files\/2025\/03\/449923_1146283_2507_rocha_31-768x512.jpg 768w, https:\/\/blogs.gazetaesportiva.com\/automobilismo\/files\/2025\/03\/449923_1146283_2507_rocha_31-1536x1024.jpg 1536w, https:\/\/blogs.gazetaesportiva.com\/automobilismo\/files\/2025\/03\/449923_1146283_2507_rocha_31-2048x1365.jpg 2048w\" sizes=\"auto, (max-width: 640px) 100vw, 640px\" \/><figcaption id=\"caption-attachment-2206\" class=\"wp-caption-text\">Foto: DarkSide<\/figcaption><\/figure>\n<p>No s\u00e1bado (29), durante a segunda etapa da Copa S\u00e3o Paulo KGV, Francisco somou pontos importantes na competi\u00e7\u00e3o pela categoria Rotax J\u00fanior Max, \u00fanico caminho no Brasil, para quem  quer uma vaga para o Mundial de Kart Rotax, no Bahrein. Com um desempenho s\u00f3lido, o piloto largou da segunda fila e manteve consist\u00eancia nas tr\u00eas baterias, terminando em quarto na primeira corrida e em terceiro nas outras duas. Uma penalidade de 10 segundos na primeira prova, no entanto, o colocou no quarto degrau do p\u00f3dio, mas n\u00e3o apagou seu bom desempenho.<\/p>\n<p>&#8220;N\u00e3o foi o melhor fim de semana, mas o importante foi marcar pontos e seguir na briga. Agora sou vice-l\u00edder, e o campeonato est\u00e1 s\u00f3 esquentando.&#8221;, comemorou Francisco, mostrando que mesmo sem o desempenho ideal, a estrat\u00e9gia valeu a pena.<\/p>\n<p>A tarde de s\u00e1bado ainda reservava mais emo\u00e7\u00e3o. A pista da Granja Viana recebeu a primeira classificat\u00f3ria da 2\u00aa Regional Cup Brasil, para as categorias OK e OK J\u00fanior. A prova definiu os finalistas que, em agosto, disputar\u00e3o a vaga para o Mundial de Kart na Su\u00e9cia. Francisco n\u00e3o decepcionou, na OK J\u00fanior, garantindo a pole position e vencendo a primeira bateria de ponta a ponta, dominando a pista.<\/p>\n<p>Por\u00e9m, o drama veio na segunda corrida. Durante a volta de apresenta\u00e7\u00e3o, seu kart apagou, ap\u00f3s os pilotos da categoria OK, que puxavam a fila, reduzirem demais o ritmo antes da largada.<\/p>\n<p>&#8220;O kart estava perfeito at\u00e9 ent\u00e3o, mas o pelot\u00e3o freou demais, e meu motor acabou morrendo. Fiquei l\u00e1 atr\u00e1s e tive que ir buscar. Recuperei e fechei em terceiro&#8221;, explicou o piloto, lamentando por garantir o segundo lugar, apenas, j\u00e1 que estava em condi\u00e7\u00f5es de vencer a prova da OK J\u00fanior, mas mesmo assim, com a classifica\u00e7\u00e3o para a final em Imperatriz (MA) garantida.<\/p>\n<p>At\u00e9 agosto, quando ocorre a decis\u00e3o da Regional Cup, Francisco Rocha ter\u00e1 uma agenda cheia. A pr\u00f3xima etapa da Copa S\u00e3o Paulo KGV ser\u00e1 no dia 26 de abril, enquanto a Copa S\u00e3o Paulo Light de Kart volta \u00e0 pista j\u00e1 na pr\u00f3xima semana, dia 12, no kart\u00f3dromo de de Interlagos.<\/p>\n","protected":false},"excerpt":{"rendered":"<p>O fim de semana foi de pura velocidade no Kart\u00f3dromo da Granja Viana, em Cotia (SP), com competi\u00e7\u00f5es acirradas que deram sequ\u00eancia a este in\u00edcio <a class=\"read-more\" href=\"https:\/\/blogs.gazetaesportiva.com\/automobilismo\/2025\/03\/31\/francisco-rocha-sobe-duas-vezes-ao-podio-da-granja-viana-e-esta-na-final-da-regional-cup\/\">leia mais<\/a><\/p>\n","protected":false},"author":75,"featured_media":2206,"comment_status":"open","ping_status":"open","sticky":false,"template":"","format":"standard","meta":{"jetpack_post_was_ever_published":false,"_jetpack_newsletter_access":"","_jetpack_dont_email_post_to_subs":false,"_jetpack_newsletter_tier_id":0,"_jetpack_memberships_contains_paywalled_content":false,"_jetpack_memberships_contains_paid_content":false,"footnotes":"","jetpack_publicize_message":"","jetpack_publicize_feature_enabled":true,"jetpack_social_post_already_shared":false,"jetpack_social_options":{"image_generator_settings":{"template":"highway","default_image_id":0,"font":"","enabled":false},"version":2}},"categories":[1],"tags":[],"class_list":["post-2205","post","type-post","status-publish","format-standard","has-post-thumbnail","hentry","category-sem-categoria"],"jetpack_publicize_connections":[],"jetpack_featured_media_url":"https:\/\/blogs.gazetaesportiva.com\/automobilismo\/files\/2025\/03\/449923_1146283_2507_rocha_31-scaled.jpg","jetpack_sharing_enabled":true,"jetpack_shortlink":"https:\/\/wp.me\/pblv91-zz","_links":{"self":[{"href":"https:\/\/blogs.gazetaesportiva.com\/automobilismo\/wp-json\/wp\/v2\/posts\/2205","targetHints":{"allow":["GET"]}}],"collection":[{"href":"https:\/\/blogs.gazetaesportiva.com\/automobilismo\/wp-json\/wp\/v2\/posts"}],"about":[{"href":"https:\/\/blogs.gazetaesportiva.com\/automobilismo\/wp-json\/wp\/v2\/types\/post"}],"author":[{"embeddable":true,"href":"https:\/\/blogs.gazetaesportiva.com\/automobilismo\/wp-json\/wp\/v2\/users\/75"}],"replies":[{"embeddable":true,"href":"https:\/\/blogs.gazetaesportiva.com\/automobilismo\/wp-json\/wp\/v2\/comments?post=2205"}],"version-history":[{"count":0,"href":"https:\/\/blogs.gazetaesportiva.com\/automobilismo\/wp-json\/wp\/v2\/posts\/2205\/revisions"}],"wp:featuredmedia":[{"embeddable":true,"href":"https:\/\/blogs.gazetaesportiva.com\/automobilismo\/wp-json\/wp\/v2\/media\/2206"}],"wp:attachment":[{"href":"https:\/\/blogs.gazetaesportiva.com\/automobilismo\/wp-json\/wp\/v2\/media?parent=2205"}],"wp:term":[{"taxonomy":"category","embeddable":true,"href":"https:\/\/blogs.gazetaesportiva.com\/automobilismo\/wp-json\/wp\/v2\/categories?post=2205"},{"taxonomy":"post_tag","embeddable":true,"href":"https:\/\/blogs.gazetaesportiva.com\/automobilismo\/wp-json\/wp\/v2\/tags?post=2205"}],"curies":[{"name":"wp","href":"https:\/\/api.w.org\/{rel}","templated":true}]}}