{"id":2203,"date":"2025-03-31T15:22:12","date_gmt":"2025-03-31T15:22:12","guid":{"rendered":"https:\/\/blogs.gazetaesportiva.com\/automobilismo\/?p=2203"},"modified":"2025-03-31T15:22:12","modified_gmt":"2025-03-31T15:22:12","slug":"f4-espanhola-miguel-costa-fatura-duplo-top-5-entre-os-rookies-e-destaca-velocidade-em-aragon","status":"publish","type":"post","link":"https:\/\/blogs.gazetaesportiva.com\/automobilismo\/2025\/03\/31\/f4-espanhola-miguel-costa-fatura-duplo-top-5-entre-os-rookies-e-destaca-velocidade-em-aragon\/","title":{"rendered":"F4 Espanhola: Miguel Costa fatura duplo top-5 entre os Rookies e destaca velocidade em Arag\u00f3n"},"content":{"rendered":"<p>O brasileiro Miguel Costa garantiu dois top-5 entre os pilotos Rookies na primeira etapa da temporada 2025 da F4 Espanhola, disputada no MotorLand, em Arag\u00f3n, nesse final de semana. O piloto da Campos Racing mostrou velocidade ao longo de toda a etapa e garantiu dois quartos lugares entre os competidores que fazem o primeiro ano na categoria. De quebra, o dono do carro n\u00famero 5 ainda obteve pontos para a tabela geral do campeonato.<\/p>\n<figure id=\"attachment_2204\" aria-describedby=\"caption-attachment-2204\" style=\"width: 640px\" class=\"wp-caption alignnone\"><img loading=\"lazy\" decoding=\"async\" src=\"https:\/\/blogs.gazetaesportiva.com\/automobilismo\/files\/2025\/03\/IMG_3342-1024x683.jpg\" alt=\"Miguel Costa\" width=\"640\" height=\"427\" class=\"size-large wp-image-2204\" srcset=\"https:\/\/blogs.gazetaesportiva.com\/automobilismo\/files\/2025\/03\/IMG_3342-1024x683.jpg 1024w, https:\/\/blogs.gazetaesportiva.com\/automobilismo\/files\/2025\/03\/IMG_3342-300x200.jpg 300w, https:\/\/blogs.gazetaesportiva.com\/automobilismo\/files\/2025\/03\/IMG_3342-768x512.jpg 768w, https:\/\/blogs.gazetaesportiva.com\/automobilismo\/files\/2025\/03\/IMG_3342.jpg 1500w\" sizes=\"auto, (max-width: 640px) 100vw, 640px\" \/><figcaption id=\"caption-attachment-2204\" class=\"wp-caption-text\">Foto: Eduardo Carta\u00f1a<\/figcaption><\/figure>\n<p>Depois de demonstrar bom ritmo na sexta-feira, Miguel teve um s\u00e1bado de supera\u00e7\u00e3o. Ap\u00f3s ser o oitavo na pista depois de largar de d\u00e9cimo, o piloto foi punido posteriormente. No domingo, com pneus novos, o brasileiro foi o quarto colocado entre os Rookies e s\u00e9timo geral na corrida 2, e garantiu a segunda melhor volta da prova. Na corrida 3, um carro parado na largada o atrapalhou, mas o piloto ainda obteve um novo quarto posto entre os Rookies e a nona coloca\u00e7\u00e3o geral.<\/p>\n<p>\u201cEstamos definitivamente entre os mais r\u00e1pidos. Eu estava confiante pois t\u00ednhamos um jogo de pneus novos para o domingo. A corrida 2 foi perfeita, saindo de 13\u00ba para s\u00e9timo geral e quarto entre os Rookies. Fiz uma boa largada na corrida 3, mas um carro parado me atrapalhou. Houve uma entrada de Safety Car e me poupei para n\u00e3o ser punido por limites de pista. Terminei em quarto entre os Rookies e nono geral. Estava decepcionado pelo s\u00e1bado, mas os pontos positivos s\u00e3o que mostramos muita velocidade e estamos aprendendo r\u00e1pido\u201d, disse Miguel Costa.<\/p>\n<p>Ap\u00f3s a primeira etapa do campeonato, em Arag\u00f3n, o brasileiro da Campos Racing aparece na quinta posi\u00e7\u00e3o entre os Rookies, somando seis pontos. Esta pontua\u00e7\u00e3o coloca Miguel Costa na 12\u00aa posi\u00e7\u00e3o geral da tabela de classifica\u00e7\u00e3o ap\u00f3s a disputa da primeira das sete rodadas triplas marcadas para a temporada de 2025 da F4 Espanhola.<\/p>\n<p>A temporada 2025 da F4 Espanhola ter\u00e1 sequ\u00eancia entre os dias 2 e 4 de maio, quando a categoria visitar\u00e1 o circuito de Navarra. Nesta pista, no in\u00edcio do ano, Miguel Costa foi ao p\u00f3dio com um segundo lugar durante o Spanish Winter Championship, torneio de inverno que visava a prepara\u00e7\u00e3o para a temporada do Campeonato Espanhol de F\u00f3rmula 4.<\/p>\n","protected":false},"excerpt":{"rendered":"<p>O brasileiro Miguel Costa garantiu dois top-5 entre os pilotos Rookies na primeira etapa da temporada 2025 da F4 Espanhola, disputada no MotorLand, em Arag\u00f3n, <a class=\"read-more\" href=\"https:\/\/blogs.gazetaesportiva.com\/automobilismo\/2025\/03\/31\/f4-espanhola-miguel-costa-fatura-duplo-top-5-entre-os-rookies-e-destaca-velocidade-em-aragon\/\">leia mais<\/a><\/p>\n","protected":false},"author":75,"featured_media":2204,"comment_status":"open","ping_status":"open","sticky":false,"template":"","format":"standard","meta":{"jetpack_post_was_ever_published":false,"_jetpack_newsletter_access":"","_jetpack_dont_email_post_to_subs":false,"_jetpack_newsletter_tier_id":0,"_jetpack_memberships_contains_paywalled_content":false,"_jetpack_memberships_contains_paid_content":false,"footnotes":"","jetpack_publicize_message":"","jetpack_publicize_feature_enabled":true,"jetpack_social_post_already_shared":false,"jetpack_social_options":{"image_generator_settings":{"template":"highway","default_image_id":0,"font":"","enabled":false},"version":2}},"categories":[1],"tags":[],"class_list":["post-2203","post","type-post","status-publish","format-standard","has-post-thumbnail","hentry","category-sem-categoria"],"jetpack_publicize_connections":[],"jetpack_featured_media_url":"https:\/\/blogs.gazetaesportiva.com\/automobilismo\/files\/2025\/03\/IMG_3342.jpg","jetpack_sharing_enabled":true,"jetpack_shortlink":"https:\/\/wp.me\/pblv91-zx","_links":{"self":[{"href":"https:\/\/blogs.gazetaesportiva.com\/automobilismo\/wp-json\/wp\/v2\/posts\/2203","targetHints":{"allow":["GET"]}}],"collection":[{"href":"https:\/\/blogs.gazetaesportiva.com\/automobilismo\/wp-json\/wp\/v2\/posts"}],"about":[{"href":"https:\/\/blogs.gazetaesportiva.com\/automobilismo\/wp-json\/wp\/v2\/types\/post"}],"author":[{"embeddable":true,"href":"https:\/\/blogs.gazetaesportiva.com\/automobilismo\/wp-json\/wp\/v2\/users\/75"}],"replies":[{"embeddable":true,"href":"https:\/\/blogs.gazetaesportiva.com\/automobilismo\/wp-json\/wp\/v2\/comments?post=2203"}],"version-history":[{"count":0,"href":"https:\/\/blogs.gazetaesportiva.com\/automobilismo\/wp-json\/wp\/v2\/posts\/2203\/revisions"}],"wp:featuredmedia":[{"embeddable":true,"href":"https:\/\/blogs.gazetaesportiva.com\/automobilismo\/wp-json\/wp\/v2\/media\/2204"}],"wp:attachment":[{"href":"https:\/\/blogs.gazetaesportiva.com\/automobilismo\/wp-json\/wp\/v2\/media?parent=2203"}],"wp:term":[{"taxonomy":"category","embeddable":true,"href":"https:\/\/blogs.gazetaesportiva.com\/automobilismo\/wp-json\/wp\/v2\/categories?post=2203"},{"taxonomy":"post_tag","embeddable":true,"href":"https:\/\/blogs.gazetaesportiva.com\/automobilismo\/wp-json\/wp\/v2\/tags?post=2203"}],"curies":[{"name":"wp","href":"https:\/\/api.w.org\/{rel}","templated":true}]}}