{"id":2200,"date":"2025-03-31T14:01:56","date_gmt":"2025-03-31T14:01:56","guid":{"rendered":"https:\/\/blogs.gazetaesportiva.com\/automobilismo\/?p=2200"},"modified":"2025-03-31T14:01:56","modified_gmt":"2025-03-31T14:01:56","slug":"momento-velocidade-traz-reportagem-especial-na-tv-gazeta-com-arthur-gama-e-joao-paulo-oliveira","status":"publish","type":"post","link":"https:\/\/blogs.gazetaesportiva.com\/automobilismo\/2025\/03\/31\/momento-velocidade-traz-reportagem-especial-na-tv-gazeta-com-arthur-gama-e-joao-paulo-oliveira\/","title":{"rendered":"Momento Velocidade traz reportagem especial na TV Gazeta com Arthur Gama e Jo\u00e3o Paulo Oliveira"},"content":{"rendered":"<p>A TOYOTA GAZOO Racing anunciou a chegada de Jo\u00e3o Paulo de Oliveira e Arthur Gama como pilotos da fabricante para o campeonato deste ano. A dupla foi o destaque do Momento Velocidade neste domingo na TV Gazeta.<\/p>\n<figure id=\"attachment_2176\" aria-describedby=\"caption-attachment-2176\" style=\"width: 640px\" class=\"wp-caption alignnone\"><img loading=\"lazy\" decoding=\"async\" src=\"https:\/\/blogs.gazetaesportiva.com\/automobilismo\/files\/2025\/03\/Pilotos_GR_2025b-1-1024x672.jpg\" alt=\"\" width=\"640\" height=\"420\" class=\"size-large wp-image-2176\" srcset=\"https:\/\/blogs.gazetaesportiva.com\/automobilismo\/files\/2025\/03\/Pilotos_GR_2025b-1-1024x672.jpg 1024w, https:\/\/blogs.gazetaesportiva.com\/automobilismo\/files\/2025\/03\/Pilotos_GR_2025b-1-300x197.jpg 300w, https:\/\/blogs.gazetaesportiva.com\/automobilismo\/files\/2025\/03\/Pilotos_GR_2025b-1-768x504.jpg 768w, https:\/\/blogs.gazetaesportiva.com\/automobilismo\/files\/2025\/03\/Pilotos_GR_2025b-1-1536x1008.jpg 1536w, https:\/\/blogs.gazetaesportiva.com\/automobilismo\/files\/2025\/03\/Pilotos_GR_2025b-1-2048x1344.jpg 2048w\" sizes=\"auto, (max-width: 640px) 100vw, 640px\" \/><figcaption id=\"caption-attachment-2176\" class=\"wp-caption-text\">Foto: divulga\u00e7\u00e3o<\/figcaption><\/figure>\n<p>Jo\u00e3o Paulo tem 43 anos, nasceu em S\u00e3o Paulo (SP) e iniciou sua carreira no Brasil competindo em categorias de f\u00f3rmula ainda no final dos anos 1990, quando conquistou o t\u00edtulo da Sudam Light 1999. O piloto tamb\u00e9m foi campe\u00e3o de F3 na Alemanha em 2003 e se mudou para o Jap\u00e3o em 2004. No ano seguinte, Oliveira conquistou a F3 Japonesa, defendendo a Toyota, e tamb\u00e9m carrega no seu curr\u00edculo v\u00e1rias outras experi\u00eancias internacionais marcantes como teste na F1 pela Williams em 2006 e os t\u00edtulos da Super F\u00f3rmula em 2010 e o bicampeonato de Super GT (2020 e 2022).<\/p>\n<figure id=\"attachment_2202\" aria-describedby=\"caption-attachment-2202\" style=\"width: 640px\" class=\"wp-caption alignnone\"><img loading=\"lazy\" decoding=\"async\" src=\"https:\/\/blogs.gazetaesportiva.com\/automobilismo\/files\/2025\/03\/449646_1145584_whatsapp_image_2025_03_25_at_11.20.34-1024x681.jpeg\" alt=\"JP de Oliveira\" width=\"640\" height=\"426\" class=\"size-large wp-image-2202\" srcset=\"https:\/\/blogs.gazetaesportiva.com\/automobilismo\/files\/2025\/03\/449646_1145584_whatsapp_image_2025_03_25_at_11.20.34-1024x681.jpeg 1024w, https:\/\/blogs.gazetaesportiva.com\/automobilismo\/files\/2025\/03\/449646_1145584_whatsapp_image_2025_03_25_at_11.20.34-300x200.jpeg 300w, https:\/\/blogs.gazetaesportiva.com\/automobilismo\/files\/2025\/03\/449646_1145584_whatsapp_image_2025_03_25_at_11.20.34-768x511.jpeg 768w, https:\/\/blogs.gazetaesportiva.com\/automobilismo\/files\/2025\/03\/449646_1145584_whatsapp_image_2025_03_25_at_11.20.34-1536x1021.jpeg 1536w, https:\/\/blogs.gazetaesportiva.com\/automobilismo\/files\/2025\/03\/449646_1145584_whatsapp_image_2025_03_25_at_11.20.34.jpeg 1600w\" sizes=\"auto, (max-width: 640px) 100vw, 640px\" \/><figcaption id=\"caption-attachment-2202\" class=\"wp-caption-text\">Foto: Rafa Catelan<\/figcaption><\/figure>\n<p>\u201cA expectativa \u00e9 de chegar para trabalhar firme, com muita humildade. \u00c9 um campeonato de um n\u00edvel t\u00e9cnico alt\u00edssimo. Muitos dos pilotos que est\u00e3o na categoria tem capacidade de brilhar no mundo inteiro. Vamos chegar com os p\u00e9s no ch\u00e3o. Espero conquistar o meu espa\u00e7o atrav\u00e9s da minha experi\u00eancia e tamb\u00e9m conseguir bons resultados, brigar por vit\u00f3rias e t\u00edtulos, ent\u00e3o vamos trabalhar bastante para que isso se torne realidade\u201d, diz Oliveira, vencedor da Corrida de Duplas de 2018 ao lado de Daniel Serra.<\/p>\n<p><iframe loading=\"lazy\" title=\"Novo piloto da Toyota Gazoo Racing | Momento Velocidade | Gazeta Motors\" width=\"640\" height=\"360\" src=\"https:\/\/www.youtube.com\/embed\/DiBeOtekOMg?feature=oembed\" frameborder=\"0\" allow=\"accelerometer; autoplay; clipboard-write; encrypted-media; gyroscope; picture-in-picture; web-share\" referrerpolicy=\"strict-origin-when-cross-origin\" allowfullscreen><\/iframe><\/p>\n<p>Gama, por sua vez, alcan\u00e7a a Stock Car um ano ap\u00f3s se sagrar campe\u00e3o do principal campeonato de acesso \u00e0 categoria m\u00e1xima do esporte a motor nacional, a Stock Light. A campanha do piloto nascido em Porto Alegre (RS) contou com nove vit\u00f3rias, 15 p\u00f3dios em 18 corridas disputadas, al\u00e9m de sete poles positions, garantindo o t\u00edtulo em Interlagos, mesmo local que recebe a abertura da temporada deste ano.<\/p>\n<figure id=\"attachment_2201\" aria-describedby=\"caption-attachment-2201\" style=\"width: 640px\" class=\"wp-caption alignnone\"><img loading=\"lazy\" decoding=\"async\" src=\"https:\/\/blogs.gazetaesportiva.com\/automobilismo\/files\/2025\/03\/449646_1145586_rafacatelan_arthurgarma_gazooracing2025_62268__2_-1024x681.jpg\" alt=\"Arthur Gama\" width=\"640\" height=\"426\" class=\"size-large wp-image-2201\" srcset=\"https:\/\/blogs.gazetaesportiva.com\/automobilismo\/files\/2025\/03\/449646_1145586_rafacatelan_arthurgarma_gazooracing2025_62268__2_-1024x681.jpg 1024w, https:\/\/blogs.gazetaesportiva.com\/automobilismo\/files\/2025\/03\/449646_1145586_rafacatelan_arthurgarma_gazooracing2025_62268__2_-300x200.jpg 300w, https:\/\/blogs.gazetaesportiva.com\/automobilismo\/files\/2025\/03\/449646_1145586_rafacatelan_arthurgarma_gazooracing2025_62268__2_-768x511.jpg 768w, https:\/\/blogs.gazetaesportiva.com\/automobilismo\/files\/2025\/03\/449646_1145586_rafacatelan_arthurgarma_gazooracing2025_62268__2_-1536x1022.jpg 1536w, https:\/\/blogs.gazetaesportiva.com\/automobilismo\/files\/2025\/03\/449646_1145586_rafacatelan_arthurgarma_gazooracing2025_62268__2_-2048x1363.jpg 2048w\" sizes=\"auto, (max-width: 640px) 100vw, 640px\" \/><figcaption id=\"caption-attachment-2201\" class=\"wp-caption-text\">Foto: Rafa Catelan<\/figcaption><\/figure>\n<p>\u201cEstou extremamente feliz por estar no grid da Stock Car. Desde o kart, minha fam\u00edlia e eu batalhamos muito para chegar a este objetivo. O t\u00edtulo da Stock Light me ajudou muito a conseguir alcan\u00e7ar a Stock Car. Quero agradecer ao Maur\u00edcio Ferreira e o time TOYOTA GAZOO Racing por me darem essa oportunidade maravilhosa. Vou me dedicar para conseguir os melhores resultados na categoria. \u00c9 um sonho ser piloto oficial TOYOTA GAZOO Racing e estou ansioso pelo come\u00e7o da temporada\u201d, disse Arthur Gama.<\/p>\n<p><iframe loading=\"lazy\" title=\"Novo piloto da Stock Car  | Momento Velocidade | Gazeta Motors\" width=\"640\" height=\"360\" src=\"https:\/\/www.youtube.com\/embed\/9a9pwMbMRUc?feature=oembed\" frameborder=\"0\" allow=\"accelerometer; autoplay; clipboard-write; encrypted-media; gyroscope; picture-in-picture; web-share\" referrerpolicy=\"strict-origin-when-cross-origin\" allowfullscreen><\/iframe><\/p>\n<p>A temporada 2025 da Stock Car ser\u00e1 iniciada no dia 4 de maio, com a disputa da etapa de S\u00e3o Paulo (SP), marcada para o Aut\u00f3dromo de Interlagos.<\/p>\n","protected":false},"excerpt":{"rendered":"<p>A TOYOTA GAZOO Racing anunciou a chegada de Jo\u00e3o Paulo de Oliveira e Arthur Gama como pilotos da fabricante para o campeonato deste ano. A <a class=\"read-more\" href=\"https:\/\/blogs.gazetaesportiva.com\/automobilismo\/2025\/03\/31\/momento-velocidade-traz-reportagem-especial-na-tv-gazeta-com-arthur-gama-e-joao-paulo-oliveira\/\">leia mais<\/a><\/p>\n","protected":false},"author":75,"featured_media":2176,"comment_status":"open","ping_status":"open","sticky":false,"template":"","format":"standard","meta":{"jetpack_post_was_ever_published":false,"_jetpack_newsletter_access":"","_jetpack_dont_email_post_to_subs":false,"_jetpack_newsletter_tier_id":0,"_jetpack_memberships_contains_paywalled_content":false,"_jetpack_memberships_contains_paid_content":false,"footnotes":"","jetpack_publicize_message":"","jetpack_publicize_feature_enabled":true,"jetpack_social_post_already_shared":false,"jetpack_social_options":{"image_generator_settings":{"template":"highway","default_image_id":0,"font":"","enabled":false},"version":2}},"categories":[1],"tags":[],"class_list":["post-2200","post","type-post","status-publish","format-standard","has-post-thumbnail","hentry","category-sem-categoria"],"jetpack_publicize_connections":[],"jetpack_featured_media_url":"https:\/\/blogs.gazetaesportiva.com\/automobilismo\/files\/2025\/03\/Pilotos_GR_2025b-1-scaled.jpg","jetpack_sharing_enabled":true,"jetpack_shortlink":"https:\/\/wp.me\/pblv91-zu","_links":{"self":[{"href":"https:\/\/blogs.gazetaesportiva.com\/automobilismo\/wp-json\/wp\/v2\/posts\/2200","targetHints":{"allow":["GET"]}}],"collection":[{"href":"https:\/\/blogs.gazetaesportiva.com\/automobilismo\/wp-json\/wp\/v2\/posts"}],"about":[{"href":"https:\/\/blogs.gazetaesportiva.com\/automobilismo\/wp-json\/wp\/v2\/types\/post"}],"author":[{"embeddable":true,"href":"https:\/\/blogs.gazetaesportiva.com\/automobilismo\/wp-json\/wp\/v2\/users\/75"}],"replies":[{"embeddable":true,"href":"https:\/\/blogs.gazetaesportiva.com\/automobilismo\/wp-json\/wp\/v2\/comments?post=2200"}],"version-history":[{"count":0,"href":"https:\/\/blogs.gazetaesportiva.com\/automobilismo\/wp-json\/wp\/v2\/posts\/2200\/revisions"}],"wp:featuredmedia":[{"embeddable":true,"href":"https:\/\/blogs.gazetaesportiva.com\/automobilismo\/wp-json\/wp\/v2\/media\/2176"}],"wp:attachment":[{"href":"https:\/\/blogs.gazetaesportiva.com\/automobilismo\/wp-json\/wp\/v2\/media?parent=2200"}],"wp:term":[{"taxonomy":"category","embeddable":true,"href":"https:\/\/blogs.gazetaesportiva.com\/automobilismo\/wp-json\/wp\/v2\/categories?post=2200"},{"taxonomy":"post_tag","embeddable":true,"href":"https:\/\/blogs.gazetaesportiva.com\/automobilismo\/wp-json\/wp\/v2\/tags?post=2200"}],"curies":[{"name":"wp","href":"https:\/\/api.w.org\/{rel}","templated":true}]}}