{"id":2198,"date":"2025-03-28T19:18:06","date_gmt":"2025-03-28T19:18:06","guid":{"rendered":"https:\/\/blogs.gazetaesportiva.com\/automobilismo\/?p=2198"},"modified":"2025-03-28T19:18:06","modified_gmt":"2025-03-28T19:18:06","slug":"f4-espanhola-miguel-costa-crava-segundo-tempo-dos-rookies-em-aragon-antes-da-estreia","status":"publish","type":"post","link":"https:\/\/blogs.gazetaesportiva.com\/automobilismo\/2025\/03\/28\/f4-espanhola-miguel-costa-crava-segundo-tempo-dos-rookies-em-aragon-antes-da-estreia\/","title":{"rendered":"F4 Espanhola: Miguel Costa crava segundo tempo dos Rookies em Arag\u00f3n antes da estreia"},"content":{"rendered":"<p>Piloto em seu primeiro ano atuando nos carros, Miguel Costa foi um dos destaques da sexta-feira (28) de treinos livres para a disputa da etapa de abertura da F4 Espanhola, marcada para o MotorLand, em Arag\u00f3n. O brasileiro, que defende a equipe Campos Racing, anotou o segundo melhor tempo entre os Rookies e foi o quinto melhor da \u00faltima das duas sess\u00f5es do dia.<\/p>\n<figure id=\"attachment_2199\" aria-describedby=\"caption-attachment-2199\" style=\"width: 640px\" class=\"wp-caption alignnone\"><img loading=\"lazy\" decoding=\"async\" src=\"https:\/\/blogs.gazetaesportiva.com\/automobilismo\/files\/2025\/03\/IMG_2526-1024x683.jpg\" alt=\"Miguel Costa\" width=\"640\" height=\"427\" class=\"size-large wp-image-2199\" srcset=\"https:\/\/blogs.gazetaesportiva.com\/automobilismo\/files\/2025\/03\/IMG_2526-1024x683.jpg 1024w, https:\/\/blogs.gazetaesportiva.com\/automobilismo\/files\/2025\/03\/IMG_2526-300x200.jpg 300w, https:\/\/blogs.gazetaesportiva.com\/automobilismo\/files\/2025\/03\/IMG_2526-768x512.jpg 768w, https:\/\/blogs.gazetaesportiva.com\/automobilismo\/files\/2025\/03\/IMG_2526.jpg 1500w\" sizes=\"auto, (max-width: 640px) 100vw, 640px\" \/><figcaption id=\"caption-attachment-2199\" class=\"wp-caption-text\">Foto: Eduardo Carta\u00f1a<\/figcaption><\/figure>\n<p>Miguel j\u00e1 havia mostrado for\u00e7a na primeira atividade do dia, quando registrou o quinto melhor tempo entre os Rookies e o nono lugar geral. Ap\u00f3s o encerramento dos treinos livres desta sexta-feira, o dono do carro n\u00famero 5 da Campos Racing foca esfor\u00e7os na programa\u00e7\u00e3o deste s\u00e1bado, que ter\u00e1 a defini\u00e7\u00e3o das posi\u00e7\u00f5es de largada e a primeira corrida do campeonato.<\/p>\n<p>\u201cFoi um primeiro dia positivo aqui em Arag\u00f3n com o segundo melhor tempo entre os Rookies na segunda sess\u00e3o do dia. Partimos bem para o s\u00e1bado, quando teremos a classifica\u00e7\u00e3o e a primeira das tr\u00eas corridas do final de semana\u201d, disse Miguel Costa, ap\u00f3s o primeiro dia de atividades para a rodada tripla em Arag\u00f3n.<\/p>\n<p>O brasileiro disputou antes da F4 Espanhola o Spanish Winter Championship (SWC), torneio de inverno da categoria. Miguel obteve uma vit\u00f3ria entre os Rookies, um segundo lugar geral como melhor resultado, pontuou em seis das nove corridas e finalizou o campeonato disputado entre os meses de janeiro e fevereiro entre os dez melhores da classifica\u00e7\u00e3o final.<\/p>\n<p>A F4 Espanhola d\u00e1 prosseguimento a programa\u00e7\u00e3o em Arag\u00f3n neste s\u00e1bado, quando ocorrem um treino livre, a classifica\u00e7\u00e3o e a primeira corrida da temporada, \u00e0s 11h55, com 30 minutos de dura\u00e7\u00e3o. O domingo fecha a etapa com duas corridas, uma de 25 minutos e outra de 30 minutos. O YouTube mostra a rodada tripla.<\/p>\n","protected":false},"excerpt":{"rendered":"<p>Piloto em seu primeiro ano atuando nos carros, Miguel Costa foi um dos destaques da sexta-feira (28) de treinos livres para a disputa da etapa <a class=\"read-more\" href=\"https:\/\/blogs.gazetaesportiva.com\/automobilismo\/2025\/03\/28\/f4-espanhola-miguel-costa-crava-segundo-tempo-dos-rookies-em-aragon-antes-da-estreia\/\">leia mais<\/a><\/p>\n","protected":false},"author":75,"featured_media":2199,"comment_status":"open","ping_status":"open","sticky":false,"template":"","format":"standard","meta":{"jetpack_post_was_ever_published":false,"_jetpack_newsletter_access":"","_jetpack_dont_email_post_to_subs":false,"_jetpack_newsletter_tier_id":0,"_jetpack_memberships_contains_paywalled_content":false,"_jetpack_memberships_contains_paid_content":false,"footnotes":"","jetpack_publicize_message":"","jetpack_publicize_feature_enabled":true,"jetpack_social_post_already_shared":false,"jetpack_social_options":{"image_generator_settings":{"template":"highway","default_image_id":0,"font":"","enabled":false},"version":2}},"categories":[1],"tags":[],"class_list":["post-2198","post","type-post","status-publish","format-standard","has-post-thumbnail","hentry","category-sem-categoria"],"jetpack_publicize_connections":[],"jetpack_featured_media_url":"https:\/\/blogs.gazetaesportiva.com\/automobilismo\/files\/2025\/03\/IMG_2526.jpg","jetpack_sharing_enabled":true,"jetpack_shortlink":"https:\/\/wp.me\/pblv91-zs","_links":{"self":[{"href":"https:\/\/blogs.gazetaesportiva.com\/automobilismo\/wp-json\/wp\/v2\/posts\/2198","targetHints":{"allow":["GET"]}}],"collection":[{"href":"https:\/\/blogs.gazetaesportiva.com\/automobilismo\/wp-json\/wp\/v2\/posts"}],"about":[{"href":"https:\/\/blogs.gazetaesportiva.com\/automobilismo\/wp-json\/wp\/v2\/types\/post"}],"author":[{"embeddable":true,"href":"https:\/\/blogs.gazetaesportiva.com\/automobilismo\/wp-json\/wp\/v2\/users\/75"}],"replies":[{"embeddable":true,"href":"https:\/\/blogs.gazetaesportiva.com\/automobilismo\/wp-json\/wp\/v2\/comments?post=2198"}],"version-history":[{"count":0,"href":"https:\/\/blogs.gazetaesportiva.com\/automobilismo\/wp-json\/wp\/v2\/posts\/2198\/revisions"}],"wp:featuredmedia":[{"embeddable":true,"href":"https:\/\/blogs.gazetaesportiva.com\/automobilismo\/wp-json\/wp\/v2\/media\/2199"}],"wp:attachment":[{"href":"https:\/\/blogs.gazetaesportiva.com\/automobilismo\/wp-json\/wp\/v2\/media?parent=2198"}],"wp:term":[{"taxonomy":"category","embeddable":true,"href":"https:\/\/blogs.gazetaesportiva.com\/automobilismo\/wp-json\/wp\/v2\/categories?post=2198"},{"taxonomy":"post_tag","embeddable":true,"href":"https:\/\/blogs.gazetaesportiva.com\/automobilismo\/wp-json\/wp\/v2\/tags?post=2198"}],"curies":[{"name":"wp","href":"https:\/\/api.w.org\/{rel}","templated":true}]}}