{"id":2196,"date":"2025-03-28T17:08:07","date_gmt":"2025-03-28T17:08:07","guid":{"rendered":"https:\/\/blogs.gazetaesportiva.com\/automobilismo\/?p=2196"},"modified":"2025-03-28T17:08:07","modified_gmt":"2025-03-28T17:08:07","slug":"rafael-camara-e-o-piloto-mais-rapido-dos-testes-da-f3-no-bahrein","status":"publish","type":"post","link":"https:\/\/blogs.gazetaesportiva.com\/automobilismo\/2025\/03\/28\/rafael-camara-e-o-piloto-mais-rapido-dos-testes-da-f3-no-bahrein\/","title":{"rendered":"Rafael C\u00e2mara \u00e9 o piloto mais r\u00e1pido dos testes da F3 no Bahrein"},"content":{"rendered":"<p>Vencedor da F3 na etapa de estreia na Austr\u00e1lia, Rafael C\u00e2mara segue demonstrando for\u00e7a para a sequ\u00eancia da sua temporada. O piloto brasileiro liderou as duas sess\u00f5es do \u00faltimo dos tr\u00eas dias de testes da categoria no Bahrein, cravando o tempo mais r\u00e1pido com a equipe Trident ainda na parte da manh\u00e3 desta sexta-feira (28) com o tempo de 1min48s252. <\/p>\n<figure id=\"attachment_2197\" aria-describedby=\"caption-attachment-2197\" style=\"width: 640px\" class=\"wp-caption alignnone\"><img loading=\"lazy\" decoding=\"async\" src=\"https:\/\/blogs.gazetaesportiva.com\/automobilismo\/files\/2025\/03\/20250328_F3_Teste_Bahrein_RafaelCamara_03_FIAF3-1024x683.jpeg\" alt=\"Rafael C\u00e2mara\" width=\"640\" height=\"427\" class=\"size-large wp-image-2197\" srcset=\"https:\/\/blogs.gazetaesportiva.com\/automobilismo\/files\/2025\/03\/20250328_F3_Teste_Bahrein_RafaelCamara_03_FIAF3-1024x683.jpeg 1024w, https:\/\/blogs.gazetaesportiva.com\/automobilismo\/files\/2025\/03\/20250328_F3_Teste_Bahrein_RafaelCamara_03_FIAF3-300x200.jpeg 300w, https:\/\/blogs.gazetaesportiva.com\/automobilismo\/files\/2025\/03\/20250328_F3_Teste_Bahrein_RafaelCamara_03_FIAF3-768x512.jpeg 768w, https:\/\/blogs.gazetaesportiva.com\/automobilismo\/files\/2025\/03\/20250328_F3_Teste_Bahrein_RafaelCamara_03_FIAF3-1536x1025.jpeg 1536w, https:\/\/blogs.gazetaesportiva.com\/automobilismo\/files\/2025\/03\/20250328_F3_Teste_Bahrein_RafaelCamara_03_FIAF3-2048x1366.jpeg 2048w\" sizes=\"auto, (max-width: 640px) 100vw, 640px\" \/><figcaption id=\"caption-attachment-2197\" class=\"wp-caption-text\">Foto: FIA Formula 3<\/figcaption><\/figure>\n<p>\u201cEstou muito feliz com o resultado. Estamos com uma grande expectativa para a pr\u00f3xima corrida. N\u00f3s temos ainda muito trabalho pela frente, mas estamos no caminho certo e vamos seguir acelerando forte\u201d, diz Rafael, que integra a Ferrari Driver Academy.<\/p>\n<p>Atual campe\u00e3o da FRECA, C\u00e2mara iniciou a temporada 2025 cravando a pole position da F3 na Austr\u00e1lia e venceu a primeira prova principal do ano com a pista molhada, em Melbourne. <\/p>\n<p>A pr\u00f3xima etapa da F3 \u00e9 justamente no Bahrein, com a rodada dupla sendo disputada nos dias 12 e 13 de abril.<\/p>\n","protected":false},"excerpt":{"rendered":"<p>Vencedor da F3 na etapa de estreia na Austr\u00e1lia, Rafael C\u00e2mara segue demonstrando for\u00e7a para a sequ\u00eancia da sua temporada. O piloto brasileiro liderou as <a class=\"read-more\" href=\"https:\/\/blogs.gazetaesportiva.com\/automobilismo\/2025\/03\/28\/rafael-camara-e-o-piloto-mais-rapido-dos-testes-da-f3-no-bahrein\/\">leia mais<\/a><\/p>\n","protected":false},"author":75,"featured_media":2197,"comment_status":"open","ping_status":"open","sticky":false,"template":"","format":"standard","meta":{"jetpack_post_was_ever_published":false,"_jetpack_newsletter_access":"","_jetpack_dont_email_post_to_subs":false,"_jetpack_newsletter_tier_id":0,"_jetpack_memberships_contains_paywalled_content":false,"_jetpack_memberships_contains_paid_content":false,"footnotes":"","jetpack_publicize_message":"","jetpack_publicize_feature_enabled":true,"jetpack_social_post_already_shared":false,"jetpack_social_options":{"image_generator_settings":{"template":"highway","default_image_id":0,"font":"","enabled":false},"version":2}},"categories":[1],"tags":[],"class_list":["post-2196","post","type-post","status-publish","format-standard","has-post-thumbnail","hentry","category-sem-categoria"],"jetpack_publicize_connections":[],"jetpack_featured_media_url":"https:\/\/blogs.gazetaesportiva.com\/automobilismo\/files\/2025\/03\/20250328_F3_Teste_Bahrein_RafaelCamara_03_FIAF3-scaled.jpeg","jetpack_sharing_enabled":true,"jetpack_shortlink":"https:\/\/wp.me\/pblv91-zq","_links":{"self":[{"href":"https:\/\/blogs.gazetaesportiva.com\/automobilismo\/wp-json\/wp\/v2\/posts\/2196","targetHints":{"allow":["GET"]}}],"collection":[{"href":"https:\/\/blogs.gazetaesportiva.com\/automobilismo\/wp-json\/wp\/v2\/posts"}],"about":[{"href":"https:\/\/blogs.gazetaesportiva.com\/automobilismo\/wp-json\/wp\/v2\/types\/post"}],"author":[{"embeddable":true,"href":"https:\/\/blogs.gazetaesportiva.com\/automobilismo\/wp-json\/wp\/v2\/users\/75"}],"replies":[{"embeddable":true,"href":"https:\/\/blogs.gazetaesportiva.com\/automobilismo\/wp-json\/wp\/v2\/comments?post=2196"}],"version-history":[{"count":0,"href":"https:\/\/blogs.gazetaesportiva.com\/automobilismo\/wp-json\/wp\/v2\/posts\/2196\/revisions"}],"wp:featuredmedia":[{"embeddable":true,"href":"https:\/\/blogs.gazetaesportiva.com\/automobilismo\/wp-json\/wp\/v2\/media\/2197"}],"wp:attachment":[{"href":"https:\/\/blogs.gazetaesportiva.com\/automobilismo\/wp-json\/wp\/v2\/media?parent=2196"}],"wp:term":[{"taxonomy":"category","embeddable":true,"href":"https:\/\/blogs.gazetaesportiva.com\/automobilismo\/wp-json\/wp\/v2\/categories?post=2196"},{"taxonomy":"post_tag","embeddable":true,"href":"https:\/\/blogs.gazetaesportiva.com\/automobilismo\/wp-json\/wp\/v2\/tags?post=2196"}],"curies":[{"name":"wp","href":"https:\/\/api.w.org\/{rel}","templated":true}]}}