{"id":2194,"date":"2025-03-27T20:38:21","date_gmt":"2025-03-27T20:38:21","guid":{"rendered":"https:\/\/blogs.gazetaesportiva.com\/automobilismo\/?p=2194"},"modified":"2025-03-27T20:38:21","modified_gmt":"2025-03-27T20:38:21","slug":"matheus-ferreira-e-selecionado-para-programa-de-desenvolvimento-da-porsche-carrera-cup-alema","status":"publish","type":"post","link":"https:\/\/blogs.gazetaesportiva.com\/automobilismo\/2025\/03\/27\/matheus-ferreira-e-selecionado-para-programa-de-desenvolvimento-da-porsche-carrera-cup-alema\/","title":{"rendered":"Matheus Ferreira \u00e9 selecionado para programa de desenvolvimento da Porsche Carrera Cup Alem\u00e3"},"content":{"rendered":"<p>Um dos mais talentosos pilotos brasileiros da nova gera\u00e7\u00e3o, Matheus Ferreira deu um passo importante para a sequ\u00eancia de carreira no automobilismo europeu. Matheus foi selecionado para integrar o Porsche Talent Pool, programa de desenvolvimento de pilotos do Porsche Carrera Cup da Alemanha.<\/p>\n<figure id=\"attachment_2195\" aria-describedby=\"caption-attachment-2195\" style=\"width: 640px\" class=\"wp-caption alignnone\"><img loading=\"lazy\" decoding=\"async\" src=\"https:\/\/blogs.gazetaesportiva.com\/automobilismo\/files\/2025\/03\/WhatsApp-Image-2025-03-27-at-17.33.26-1024x1024.jpeg\" alt=\"Matheus Ferreira\" width=\"640\" height=\"640\" class=\"size-large wp-image-2195\" srcset=\"https:\/\/blogs.gazetaesportiva.com\/automobilismo\/files\/2025\/03\/WhatsApp-Image-2025-03-27-at-17.33.26-1024x1024.jpeg 1024w, https:\/\/blogs.gazetaesportiva.com\/automobilismo\/files\/2025\/03\/WhatsApp-Image-2025-03-27-at-17.33.26-300x300.jpeg 300w, https:\/\/blogs.gazetaesportiva.com\/automobilismo\/files\/2025\/03\/WhatsApp-Image-2025-03-27-at-17.33.26-150x150.jpeg 150w, https:\/\/blogs.gazetaesportiva.com\/automobilismo\/files\/2025\/03\/WhatsApp-Image-2025-03-27-at-17.33.26-768x768.jpeg 768w, https:\/\/blogs.gazetaesportiva.com\/automobilismo\/files\/2025\/03\/WhatsApp-Image-2025-03-27-at-17.33.26.jpeg 1080w\" sizes=\"auto, (max-width: 640px) 100vw, 640px\" \/><figcaption id=\"caption-attachment-2195\" class=\"wp-caption-text\">Foto: divulga\u00e7\u00e3o<\/figcaption><\/figure>\n<p>O brasiliense vive a fase final de prepara\u00e7\u00e3o para a disputa da temporada do Porsche Carrera Cup Alem\u00e3. Antes, em suas primeiras corridas em categorias de Turismo, se destacou no Porsche Sprint Challenge Southern Europe, onde conquistou uma vit\u00f3ria e quatro p\u00f3dios. Ferreira, atualmente com 18 anos, ser\u00e1 o primeiro sul-americano a participar do Porsche Talent Pool.<\/p>\n<p>O Porsche Talent Pool oferece aos pilotos desenvolvimento em diversas \u00e1reas. Dentro do programa est\u00e1 o apoio de coachs para evolu\u00e7\u00e3o de pilotagem, workshops para o trabalho junto da m\u00eddia especializada em esporte a motor e tamb\u00e9m com patrocinadores.<\/p>\n<p>\u201cEstou muito feliz por ser selecionado para integrar o Porsche Talent Pool. Ainda \u00e9 o meu come\u00e7o de trajet\u00f3ria nos carros de Turismo e participar de um programa como este \u00e9 a mostra da confian\u00e7a que todos t\u00eam em meu trabalho, e vai ajudar com meu desenvolvimento como piloto e tamb\u00e9m para a temporada da Porsche Carrera Cup Alem\u00e3\u201d, disse Matheus Ferreira, que realiza nesta semana os \u00faltimos testes de pr\u00e9-temporada.<\/p>\n<p>O piloto agora se prepara para a etapa de abertura do campeonato, marcada para os dias 18, 19 e 20 de abril no Aut\u00f3dromo Enzo e Dino Ferrari, em \u00cdmola, na It\u00e1lia. Matheus defender\u00e1 a Target Competition, mesma equipe pela qual competiu o Porsche Sprint Challenge Southern Europe no in\u00edcio deste ano.<\/p>\n","protected":false},"excerpt":{"rendered":"<p>Um dos mais talentosos pilotos brasileiros da nova gera\u00e7\u00e3o, Matheus Ferreira deu um passo importante para a sequ\u00eancia de carreira no automobilismo europeu. Matheus foi <a class=\"read-more\" href=\"https:\/\/blogs.gazetaesportiva.com\/automobilismo\/2025\/03\/27\/matheus-ferreira-e-selecionado-para-programa-de-desenvolvimento-da-porsche-carrera-cup-alema\/\">leia mais<\/a><\/p>\n","protected":false},"author":75,"featured_media":2195,"comment_status":"open","ping_status":"open","sticky":false,"template":"","format":"standard","meta":{"jetpack_post_was_ever_published":false,"_jetpack_newsletter_access":"","_jetpack_dont_email_post_to_subs":false,"_jetpack_newsletter_tier_id":0,"_jetpack_memberships_contains_paywalled_content":false,"_jetpack_memberships_contains_paid_content":false,"footnotes":"","jetpack_publicize_message":"","jetpack_publicize_feature_enabled":true,"jetpack_social_post_already_shared":false,"jetpack_social_options":{"image_generator_settings":{"template":"highway","default_image_id":0,"font":"","enabled":false},"version":2}},"categories":[1],"tags":[],"class_list":["post-2194","post","type-post","status-publish","format-standard","has-post-thumbnail","hentry","category-sem-categoria"],"jetpack_publicize_connections":[],"jetpack_featured_media_url":"https:\/\/blogs.gazetaesportiva.com\/automobilismo\/files\/2025\/03\/WhatsApp-Image-2025-03-27-at-17.33.26.jpeg","jetpack_sharing_enabled":true,"jetpack_shortlink":"https:\/\/wp.me\/pblv91-zo","_links":{"self":[{"href":"https:\/\/blogs.gazetaesportiva.com\/automobilismo\/wp-json\/wp\/v2\/posts\/2194","targetHints":{"allow":["GET"]}}],"collection":[{"href":"https:\/\/blogs.gazetaesportiva.com\/automobilismo\/wp-json\/wp\/v2\/posts"}],"about":[{"href":"https:\/\/blogs.gazetaesportiva.com\/automobilismo\/wp-json\/wp\/v2\/types\/post"}],"author":[{"embeddable":true,"href":"https:\/\/blogs.gazetaesportiva.com\/automobilismo\/wp-json\/wp\/v2\/users\/75"}],"replies":[{"embeddable":true,"href":"https:\/\/blogs.gazetaesportiva.com\/automobilismo\/wp-json\/wp\/v2\/comments?post=2194"}],"version-history":[{"count":0,"href":"https:\/\/blogs.gazetaesportiva.com\/automobilismo\/wp-json\/wp\/v2\/posts\/2194\/revisions"}],"wp:featuredmedia":[{"embeddable":true,"href":"https:\/\/blogs.gazetaesportiva.com\/automobilismo\/wp-json\/wp\/v2\/media\/2195"}],"wp:attachment":[{"href":"https:\/\/blogs.gazetaesportiva.com\/automobilismo\/wp-json\/wp\/v2\/media?parent=2194"}],"wp:term":[{"taxonomy":"category","embeddable":true,"href":"https:\/\/blogs.gazetaesportiva.com\/automobilismo\/wp-json\/wp\/v2\/categories?post=2194"},{"taxonomy":"post_tag","embeddable":true,"href":"https:\/\/blogs.gazetaesportiva.com\/automobilismo\/wp-json\/wp\/v2\/tags?post=2194"}],"curies":[{"name":"wp","href":"https:\/\/api.w.org\/{rel}","templated":true}]}}