{"id":2193,"date":"2025-03-27T12:55:24","date_gmt":"2025-03-27T12:55:24","guid":{"rendered":"https:\/\/blogs.gazetaesportiva.com\/automobilismo\/?p=2193"},"modified":"2025-03-27T12:55:24","modified_gmt":"2025-03-27T12:55:24","slug":"marcella-assumpcao-chega-para-segunda-etapa-como-lider-da-copa-sao-paulo-bradesco-de-kart","status":"publish","type":"post","link":"https:\/\/blogs.gazetaesportiva.com\/automobilismo\/2025\/03\/27\/marcella-assumpcao-chega-para-segunda-etapa-como-lider-da-copa-sao-paulo-bradesco-de-kart\/","title":{"rendered":"Marcella Assump\u00e7\u00e3o chega para segunda etapa como l\u00edder da Copa S\u00e3o Paulo Bradesco de Kart"},"content":{"rendered":"<p>Um dos mais importantes campeonatos regionais do Pa\u00eds, a Copa S\u00e3o Paulo Bradesco de Kart tem neste final de semana a disputa de sua segunda etapa da temporada 2025. E Marcella Assump\u00e7\u00e3o parte em busca das vit\u00f3rias nas categorias Rotax J\u00fanior Max e F4 J\u00fanior. A disputa ocorre neste s\u00e1bado (29), no Kart\u00f3dromo Granja Viana, em Cotia (SP).<\/p>\n<figure id=\"attachment_2118\" aria-describedby=\"caption-attachment-2118\" style=\"width: 640px\" class=\"wp-caption alignnone\"><img loading=\"lazy\" decoding=\"async\" class=\"size-large wp-image-2118\" src=\"https:\/\/blogs.gazetaesportiva.com\/automobilismo\/files\/2025\/02\/gr3a20251a-616-1-1024x682.jpg\" alt=\"Marcella Assump\u00e7\u00e3o\" width=\"640\" height=\"426\" srcset=\"https:\/\/blogs.gazetaesportiva.com\/automobilismo\/files\/2025\/02\/gr3a20251a-616-1-1024x682.jpg 1024w, https:\/\/blogs.gazetaesportiva.com\/automobilismo\/files\/2025\/02\/gr3a20251a-616-1-300x200.jpg 300w, https:\/\/blogs.gazetaesportiva.com\/automobilismo\/files\/2025\/02\/gr3a20251a-616-1-768x511.jpg 768w, https:\/\/blogs.gazetaesportiva.com\/automobilismo\/files\/2025\/02\/gr3a20251a-616-1-1536x1023.jpg 1536w, https:\/\/blogs.gazetaesportiva.com\/automobilismo\/files\/2025\/02\/gr3a20251a-616-1-2048x1364.jpg 2048w\" sizes=\"auto, (max-width: 640px) 100vw, 640px\" \/><figcaption id=\"caption-attachment-2118\" class=\"wp-caption-text\">Foto: divulga\u00e7\u00e3o<\/figcaption><\/figure>\n<p>A pilota chega embalada por bons resultados na etapa de abertura do campeonato, realizada em fevereiro. Na ocasi\u00e3o, Marcella venceu as tr\u00eas baterias da F4 J\u00fanior. A representante feminina do grid tamb\u00e9m vem de p\u00f3dios na classe OKN J\u00fanior e F4 J\u00fanior da Copa S\u00e3o Paulo Light, em Interlagos.<\/p>\n<p>\u201cVamos para a segunda etapa com uma expectativa muito boa. Na primeira etapa da Copa S\u00e3o Paulo Bradesco venci as tr\u00eas baterias da F4 J\u00fanior, e a ideia \u00e9 brigar pela vit\u00f3ria novamente. E quero ter bons resultados tamb\u00e9m na Rotax J\u00fanior Max para brigar por um lugar no p\u00f3dio. Vou trabalhar nos treinos para isso\u201d, diz Marcella Assump\u00e7\u00e3o.<\/p>\n<p>Na atual temporada, firmou acordo como pilota de f\u00e1brica da equipe Kart Republic(fabricante Italiano) para a disputa de campeonatos na classe OKN J\u00fanior. Al\u00e9m disso, Marcella Assump\u00e7\u00e3o tem parceria com a MFT, empresa internacional de gerenciamento de carreira de jovens pilotos.<\/p>\n<p>At\u00e9 a pr\u00f3xima sexta-feira a programa\u00e7\u00e3o da Copa S\u00e3o Paulo Bradesco de Kart prev\u00ea a realiza\u00e7\u00e3o de dois treinos livres por dia tanto para a Rotax J\u00fanior Max quanto para a F4 J\u00fanior. Marcella disputa a tomada de tempo e as baterias das duas categorias no s\u00e1bado.<\/p>\n","protected":false},"excerpt":{"rendered":"<p>Um dos mais importantes campeonatos regionais do Pa\u00eds, a Copa S\u00e3o Paulo Bradesco de Kart tem neste final de semana a disputa de sua segunda <a class=\"read-more\" href=\"https:\/\/blogs.gazetaesportiva.com\/automobilismo\/2025\/03\/27\/marcella-assumpcao-chega-para-segunda-etapa-como-lider-da-copa-sao-paulo-bradesco-de-kart\/\">leia mais<\/a><\/p>\n","protected":false},"author":75,"featured_media":2118,"comment_status":"open","ping_status":"open","sticky":false,"template":"","format":"standard","meta":{"jetpack_post_was_ever_published":false,"_jetpack_newsletter_access":"","_jetpack_dont_email_post_to_subs":false,"_jetpack_newsletter_tier_id":0,"_jetpack_memberships_contains_paywalled_content":false,"_jetpack_memberships_contains_paid_content":false,"footnotes":"","jetpack_publicize_message":"","jetpack_publicize_feature_enabled":true,"jetpack_social_post_already_shared":false,"jetpack_social_options":{"image_generator_settings":{"template":"highway","default_image_id":0,"font":"","enabled":false},"version":2}},"categories":[1],"tags":[],"class_list":["post-2193","post","type-post","status-publish","format-standard","has-post-thumbnail","hentry","category-sem-categoria"],"jetpack_publicize_connections":[],"jetpack_featured_media_url":"https:\/\/blogs.gazetaesportiva.com\/automobilismo\/files\/2025\/02\/gr3a20251a-616-1-scaled.jpg","jetpack_sharing_enabled":true,"jetpack_shortlink":"https:\/\/wp.me\/pblv91-zn","_links":{"self":[{"href":"https:\/\/blogs.gazetaesportiva.com\/automobilismo\/wp-json\/wp\/v2\/posts\/2193","targetHints":{"allow":["GET"]}}],"collection":[{"href":"https:\/\/blogs.gazetaesportiva.com\/automobilismo\/wp-json\/wp\/v2\/posts"}],"about":[{"href":"https:\/\/blogs.gazetaesportiva.com\/automobilismo\/wp-json\/wp\/v2\/types\/post"}],"author":[{"embeddable":true,"href":"https:\/\/blogs.gazetaesportiva.com\/automobilismo\/wp-json\/wp\/v2\/users\/75"}],"replies":[{"embeddable":true,"href":"https:\/\/blogs.gazetaesportiva.com\/automobilismo\/wp-json\/wp\/v2\/comments?post=2193"}],"version-history":[{"count":0,"href":"https:\/\/blogs.gazetaesportiva.com\/automobilismo\/wp-json\/wp\/v2\/posts\/2193\/revisions"}],"wp:featuredmedia":[{"embeddable":true,"href":"https:\/\/blogs.gazetaesportiva.com\/automobilismo\/wp-json\/wp\/v2\/media\/2118"}],"wp:attachment":[{"href":"https:\/\/blogs.gazetaesportiva.com\/automobilismo\/wp-json\/wp\/v2\/media?parent=2193"}],"wp:term":[{"taxonomy":"category","embeddable":true,"href":"https:\/\/blogs.gazetaesportiva.com\/automobilismo\/wp-json\/wp\/v2\/categories?post=2193"},{"taxonomy":"post_tag","embeddable":true,"href":"https:\/\/blogs.gazetaesportiva.com\/automobilismo\/wp-json\/wp\/v2\/tags?post=2193"}],"curies":[{"name":"wp","href":"https:\/\/api.w.org\/{rel}","templated":true}]}}