{"id":2191,"date":"2025-03-27T12:17:15","date_gmt":"2025-03-27T12:17:15","guid":{"rendered":"https:\/\/blogs.gazetaesportiva.com\/automobilismo\/?p=2191"},"modified":"2025-03-27T12:17:15","modified_gmt":"2025-03-27T12:17:15","slug":"embalado-por-vitoria-na-rookie-miguel-costa-estreia-na-f4-espanhola-em-aragon","status":"publish","type":"post","link":"https:\/\/blogs.gazetaesportiva.com\/automobilismo\/2025\/03\/27\/embalado-por-vitoria-na-rookie-miguel-costa-estreia-na-f4-espanhola-em-aragon\/","title":{"rendered":"Embalado por vit\u00f3ria na rookie, Miguel Costa estreia na F4 Espanhola em Arag\u00f3n"},"content":{"rendered":"<p>A temporada 2025 da F4 Espanhola come\u00e7a neste final de semana com a disputa da primeira de sete etapas, marcada para o MotorLand, aut\u00f3dromo localizado em Arag\u00f3n. Embalado por bons desempenhos no Spanish Winter Championship, Miguel Costa parte para a primeira rodada tripla do ano confiante em brigar por vit\u00f3rias e p\u00f3dios.<\/p>\n<figure id=\"attachment_2192\" aria-describedby=\"caption-attachment-2192\" style=\"width: 640px\" class=\"wp-caption alignnone\"><img loading=\"lazy\" decoding=\"async\" src=\"https:\/\/blogs.gazetaesportiva.com\/automobilismo\/files\/2025\/03\/448867_1142969_whatsapp_image_2025_02_24_at_14.11.03-1024x683.jpeg\" alt=\"Miguel Costa\" width=\"640\" height=\"427\" class=\"size-large wp-image-2192\" srcset=\"https:\/\/blogs.gazetaesportiva.com\/automobilismo\/files\/2025\/03\/448867_1142969_whatsapp_image_2025_02_24_at_14.11.03-1024x683.jpeg 1024w, https:\/\/blogs.gazetaesportiva.com\/automobilismo\/files\/2025\/03\/448867_1142969_whatsapp_image_2025_02_24_at_14.11.03-300x200.jpeg 300w, https:\/\/blogs.gazetaesportiva.com\/automobilismo\/files\/2025\/03\/448867_1142969_whatsapp_image_2025_02_24_at_14.11.03-768x512.jpeg 768w, https:\/\/blogs.gazetaesportiva.com\/automobilismo\/files\/2025\/03\/448867_1142969_whatsapp_image_2025_02_24_at_14.11.03-1536x1024.jpeg 1536w, https:\/\/blogs.gazetaesportiva.com\/automobilismo\/files\/2025\/03\/448867_1142969_whatsapp_image_2025_02_24_at_14.11.03-2048x1366.jpeg 2048w\" sizes=\"auto, (max-width: 640px) 100vw, 640px\" \/><figcaption id=\"caption-attachment-2192\" class=\"wp-caption-text\">Foto: Eduardo Carta\u00f1a<\/figcaption><\/figure>\n<p>O SWC com carros de F4 foi formado por tr\u00eas etapas, todas elas com tr\u00eas corridas cada. Miguel garantiu um p\u00f3dio, com o segundo lugar em Navarra, e cinco chegadas entre os dez primeiros, resultados que o colocaram na oitava posi\u00e7\u00e3o do campeonato. Para a estreia na F4 Espanhola, o piloto da Campos Racing espera manter o bom desempenho.<\/p>\n<p>\u201cA gente vem de uma boa participa\u00e7\u00e3o no torneio de inverno e trabalhei no simulador na \u00faltima semana. Estamos prontos para a primeira etapa da temporada da F4 Espanhola. Vamos para Arag\u00f3n buscando subir no p\u00f3dio e brigar por vit\u00f3rias nesta primeira etapa do campeonato\u201d, disse Miguel Costa.<\/p>\n<p>A programa\u00e7\u00e3o da F4 Espanhola em Arag\u00f3n ter\u00e1 in\u00edcio nesta sexta-feira, quando ocorrem duas sess\u00f5es de testes coletivos. O s\u00e1bado contar\u00e1 com um treino livre, a primeira classifica\u00e7\u00e3o do final de semana e a corrida que abre o campeonato, com 30 minutos de dura\u00e7\u00e3o. O domingo fecha a etapa com duas corridas, uma de 25 minutos e outra de 30 minutos. O YouTube mostra a rodada tripla.<\/p>\n<p><strong>Confira a programa\u00e7\u00e3o da etapa de abertura da F4 Espanhola:<\/strong><\/p>\n<p><strong>Sexta-feira, 28 de mar\u00e7o<\/strong><br \/>\n4h50 &#8211; teste oficial 1<br \/>\n10h30 &#8211; teste oficial 2<\/p>\n<p><strong>S\u00e1bado, 29 de mar\u00e7o<\/strong><br \/>\n3h30 &#8211; treino livre<br \/>\n5h55 &#8211; classifica\u00e7\u00e3o 1<br \/>\n11h55 &#8211; corrida 1 (30min + 1 volta)<\/p>\n<p><strong>Domingo, 30 de mar\u00e7o<\/strong><br \/>\n3h30 &#8211; classifica\u00e7\u00e3o 2<br \/>\n5h50 &#8211; corrida 2 (25min + 1 volta)<br \/>\n12h25 &#8211; corrida 3 (30min + 1 volta)<\/p>\n","protected":false},"excerpt":{"rendered":"<p>A temporada 2025 da F4 Espanhola come\u00e7a neste final de semana com a disputa da primeira de sete etapas, marcada para o MotorLand, aut\u00f3dromo localizado <a class=\"read-more\" href=\"https:\/\/blogs.gazetaesportiva.com\/automobilismo\/2025\/03\/27\/embalado-por-vitoria-na-rookie-miguel-costa-estreia-na-f4-espanhola-em-aragon\/\">leia mais<\/a><\/p>\n","protected":false},"author":75,"featured_media":2192,"comment_status":"open","ping_status":"open","sticky":false,"template":"","format":"standard","meta":{"jetpack_post_was_ever_published":false,"_jetpack_newsletter_access":"","_jetpack_dont_email_post_to_subs":false,"_jetpack_newsletter_tier_id":0,"_jetpack_memberships_contains_paywalled_content":false,"_jetpack_memberships_contains_paid_content":false,"footnotes":"","jetpack_publicize_message":"","jetpack_publicize_feature_enabled":true,"jetpack_social_post_already_shared":false,"jetpack_social_options":{"image_generator_settings":{"template":"highway","default_image_id":0,"font":"","enabled":false},"version":2}},"categories":[1],"tags":[],"class_list":["post-2191","post","type-post","status-publish","format-standard","has-post-thumbnail","hentry","category-sem-categoria"],"jetpack_publicize_connections":[],"jetpack_featured_media_url":"https:\/\/blogs.gazetaesportiva.com\/automobilismo\/files\/2025\/03\/448867_1142969_whatsapp_image_2025_02_24_at_14.11.03-scaled.jpeg","jetpack_sharing_enabled":true,"jetpack_shortlink":"https:\/\/wp.me\/pblv91-zl","_links":{"self":[{"href":"https:\/\/blogs.gazetaesportiva.com\/automobilismo\/wp-json\/wp\/v2\/posts\/2191","targetHints":{"allow":["GET"]}}],"collection":[{"href":"https:\/\/blogs.gazetaesportiva.com\/automobilismo\/wp-json\/wp\/v2\/posts"}],"about":[{"href":"https:\/\/blogs.gazetaesportiva.com\/automobilismo\/wp-json\/wp\/v2\/types\/post"}],"author":[{"embeddable":true,"href":"https:\/\/blogs.gazetaesportiva.com\/automobilismo\/wp-json\/wp\/v2\/users\/75"}],"replies":[{"embeddable":true,"href":"https:\/\/blogs.gazetaesportiva.com\/automobilismo\/wp-json\/wp\/v2\/comments?post=2191"}],"version-history":[{"count":0,"href":"https:\/\/blogs.gazetaesportiva.com\/automobilismo\/wp-json\/wp\/v2\/posts\/2191\/revisions"}],"wp:featuredmedia":[{"embeddable":true,"href":"https:\/\/blogs.gazetaesportiva.com\/automobilismo\/wp-json\/wp\/v2\/media\/2192"}],"wp:attachment":[{"href":"https:\/\/blogs.gazetaesportiva.com\/automobilismo\/wp-json\/wp\/v2\/media?parent=2191"}],"wp:term":[{"taxonomy":"category","embeddable":true,"href":"https:\/\/blogs.gazetaesportiva.com\/automobilismo\/wp-json\/wp\/v2\/categories?post=2191"},{"taxonomy":"post_tag","embeddable":true,"href":"https:\/\/blogs.gazetaesportiva.com\/automobilismo\/wp-json\/wp\/v2\/tags?post=2191"}],"curies":[{"name":"wp","href":"https:\/\/api.w.org\/{rel}","templated":true}]}}