{"id":2187,"date":"2025-03-26T12:55:09","date_gmt":"2025-03-26T12:55:09","guid":{"rendered":"https:\/\/blogs.gazetaesportiva.com\/automobilismo\/?p=2187"},"modified":"2025-03-26T12:55:09","modified_gmt":"2025-03-26T12:55:09","slug":"momento-velocidade-fala-de-f1-nascar-brasil-e-anuncios-na-stock-car","status":"publish","type":"post","link":"https:\/\/blogs.gazetaesportiva.com\/automobilismo\/2025\/03\/26\/momento-velocidade-fala-de-f1-nascar-brasil-e-anuncios-na-stock-car\/","title":{"rendered":"Momento Velocidade fala de F1, NASCAR Brasil e an\u00fancios na Stock Car"},"content":{"rendered":"<p>O Momento Velocidade desta ter\u00e7a-feira (25) falou sobre o GP da China de F1, que teve vit\u00f3ria de Oscar Piastri e Lewis Hamilton levando a melhor na primeira Sprint da temporada 2025.<\/p>\n<figure id=\"attachment_2188\" aria-describedby=\"caption-attachment-2188\" style=\"width: 640px\" class=\"wp-caption alignnone\"><img loading=\"lazy\" decoding=\"async\" src=\"https:\/\/blogs.gazetaesportiva.com\/automobilismo\/files\/2025\/03\/Gmti4uyXIAAjZtY-1024x682.jpeg\" alt=\"Oscar Piastri\" width=\"640\" height=\"426\" class=\"size-large wp-image-2188\" srcset=\"https:\/\/blogs.gazetaesportiva.com\/automobilismo\/files\/2025\/03\/Gmti4uyXIAAjZtY-1024x682.jpeg 1024w, https:\/\/blogs.gazetaesportiva.com\/automobilismo\/files\/2025\/03\/Gmti4uyXIAAjZtY-300x200.jpeg 300w, https:\/\/blogs.gazetaesportiva.com\/automobilismo\/files\/2025\/03\/Gmti4uyXIAAjZtY-768x512.jpeg 768w, https:\/\/blogs.gazetaesportiva.com\/automobilismo\/files\/2025\/03\/Gmti4uyXIAAjZtY-1536x1023.jpeg 1536w, https:\/\/blogs.gazetaesportiva.com\/automobilismo\/files\/2025\/03\/Gmti4uyXIAAjZtY.jpeg 1600w\" sizes=\"auto, (max-width: 640px) 100vw, 640px\" \/><figcaption id=\"caption-attachment-2188\" class=\"wp-caption-text\">Foto: McLaren<\/figcaption><\/figure>\n<p>O programa tamb\u00e9m mostrou que os pilotos da Stock Car ainda aguardam o come\u00e7o do campeonato, mas j\u00e1 estiveram em a\u00e7\u00e3o na NASCAR Brasil. Foi o caso do tricampe\u00e3o Gabriel Casagrande, que esteve em a\u00e7\u00e3o em Campo Grande (MS) e falou com o Momento Velocidade.<\/p>\n<figure id=\"attachment_2189\" aria-describedby=\"caption-attachment-2189\" style=\"width: 640px\" class=\"wp-caption alignnone\"><img loading=\"lazy\" decoding=\"async\" src=\"https:\/\/blogs.gazetaesportiva.com\/automobilismo\/files\/2025\/03\/WhatsApp-Image-2025-03-23-at-16.39.51-1024x683.jpeg\" alt=\"Gabriel Casagrande\" width=\"640\" height=\"427\" class=\"size-large wp-image-2189\" srcset=\"https:\/\/blogs.gazetaesportiva.com\/automobilismo\/files\/2025\/03\/WhatsApp-Image-2025-03-23-at-16.39.51-1024x683.jpeg 1024w, https:\/\/blogs.gazetaesportiva.com\/automobilismo\/files\/2025\/03\/WhatsApp-Image-2025-03-23-at-16.39.51-300x200.jpeg 300w, https:\/\/blogs.gazetaesportiva.com\/automobilismo\/files\/2025\/03\/WhatsApp-Image-2025-03-23-at-16.39.51-768x512.jpeg 768w, https:\/\/blogs.gazetaesportiva.com\/automobilismo\/files\/2025\/03\/WhatsApp-Image-2025-03-23-at-16.39.51-1536x1024.jpeg 1536w, https:\/\/blogs.gazetaesportiva.com\/automobilismo\/files\/2025\/03\/WhatsApp-Image-2025-03-23-at-16.39.51-2048x1366.jpeg 2048w\" sizes=\"auto, (max-width: 640px) 100vw, 640px\" \/><figcaption id=\"caption-attachment-2189\" class=\"wp-caption-text\">Foto: Rodrigo Guimar\u00e3es<\/figcaption><\/figure>\n<p>Ainda na Stock Car, a ter\u00e7a-feira foi marcada por um an\u00fancio. Rafael Reis, piloto que vai fazer a estreia na categoria, revelou o Corolla Cross que vai pilotar neste ano. O Toyota ser\u00e1 preparado pela CAR Racing Sterling e levar\u00e1 as cores do Bradesco.<\/p>\n<figure id=\"attachment_2173\" aria-describedby=\"caption-attachment-2173\" style=\"width: 640px\" class=\"wp-caption alignnone\"><img loading=\"lazy\" decoding=\"async\" src=\"https:\/\/blogs.gazetaesportiva.com\/automobilismo\/files\/2025\/03\/CarRacing2025_Toyota_Frente_Bradesco_v2-1024x461.png\" alt=\"\" width=\"640\" height=\"288\" class=\"size-large wp-image-2173\" srcset=\"https:\/\/blogs.gazetaesportiva.com\/automobilismo\/files\/2025\/03\/CarRacing2025_Toyota_Frente_Bradesco_v2-1024x461.png 1024w, https:\/\/blogs.gazetaesportiva.com\/automobilismo\/files\/2025\/03\/CarRacing2025_Toyota_Frente_Bradesco_v2-300x135.png 300w, https:\/\/blogs.gazetaesportiva.com\/automobilismo\/files\/2025\/03\/CarRacing2025_Toyota_Frente_Bradesco_v2-768x346.png 768w, https:\/\/blogs.gazetaesportiva.com\/automobilismo\/files\/2025\/03\/CarRacing2025_Toyota_Frente_Bradesco_v2-1536x691.png 1536w, https:\/\/blogs.gazetaesportiva.com\/automobilismo\/files\/2025\/03\/CarRacing2025_Toyota_Frente_Bradesco_v2-2048x922.png 2048w\" sizes=\"auto, (max-width: 640px) 100vw, 640px\" \/><figcaption id=\"caption-attachment-2173\" class=\"wp-caption-text\">Foto: divulga\u00e7\u00e3o<\/figcaption><\/figure>\n<p><iframe loading=\"lazy\" title=\"&quot;2025 ser\u00e1 um ano muito equilibrado na F1&quot;, diz Rodrigo Fran\u00e7a | MOMENTO VELOCIDADE (25\/03\/25)\" width=\"640\" height=\"360\" src=\"https:\/\/www.youtube.com\/embed\/C7Yqz52WU0g?feature=oembed\" frameborder=\"0\" allow=\"accelerometer; autoplay; clipboard-write; encrypted-media; gyroscope; picture-in-picture; web-share\" referrerpolicy=\"strict-origin-when-cross-origin\" allowfullscreen><\/iframe><\/p>\n<p>A TOYOTA GAZOO Racing tamb\u00e9m anunciou a dupla de pilotos da Full Time Sports. Jo\u00e3o Paulo de Oliveira e Arthur Gama v\u00e3o estrear na Stock Car. Gama \u00e9 o atual campe\u00e3o da Stock Light, e \u201cJP\u201d tem possui v\u00e1rios t\u00edtulos no automobilismo japon\u00eas. Os dois falaram com a gente.<\/p>\n<figure id=\"attachment_2176\" aria-describedby=\"caption-attachment-2176\" style=\"width: 640px\" class=\"wp-caption alignnone\"><img loading=\"lazy\" decoding=\"async\" src=\"https:\/\/blogs.gazetaesportiva.com\/automobilismo\/files\/2025\/03\/Pilotos_GR_2025b-1-1024x672.jpg\" alt=\"\" width=\"640\" height=\"420\" class=\"size-large wp-image-2176\" srcset=\"https:\/\/blogs.gazetaesportiva.com\/automobilismo\/files\/2025\/03\/Pilotos_GR_2025b-1-1024x672.jpg 1024w, https:\/\/blogs.gazetaesportiva.com\/automobilismo\/files\/2025\/03\/Pilotos_GR_2025b-1-300x197.jpg 300w, https:\/\/blogs.gazetaesportiva.com\/automobilismo\/files\/2025\/03\/Pilotos_GR_2025b-1-768x504.jpg 768w, https:\/\/blogs.gazetaesportiva.com\/automobilismo\/files\/2025\/03\/Pilotos_GR_2025b-1-1536x1008.jpg 1536w, https:\/\/blogs.gazetaesportiva.com\/automobilismo\/files\/2025\/03\/Pilotos_GR_2025b-1-2048x1344.jpg 2048w\" sizes=\"auto, (max-width: 640px) 100vw, 640px\" \/><figcaption id=\"caption-attachment-2176\" class=\"wp-caption-text\">Foto: divulga\u00e7\u00e3o<\/figcaption><\/figure>\n<p>A nova dupla da TOYOTA GAZOO Racing ser\u00e1 o tema do Momento Velocidade neste domingo, 11h e 23h.<\/p>\n","protected":false},"excerpt":{"rendered":"<p>O Momento Velocidade desta ter\u00e7a-feira (25) falou sobre o GP da China de F1, que teve vit\u00f3ria de Oscar Piastri e Lewis Hamilton levando a <a class=\"read-more\" href=\"https:\/\/blogs.gazetaesportiva.com\/automobilismo\/2025\/03\/26\/momento-velocidade-fala-de-f1-nascar-brasil-e-anuncios-na-stock-car\/\">leia mais<\/a><\/p>\n","protected":false},"author":75,"featured_media":2189,"comment_status":"open","ping_status":"open","sticky":false,"template":"","format":"standard","meta":{"jetpack_post_was_ever_published":false,"_jetpack_newsletter_access":"","_jetpack_dont_email_post_to_subs":false,"_jetpack_newsletter_tier_id":0,"_jetpack_memberships_contains_paywalled_content":false,"_jetpack_memberships_contains_paid_content":false,"footnotes":"","jetpack_publicize_message":"","jetpack_publicize_feature_enabled":true,"jetpack_social_post_already_shared":false,"jetpack_social_options":{"image_generator_settings":{"template":"highway","default_image_id":0,"font":"","enabled":false},"version":2}},"categories":[1],"tags":[],"class_list":["post-2187","post","type-post","status-publish","format-standard","has-post-thumbnail","hentry","category-sem-categoria"],"jetpack_publicize_connections":[],"jetpack_featured_media_url":"https:\/\/blogs.gazetaesportiva.com\/automobilismo\/files\/2025\/03\/WhatsApp-Image-2025-03-23-at-16.39.51-scaled.jpeg","jetpack_sharing_enabled":true,"jetpack_shortlink":"https:\/\/wp.me\/pblv91-zh","_links":{"self":[{"href":"https:\/\/blogs.gazetaesportiva.com\/automobilismo\/wp-json\/wp\/v2\/posts\/2187","targetHints":{"allow":["GET"]}}],"collection":[{"href":"https:\/\/blogs.gazetaesportiva.com\/automobilismo\/wp-json\/wp\/v2\/posts"}],"about":[{"href":"https:\/\/blogs.gazetaesportiva.com\/automobilismo\/wp-json\/wp\/v2\/types\/post"}],"author":[{"embeddable":true,"href":"https:\/\/blogs.gazetaesportiva.com\/automobilismo\/wp-json\/wp\/v2\/users\/75"}],"replies":[{"embeddable":true,"href":"https:\/\/blogs.gazetaesportiva.com\/automobilismo\/wp-json\/wp\/v2\/comments?post=2187"}],"version-history":[{"count":0,"href":"https:\/\/blogs.gazetaesportiva.com\/automobilismo\/wp-json\/wp\/v2\/posts\/2187\/revisions"}],"wp:featuredmedia":[{"embeddable":true,"href":"https:\/\/blogs.gazetaesportiva.com\/automobilismo\/wp-json\/wp\/v2\/media\/2189"}],"wp:attachment":[{"href":"https:\/\/blogs.gazetaesportiva.com\/automobilismo\/wp-json\/wp\/v2\/media?parent=2187"}],"wp:term":[{"taxonomy":"category","embeddable":true,"href":"https:\/\/blogs.gazetaesportiva.com\/automobilismo\/wp-json\/wp\/v2\/categories?post=2187"},{"taxonomy":"post_tag","embeddable":true,"href":"https:\/\/blogs.gazetaesportiva.com\/automobilismo\/wp-json\/wp\/v2\/tags?post=2187"}],"curies":[{"name":"wp","href":"https:\/\/api.w.org\/{rel}","templated":true}]}}