{"id":2183,"date":"2025-03-25T18:13:52","date_gmt":"2025-03-25T18:13:52","guid":{"rendered":"https:\/\/blogs.gazetaesportiva.com\/automobilismo\/?p=2183"},"modified":"2025-03-25T18:13:52","modified_gmt":"2025-03-25T18:13:52","slug":"bastidores-da-f1-em-melboune-e-familia-giaffone-acelerando-junta-na-truck-e-nascar-brasil","status":"publish","type":"post","link":"https:\/\/blogs.gazetaesportiva.com\/automobilismo\/2025\/03\/25\/bastidores-da-f1-em-melboune-e-familia-giaffone-acelerando-junta-na-truck-e-nascar-brasil\/","title":{"rendered":"Bastidores da F1 em Melboune e fam\u00edlia Giaffone acelerando junta na Truck e NASCAR Brasil"},"content":{"rendered":"<p>O GP em Melbourne foi hist\u00f3rico pela estreia do maior vencedor da F1, Lewis Hamilton, na equipe mais tradicional do grid, a Ferrari. E pelo que apurei na Austr\u00e1lia, ele j\u00e1 revolucionou o ambiente do time. <\/p>\n<figure id=\"attachment_2184\" aria-describedby=\"caption-attachment-2184\" style=\"width: 640px\" class=\"wp-caption alignnone\"><img loading=\"lazy\" decoding=\"async\" src=\"https:\/\/blogs.gazetaesportiva.com\/automobilismo\/files\/2025\/03\/250321_R02_CHINA_DP_XB3_8268_bd522489-1133-4453-9238-8ef8e87ddd4c-1024x683.jpg\" alt=\"Lewis Hamilton\" width=\"640\" height=\"427\" class=\"size-large wp-image-2184\" srcset=\"https:\/\/blogs.gazetaesportiva.com\/automobilismo\/files\/2025\/03\/250321_R02_CHINA_DP_XB3_8268_bd522489-1133-4453-9238-8ef8e87ddd4c-1024x683.jpg 1024w, https:\/\/blogs.gazetaesportiva.com\/automobilismo\/files\/2025\/03\/250321_R02_CHINA_DP_XB3_8268_bd522489-1133-4453-9238-8ef8e87ddd4c-300x200.jpg 300w, https:\/\/blogs.gazetaesportiva.com\/automobilismo\/files\/2025\/03\/250321_R02_CHINA_DP_XB3_8268_bd522489-1133-4453-9238-8ef8e87ddd4c-768x512.jpg 768w, https:\/\/blogs.gazetaesportiva.com\/automobilismo\/files\/2025\/03\/250321_R02_CHINA_DP_XB3_8268_bd522489-1133-4453-9238-8ef8e87ddd4c-1536x1024.jpg 1536w, https:\/\/blogs.gazetaesportiva.com\/automobilismo\/files\/2025\/03\/250321_R02_CHINA_DP_XB3_8268_bd522489-1133-4453-9238-8ef8e87ddd4c-2048x1365.jpg 2048w\" sizes=\"auto, (max-width: 640px) 100vw, 640px\" \/><figcaption id=\"caption-attachment-2184\" class=\"wp-caption-text\">Foto: Scuderia Ferrari<\/figcaption><\/figure>\n<p>Sua assessora veio de um projeto social e at\u00e9 o menu do tradicional restaurante de Maranello incluiu agora pizza vegana no card\u00e1pio. Para o Brasil, boas not\u00edcias com a positiva estreia de Bortoleto, inclusive superando Hulkenberg no qualy, e a vit\u00f3ria de Rafa C\u00e2mara na preliminar do GP, na F3.<\/p>\n<figure id=\"attachment_2186\" aria-describedby=\"caption-attachment-2186\" style=\"width: 640px\" class=\"wp-caption alignnone\"><img loading=\"lazy\" decoding=\"async\" src=\"https:\/\/blogs.gazetaesportiva.com\/automobilismo\/files\/2025\/03\/2025-Chinese-Grand-Prix-Sunday-1024x683.jpg\" alt=\"\" width=\"640\" height=\"427\" class=\"size-large wp-image-2186\" srcset=\"https:\/\/blogs.gazetaesportiva.com\/automobilismo\/files\/2025\/03\/2025-Chinese-Grand-Prix-Sunday-1024x683.jpg 1024w, https:\/\/blogs.gazetaesportiva.com\/automobilismo\/files\/2025\/03\/2025-Chinese-Grand-Prix-Sunday-300x200.jpg 300w, https:\/\/blogs.gazetaesportiva.com\/automobilismo\/files\/2025\/03\/2025-Chinese-Grand-Prix-Sunday-768x512.jpg 768w, https:\/\/blogs.gazetaesportiva.com\/automobilismo\/files\/2025\/03\/2025-Chinese-Grand-Prix-Sunday-1536x1024.jpg 1536w, https:\/\/blogs.gazetaesportiva.com\/automobilismo\/files\/2025\/03\/2025-Chinese-Grand-Prix-Sunday-2048x1365.jpg 2048w\" sizes=\"auto, (max-width: 640px) 100vw, 640px\" \/><figcaption id=\"caption-attachment-2186\" class=\"wp-caption-text\">Foto: Sauber<\/figcaption><\/figure>\n<p>Esse foi um dos temas do Momento Velocidade deste domingo:<\/p>\n<p><iframe loading=\"lazy\" title=\"Copa Truck e Nascar Brasil | Momento Velocidade | Gazeta Motors\" width=\"640\" height=\"360\" src=\"https:\/\/www.youtube.com\/embed\/76PmUVhw898?feature=oembed\" frameborder=\"0\" allow=\"accelerometer; autoplay; clipboard-write; encrypted-media; gyroscope; picture-in-picture; web-share\" referrerpolicy=\"strict-origin-when-cross-origin\" allowfullscreen><\/iframe><\/p>\n<p>E aqui no Brasil o final de semana teve a abertura da Copa Truck e da NASCAR Brasil e pela primeira vez, a fam\u00edlia Giaffone est\u00e1 acelerando junta na mesma pista. Felipe e Nic com os caminh\u00f5es da Volkswagen e Tito na NASCAR Brasil. Os tr\u00eas estiveram no lan\u00e7amento oficial da equipe e falaram da expectativa para 2025.<\/p>\n<figure id=\"attachment_2185\" aria-describedby=\"caption-attachment-2185\" style=\"width: 640px\" class=\"wp-caption alignnone\"><img loading=\"lazy\" decoding=\"async\" src=\"https:\/\/blogs.gazetaesportiva.com\/automobilismo\/files\/2025\/03\/WhatsApp-Image-2025-03-23-at-14.06.41-768x1024.jpeg\" alt=\"\" width=\"640\" height=\"853\" class=\"size-large wp-image-2185\" srcset=\"https:\/\/blogs.gazetaesportiva.com\/automobilismo\/files\/2025\/03\/WhatsApp-Image-2025-03-23-at-14.06.41-768x1024.jpeg 768w, https:\/\/blogs.gazetaesportiva.com\/automobilismo\/files\/2025\/03\/WhatsApp-Image-2025-03-23-at-14.06.41-225x300.jpeg 225w, https:\/\/blogs.gazetaesportiva.com\/automobilismo\/files\/2025\/03\/WhatsApp-Image-2025-03-23-at-14.06.41-1152x1536.jpeg 1152w, https:\/\/blogs.gazetaesportiva.com\/automobilismo\/files\/2025\/03\/WhatsApp-Image-2025-03-23-at-14.06.41-1536x2048.jpeg 1536w, https:\/\/blogs.gazetaesportiva.com\/automobilismo\/files\/2025\/03\/WhatsApp-Image-2025-03-23-at-14.06.41-scaled.jpeg 1920w\" sizes=\"auto, (max-width: 640px) 100vw, 640px\" \/><figcaption id=\"caption-attachment-2185\" class=\"wp-caption-text\">Foto: Vanderley Soares<\/figcaption><\/figure>\n<p>Boa sorte para fam\u00edlia Giaffone e o Momento Velocidade vai ficando por aqui! At\u00e9 a pr\u00f3xima!<\/p>\n","protected":false},"excerpt":{"rendered":"<p>O GP em Melbourne foi hist\u00f3rico pela estreia do maior vencedor da F1, Lewis Hamilton, na equipe mais tradicional do grid, a Ferrari. E pelo <a class=\"read-more\" href=\"https:\/\/blogs.gazetaesportiva.com\/automobilismo\/2025\/03\/25\/bastidores-da-f1-em-melboune-e-familia-giaffone-acelerando-junta-na-truck-e-nascar-brasil\/\">leia mais<\/a><\/p>\n","protected":false},"author":75,"featured_media":2185,"comment_status":"open","ping_status":"open","sticky":false,"template":"","format":"standard","meta":{"jetpack_post_was_ever_published":false,"_jetpack_newsletter_access":"","_jetpack_dont_email_post_to_subs":false,"_jetpack_newsletter_tier_id":0,"_jetpack_memberships_contains_paywalled_content":false,"_jetpack_memberships_contains_paid_content":false,"footnotes":"","jetpack_publicize_message":"","jetpack_publicize_feature_enabled":true,"jetpack_social_post_already_shared":false,"jetpack_social_options":{"image_generator_settings":{"template":"highway","default_image_id":0,"font":"","enabled":false},"version":2}},"categories":[1],"tags":[],"class_list":["post-2183","post","type-post","status-publish","format-standard","has-post-thumbnail","hentry","category-sem-categoria"],"jetpack_publicize_connections":[],"jetpack_featured_media_url":"https:\/\/blogs.gazetaesportiva.com\/automobilismo\/files\/2025\/03\/WhatsApp-Image-2025-03-23-at-14.06.41-scaled.jpeg","jetpack_sharing_enabled":true,"jetpack_shortlink":"https:\/\/wp.me\/pblv91-zd","_links":{"self":[{"href":"https:\/\/blogs.gazetaesportiva.com\/automobilismo\/wp-json\/wp\/v2\/posts\/2183","targetHints":{"allow":["GET"]}}],"collection":[{"href":"https:\/\/blogs.gazetaesportiva.com\/automobilismo\/wp-json\/wp\/v2\/posts"}],"about":[{"href":"https:\/\/blogs.gazetaesportiva.com\/automobilismo\/wp-json\/wp\/v2\/types\/post"}],"author":[{"embeddable":true,"href":"https:\/\/blogs.gazetaesportiva.com\/automobilismo\/wp-json\/wp\/v2\/users\/75"}],"replies":[{"embeddable":true,"href":"https:\/\/blogs.gazetaesportiva.com\/automobilismo\/wp-json\/wp\/v2\/comments?post=2183"}],"version-history":[{"count":0,"href":"https:\/\/blogs.gazetaesportiva.com\/automobilismo\/wp-json\/wp\/v2\/posts\/2183\/revisions"}],"wp:featuredmedia":[{"embeddable":true,"href":"https:\/\/blogs.gazetaesportiva.com\/automobilismo\/wp-json\/wp\/v2\/media\/2185"}],"wp:attachment":[{"href":"https:\/\/blogs.gazetaesportiva.com\/automobilismo\/wp-json\/wp\/v2\/media?parent=2183"}],"wp:term":[{"taxonomy":"category","embeddable":true,"href":"https:\/\/blogs.gazetaesportiva.com\/automobilismo\/wp-json\/wp\/v2\/categories?post=2183"},{"taxonomy":"post_tag","embeddable":true,"href":"https:\/\/blogs.gazetaesportiva.com\/automobilismo\/wp-json\/wp\/v2\/tags?post=2183"}],"curies":[{"name":"wp","href":"https:\/\/api.w.org\/{rel}","templated":true}]}}