{"id":2181,"date":"2025-03-25T18:01:30","date_gmt":"2025-03-25T18:01:30","guid":{"rendered":"https:\/\/blogs.gazetaesportiva.com\/automobilismo\/?p=2181"},"modified":"2025-03-25T18:01:30","modified_gmt":"2025-03-25T18:01:30","slug":"paulo-reales-destaca-evolucao-durante-estreia-na-porsche-cup-no-velocitta","status":"publish","type":"post","link":"https:\/\/blogs.gazetaesportiva.com\/automobilismo\/2025\/03\/25\/paulo-reales-destaca-evolucao-durante-estreia-na-porsche-cup-no-velocitta\/","title":{"rendered":"Paulo Reales destaca evolu\u00e7\u00e3o durante estreia na Porsche Cup no Velocitta"},"content":{"rendered":"<p>O Velocitta, aut\u00f3dromo localizado em Mogi Gua\u00e7u (SP), recebeu a etapa de abertura da Porsche Cup. E Paulo Reales, piloto que fez sua estreia nas competi\u00e7\u00f5es de automobilismo vindo do kartismo, destacou a evolu\u00e7\u00e3o que teve ao longo de todo o final de semana competindo pela Sprint Trophy, divis\u00e3o de entrada da categoria.<\/p>\n<figure id=\"attachment_2182\" aria-describedby=\"caption-attachment-2182\" style=\"width: 640px\" class=\"wp-caption alignnone\"><img loading=\"lazy\" decoding=\"async\" src=\"https:\/\/blogs.gazetaesportiva.com\/automobilismo\/files\/2025\/03\/WhatsApp-Image-2025-03-25-at-14.33.50-1024x683.jpeg\" alt=\"Paulo Reales\" width=\"640\" height=\"427\" class=\"size-large wp-image-2182\" srcset=\"https:\/\/blogs.gazetaesportiva.com\/automobilismo\/files\/2025\/03\/WhatsApp-Image-2025-03-25-at-14.33.50-1024x683.jpeg 1024w, https:\/\/blogs.gazetaesportiva.com\/automobilismo\/files\/2025\/03\/WhatsApp-Image-2025-03-25-at-14.33.50-300x200.jpeg 300w, https:\/\/blogs.gazetaesportiva.com\/automobilismo\/files\/2025\/03\/WhatsApp-Image-2025-03-25-at-14.33.50-768x512.jpeg 768w, https:\/\/blogs.gazetaesportiva.com\/automobilismo\/files\/2025\/03\/WhatsApp-Image-2025-03-25-at-14.33.50-1536x1024.jpeg 1536w, https:\/\/blogs.gazetaesportiva.com\/automobilismo\/files\/2025\/03\/WhatsApp-Image-2025-03-25-at-14.33.50-2048x1365.jpeg 2048w\" sizes=\"auto, (max-width: 640px) 100vw, 640px\" \/><figcaption id=\"caption-attachment-2182\" class=\"wp-caption-text\">Foto: Serj\u00e3o Soares<\/figcaption><\/figure>\n<p>Ao longo de tr\u00eas dias de atividades, Reales demonstrou r\u00e1pida adapta\u00e7\u00e3o ao carro. Prova disso \u00e9 que o piloto do Porsche n\u00famero 11 melhorou em quase dez segundos seus tempos de volta. Na corrida, o estreante vinha para completar a disputa, mas um problema na press\u00e3o de \u00f3leo o obrigou a abandonar a corrida.<\/p>\n<p>\u201cFoi um final de semana de muito aprendizado, consegui muita quilometragem e evolu\u00ed muito. Se pegarmos do in\u00edcio das atividades no Velocitta para o melhor tempo de volta, a evolu\u00e7\u00e3o foi muito grande, com quase dez segundos de diferen\u00e7a. S\u00f3 tenho que agradecer a Porsche Cup e todos da equipe. Vamos para a pr\u00f3xima\u201d, disse Paulo Reales, que tem o patroc\u00ednio de Sterling.<\/p>\n<p>\u201cNa corrida, o resultado n\u00e3o foi como eu esperava. Outro competidor rodou na minha frente e eu tive que tirar o p\u00e9, ent\u00e3o fiquei muito tempo com o carro em baixa rota\u00e7\u00e3o e isso diminuiu a press\u00e3o do \u00f3leo. Os engenheiros acharam melhor, depois de analisar todos os dados, abandonar a corrida\u201d, completou Reales.<\/p>\n<p>A pr\u00f3xima etapa da Porsche Cup ser\u00e1 disputada nos dias 5 e 6 de abril, novamente no Velocitta.<\/p>\n","protected":false},"excerpt":{"rendered":"<p>O Velocitta, aut\u00f3dromo localizado em Mogi Gua\u00e7u (SP), recebeu a etapa de abertura da Porsche Cup. E Paulo Reales, piloto que fez sua estreia nas <a class=\"read-more\" href=\"https:\/\/blogs.gazetaesportiva.com\/automobilismo\/2025\/03\/25\/paulo-reales-destaca-evolucao-durante-estreia-na-porsche-cup-no-velocitta\/\">leia mais<\/a><\/p>\n","protected":false},"author":75,"featured_media":2182,"comment_status":"open","ping_status":"open","sticky":false,"template":"","format":"standard","meta":{"jetpack_post_was_ever_published":false,"_jetpack_newsletter_access":"","_jetpack_dont_email_post_to_subs":false,"_jetpack_newsletter_tier_id":0,"_jetpack_memberships_contains_paywalled_content":false,"_jetpack_memberships_contains_paid_content":false,"footnotes":"","jetpack_publicize_message":"","jetpack_publicize_feature_enabled":true,"jetpack_social_post_already_shared":false,"jetpack_social_options":{"image_generator_settings":{"template":"highway","default_image_id":0,"font":"","enabled":false},"version":2}},"categories":[1],"tags":[],"class_list":["post-2181","post","type-post","status-publish","format-standard","has-post-thumbnail","hentry","category-sem-categoria"],"jetpack_publicize_connections":[],"jetpack_featured_media_url":"https:\/\/blogs.gazetaesportiva.com\/automobilismo\/files\/2025\/03\/WhatsApp-Image-2025-03-25-at-14.33.50-scaled.jpeg","jetpack_sharing_enabled":true,"jetpack_shortlink":"https:\/\/wp.me\/pblv91-zb","_links":{"self":[{"href":"https:\/\/blogs.gazetaesportiva.com\/automobilismo\/wp-json\/wp\/v2\/posts\/2181","targetHints":{"allow":["GET"]}}],"collection":[{"href":"https:\/\/blogs.gazetaesportiva.com\/automobilismo\/wp-json\/wp\/v2\/posts"}],"about":[{"href":"https:\/\/blogs.gazetaesportiva.com\/automobilismo\/wp-json\/wp\/v2\/types\/post"}],"author":[{"embeddable":true,"href":"https:\/\/blogs.gazetaesportiva.com\/automobilismo\/wp-json\/wp\/v2\/users\/75"}],"replies":[{"embeddable":true,"href":"https:\/\/blogs.gazetaesportiva.com\/automobilismo\/wp-json\/wp\/v2\/comments?post=2181"}],"version-history":[{"count":0,"href":"https:\/\/blogs.gazetaesportiva.com\/automobilismo\/wp-json\/wp\/v2\/posts\/2181\/revisions"}],"wp:featuredmedia":[{"embeddable":true,"href":"https:\/\/blogs.gazetaesportiva.com\/automobilismo\/wp-json\/wp\/v2\/media\/2182"}],"wp:attachment":[{"href":"https:\/\/blogs.gazetaesportiva.com\/automobilismo\/wp-json\/wp\/v2\/media?parent=2181"}],"wp:term":[{"taxonomy":"category","embeddable":true,"href":"https:\/\/blogs.gazetaesportiva.com\/automobilismo\/wp-json\/wp\/v2\/categories?post=2181"},{"taxonomy":"post_tag","embeddable":true,"href":"https:\/\/blogs.gazetaesportiva.com\/automobilismo\/wp-json\/wp\/v2\/tags?post=2181"}],"curies":[{"name":"wp","href":"https:\/\/api.w.org\/{rel}","templated":true}]}}