{"id":2179,"date":"2025-03-25T18:00:10","date_gmt":"2025-03-25T18:00:10","guid":{"rendered":"https:\/\/blogs.gazetaesportiva.com\/automobilismo\/?p=2179"},"modified":"2025-03-25T18:00:10","modified_gmt":"2025-03-25T18:00:10","slug":"momento-velocidade-traz-os-vencedores-da-etapa-1-da-copa-sp-bradesco-de-kart","status":"publish","type":"post","link":"https:\/\/blogs.gazetaesportiva.com\/automobilismo\/2025\/03\/25\/momento-velocidade-traz-os-vencedores-da-etapa-1-da-copa-sp-bradesco-de-kart\/","title":{"rendered":"Momento Velocidade traz os vencedores da etapa 1 da Copa SP Bradesco de Kart"},"content":{"rendered":"<p>No Momento Velocidade desta semana, aqui na TV Gazeta, vamos acelerar com a cobertura da primeira etapa da Copa S\u00e3o Paulo Bradesco de Kart, disputada no m\u00eas passado no Kart\u00f3dromo Granja Viana! Vamos conferir os vencedores de cada categoria!<\/p>\n<figure id=\"attachment_2180\" aria-describedby=\"caption-attachment-2180\" style=\"width: 640px\" class=\"wp-caption alignnone\"><img loading=\"lazy\" decoding=\"async\" src=\"https:\/\/blogs.gazetaesportiva.com\/automobilismo\/files\/2025\/03\/448644_1142397_dsc_5984__1_-1024x685.jpg\" alt=\"\" width=\"640\" height=\"428\" class=\"size-large wp-image-2180\" srcset=\"https:\/\/blogs.gazetaesportiva.com\/automobilismo\/files\/2025\/03\/448644_1142397_dsc_5984__1_-1024x685.jpg 1024w, https:\/\/blogs.gazetaesportiva.com\/automobilismo\/files\/2025\/03\/448644_1142397_dsc_5984__1_-300x201.jpg 300w, https:\/\/blogs.gazetaesportiva.com\/automobilismo\/files\/2025\/03\/448644_1142397_dsc_5984__1_-768x514.jpg 768w, https:\/\/blogs.gazetaesportiva.com\/automobilismo\/files\/2025\/03\/448644_1142397_dsc_5984__1_-1536x1027.jpg 1536w, https:\/\/blogs.gazetaesportiva.com\/automobilismo\/files\/2025\/03\/448644_1142397_dsc_5984__1_-2048x1369.jpg 2048w\" sizes=\"auto, (max-width: 640px) 100vw, 640px\" \/><figcaption id=\"caption-attachment-2180\" class=\"wp-caption-text\">Foto: Pedro Bragan\u00e7a<\/figcaption><\/figure>\n<p>Na Rotax Micro Max, Andr\u00e9 Ben\u00edcius venceu, e Pietro Beliz\u00e1rio ganhou na Rotax Mini Max.<br \/>\nAllan Croce venceu na Rotax Max, e Gabriel Rosa ficou com a vit\u00f3ria na Rotax Max Masters. Rodrigo Giacomini triunfou na Rotax Max Super S\u00eanior.<\/p>\n<p>Na Rotax J\u00fanior Max, Francisco Rocha foi o vencedor, e L\u00e9o Reis venceu na Rotax DD2, com Jo\u00e3o Cunha vencendo na Rotax DD2 Masters.<\/p>\n<p>Pela Cadete, a vit\u00f3ria ficou com Pedro Zanguetin, enquanto na Mirim, Rafael Canuto foi o vencedor.<\/p>\n<p>Na Pro 500, Eraldo Silva venceu, enquanto a Pastore Racing ganhou na Light. Pela Pro 500 S\u00eanior, Peterson Nakamura venceu, e Otto Rezende triunfou na Pro 500 S\u00eanior 60+.<\/p>\n<p>Na F4 J\u00fanior, Marcella Assump\u00e7\u00e3o garantiu a vit\u00f3ria na etapa com um dom\u00ednio absoluto, vencendo tr\u00eas provas. E na F4 geral, M\u00e1rcio Gazquez foi o vencedor.<\/p>\n<p>Na F4 Light, Danilo Garcia triunfou, enquanto Cesar Gragniano venceu na F4 S\u00eanior 60+. E F4 Senior, teve vit\u00f3ria do Momento Velocidade, com Rodrigo Fran\u00e7a na primeira coloca\u00e7\u00e3o.<\/p>\n<p><iframe loading=\"lazy\" title=\"Copa S\u00e3o Paulo Bradesco de Kart  | Momento Velocidade | Gazeta Motors\" width=\"640\" height=\"360\" src=\"https:\/\/www.youtube.com\/embed\/0DaSGBYI7wk?feature=oembed\" frameborder=\"0\" allow=\"accelerometer; autoplay; clipboard-write; encrypted-media; gyroscope; picture-in-picture; web-share\" referrerpolicy=\"strict-origin-when-cross-origin\" allowfullscreen><\/iframe><\/p>\n<p>Foi demais subir no p\u00f3dio e, seguimos com nosso lema: n\u00e3o basta ser rep\u00f3rter, tem que acelerar! A pr\u00f3xima etapa da Copa SP Bradesco de Kart ser\u00e1 no pr\u00f3ximo dia 29! At\u00e9 l\u00e1!<br \/>\nE o Momento Velocidade vai ficando por aqui! At\u00e9 a pr\u00f3xima<\/p>\n","protected":false},"excerpt":{"rendered":"<p>No Momento Velocidade desta semana, aqui na TV Gazeta, vamos acelerar com a cobertura da primeira etapa da Copa S\u00e3o Paulo Bradesco de Kart, disputada <a class=\"read-more\" href=\"https:\/\/blogs.gazetaesportiva.com\/automobilismo\/2025\/03\/25\/momento-velocidade-traz-os-vencedores-da-etapa-1-da-copa-sp-bradesco-de-kart\/\">leia mais<\/a><\/p>\n","protected":false},"author":75,"featured_media":2180,"comment_status":"open","ping_status":"open","sticky":false,"template":"","format":"standard","meta":{"jetpack_post_was_ever_published":false,"_jetpack_newsletter_access":"","_jetpack_dont_email_post_to_subs":false,"_jetpack_newsletter_tier_id":0,"_jetpack_memberships_contains_paywalled_content":false,"_jetpack_memberships_contains_paid_content":false,"footnotes":"","jetpack_publicize_message":"","jetpack_publicize_feature_enabled":true,"jetpack_social_post_already_shared":false,"jetpack_social_options":{"image_generator_settings":{"template":"highway","default_image_id":0,"font":"","enabled":false},"version":2}},"categories":[1],"tags":[],"class_list":["post-2179","post","type-post","status-publish","format-standard","has-post-thumbnail","hentry","category-sem-categoria"],"jetpack_publicize_connections":[],"jetpack_featured_media_url":"https:\/\/blogs.gazetaesportiva.com\/automobilismo\/files\/2025\/03\/448644_1142397_dsc_5984__1_.jpg","jetpack_sharing_enabled":true,"jetpack_shortlink":"https:\/\/wp.me\/pblv91-z9","_links":{"self":[{"href":"https:\/\/blogs.gazetaesportiva.com\/automobilismo\/wp-json\/wp\/v2\/posts\/2179","targetHints":{"allow":["GET"]}}],"collection":[{"href":"https:\/\/blogs.gazetaesportiva.com\/automobilismo\/wp-json\/wp\/v2\/posts"}],"about":[{"href":"https:\/\/blogs.gazetaesportiva.com\/automobilismo\/wp-json\/wp\/v2\/types\/post"}],"author":[{"embeddable":true,"href":"https:\/\/blogs.gazetaesportiva.com\/automobilismo\/wp-json\/wp\/v2\/users\/75"}],"replies":[{"embeddable":true,"href":"https:\/\/blogs.gazetaesportiva.com\/automobilismo\/wp-json\/wp\/v2\/comments?post=2179"}],"version-history":[{"count":0,"href":"https:\/\/blogs.gazetaesportiva.com\/automobilismo\/wp-json\/wp\/v2\/posts\/2179\/revisions"}],"wp:featuredmedia":[{"embeddable":true,"href":"https:\/\/blogs.gazetaesportiva.com\/automobilismo\/wp-json\/wp\/v2\/media\/2180"}],"wp:attachment":[{"href":"https:\/\/blogs.gazetaesportiva.com\/automobilismo\/wp-json\/wp\/v2\/media?parent=2179"}],"wp:term":[{"taxonomy":"category","embeddable":true,"href":"https:\/\/blogs.gazetaesportiva.com\/automobilismo\/wp-json\/wp\/v2\/categories?post=2179"},{"taxonomy":"post_tag","embeddable":true,"href":"https:\/\/blogs.gazetaesportiva.com\/automobilismo\/wp-json\/wp\/v2\/tags?post=2179"}],"curies":[{"name":"wp","href":"https:\/\/api.w.org\/{rel}","templated":true}]}}