{"id":2177,"date":"2025-03-25T16:25:17","date_gmt":"2025-03-25T16:25:17","guid":{"rendered":"https:\/\/blogs.gazetaesportiva.com\/automobilismo\/?p=2177"},"modified":"2025-03-25T16:25:17","modified_gmt":"2025-03-25T16:25:17","slug":"planck-data-centers-patrocina-caca-bueno-na-nascar-brasil-e-na-stock-car","status":"publish","type":"post","link":"https:\/\/blogs.gazetaesportiva.com\/automobilismo\/2025\/03\/25\/planck-data-centers-patrocina-caca-bueno-na-nascar-brasil-e-na-stock-car\/","title":{"rendered":"Planck Data Centers patrocina Cac\u00e1 Bueno na NASCAR Brasil e na Stock Car"},"content":{"rendered":"<p>Em fase de expans\u00e3o no mercado de infraestrutura digital, a Planck Data Centers d\u00e1 um passo estrat\u00e9gico ao patrocinar Cac\u00e1 Bueno na NASCAR Brasil e na Stock Car. A empresa entende que a agilidade e a inova\u00e7\u00e3o do automobilismo t\u00eam rela\u00e7\u00e3o direta com seus servi\u00e7os de processamento e armazenamento de dados de alta performance, distribu\u00eddos em data centers modulares de borda \u2014 essenciais para suportar a crescente demanda gerada pela intelig\u00eancia artificial e pela transforma\u00e7\u00e3o digital da ind\u00fastria.<\/p>\n<figure id=\"attachment_2178\" aria-describedby=\"caption-attachment-2178\" style=\"width: 640px\" class=\"wp-caption alignnone\"><img loading=\"lazy\" decoding=\"async\" src=\"https:\/\/blogs.gazetaesportiva.com\/automobilismo\/files\/2025\/03\/WhatsApp-Image-2025-03-25-at-13.19_-1024x683.jpg\" alt=\"Cac\u00e1 Bueno\" width=\"640\" height=\"427\" class=\"size-large wp-image-2178\" srcset=\"https:\/\/blogs.gazetaesportiva.com\/automobilismo\/files\/2025\/03\/WhatsApp-Image-2025-03-25-at-13.19_-1024x683.jpg 1024w, https:\/\/blogs.gazetaesportiva.com\/automobilismo\/files\/2025\/03\/WhatsApp-Image-2025-03-25-at-13.19_-300x200.jpg 300w, https:\/\/blogs.gazetaesportiva.com\/automobilismo\/files\/2025\/03\/WhatsApp-Image-2025-03-25-at-13.19_-768x512.jpg 768w, https:\/\/blogs.gazetaesportiva.com\/automobilismo\/files\/2025\/03\/WhatsApp-Image-2025-03-25-at-13.19_.jpg 1200w\" sizes=\"auto, (max-width: 640px) 100vw, 640px\" \/><figcaption id=\"caption-attachment-2178\" class=\"wp-caption-text\">Foto: Rodrigo Guimaraes<\/figcaption><\/figure>\n<p>Piloto pentacampe\u00e3o da Stock Car e um dos principais nomes do automobilismo brasileiro, Cac\u00e1 Bueno inicia sua trajet\u00f3ria na NASCAR Brasil em 2025 com o patroc\u00ednio da Planck Data Centers \u2014 uma empresa que chega para revolucionar a infraestrutura digital, conectando neg\u00f3cios a solu\u00e7\u00f5es flex\u00edveis e escal\u00e1veis para armazenamento e processamento de dados.<\/p>\n<p>A parceria, que tem in\u00edcio j\u00e1 neste fim de semana, na etapa de abertura do campeonato em Campo Grande (MS), estar\u00e1 presente tamb\u00e9m na Stock Car. Ela une a velocidade e a inova\u00e7\u00e3o do automobilismo \u00e0 agilidade e flexibilidade das solu\u00e7\u00f5es de data centers escal\u00e1veis e de baixa lat\u00eancia da Planck.<\/p>\n<p>\u201cA nossa parceria com a Planck \u00e9 muito importante e vem em um momento em que o automobilismo passa por grande destaque, seja na m\u00eddia, seja como excelente plataforma de marketing de relacionamento. Agrade\u00e7o \u00e0 Planck por acreditar no nosso projeto, competindo em duas categorias de grande proje\u00e7\u00e3o nacional, como a Stock Car e a NASCAR Brasil\u201d, afirma Cac\u00e1 Bueno, que possui dez t\u00edtulos nacionais no automobilismo e defender\u00e1 na NASCAR Brasil o Team RC, comandado por Rosinei Campos, o Meinha.<\/p>\n<p>Assim como acontece no esporte a motor, os servi\u00e7os da Planck aceleram a transforma\u00e7\u00e3o digital das empresas em todas as ind\u00fastrias, promovendo o desenvolvimento tecnol\u00f3gico e a competitividade. A empresa oferece solu\u00e7\u00f5es el\u00e1sticas para nuvens privadas soberanas, recupera\u00e7\u00e3o de desastres e armazenamento de dados de longo prazo. Com sua plataforma distribu\u00edda, proporciona baixa lat\u00eancia e alto n\u00edvel de seguran\u00e7a e disponibilidade para empresas, governos e setores cr\u00edticos da economia, como bem explica Marcus Moraes, CEO Global da Planck.<\/p>\n<p>\u201c\u00c9 um prazer anunciar a nossa chegada como patrocinadora do piloto Cac\u00e1 Bueno na NASCAR Brasil e na Stock Car. O automobilismo e o universo da tecnologia t\u00eam muito em comum. No caso do Cac\u00e1, sua performance na pista tamb\u00e9m depende da precis\u00e3o e da rapidez com que ele pode analisar e agir sobre dados, ajustando estrat\u00e9gias e tomando decis\u00f5es em fra\u00e7\u00f5es de segundo. Da mesma forma, empresas de todos os setores precisam de respostas r\u00e1pidas para processar informa\u00e7\u00f5es e tomar decis\u00f5es acertadas \u2014 um desafio constante na era digital\u201d, afirma Marcus.<\/p>\n","protected":false},"excerpt":{"rendered":"<p>Em fase de expans\u00e3o no mercado de infraestrutura digital, a Planck Data Centers d\u00e1 um passo estrat\u00e9gico ao patrocinar Cac\u00e1 Bueno na NASCAR Brasil e <a class=\"read-more\" href=\"https:\/\/blogs.gazetaesportiva.com\/automobilismo\/2025\/03\/25\/planck-data-centers-patrocina-caca-bueno-na-nascar-brasil-e-na-stock-car\/\">leia mais<\/a><\/p>\n","protected":false},"author":75,"featured_media":2178,"comment_status":"open","ping_status":"open","sticky":false,"template":"","format":"standard","meta":{"jetpack_post_was_ever_published":false,"_jetpack_newsletter_access":"","_jetpack_dont_email_post_to_subs":false,"_jetpack_newsletter_tier_id":0,"_jetpack_memberships_contains_paywalled_content":false,"_jetpack_memberships_contains_paid_content":false,"footnotes":"","jetpack_publicize_message":"","jetpack_publicize_feature_enabled":true,"jetpack_social_post_already_shared":false,"jetpack_social_options":{"image_generator_settings":{"template":"highway","default_image_id":0,"font":"","enabled":false},"version":2}},"categories":[1],"tags":[],"class_list":["post-2177","post","type-post","status-publish","format-standard","has-post-thumbnail","hentry","category-sem-categoria"],"jetpack_publicize_connections":[],"jetpack_featured_media_url":"https:\/\/blogs.gazetaesportiva.com\/automobilismo\/files\/2025\/03\/WhatsApp-Image-2025-03-25-at-13.19_.jpg","jetpack_sharing_enabled":true,"jetpack_shortlink":"https:\/\/wp.me\/pblv91-z7","_links":{"self":[{"href":"https:\/\/blogs.gazetaesportiva.com\/automobilismo\/wp-json\/wp\/v2\/posts\/2177","targetHints":{"allow":["GET"]}}],"collection":[{"href":"https:\/\/blogs.gazetaesportiva.com\/automobilismo\/wp-json\/wp\/v2\/posts"}],"about":[{"href":"https:\/\/blogs.gazetaesportiva.com\/automobilismo\/wp-json\/wp\/v2\/types\/post"}],"author":[{"embeddable":true,"href":"https:\/\/blogs.gazetaesportiva.com\/automobilismo\/wp-json\/wp\/v2\/users\/75"}],"replies":[{"embeddable":true,"href":"https:\/\/blogs.gazetaesportiva.com\/automobilismo\/wp-json\/wp\/v2\/comments?post=2177"}],"version-history":[{"count":0,"href":"https:\/\/blogs.gazetaesportiva.com\/automobilismo\/wp-json\/wp\/v2\/posts\/2177\/revisions"}],"wp:featuredmedia":[{"embeddable":true,"href":"https:\/\/blogs.gazetaesportiva.com\/automobilismo\/wp-json\/wp\/v2\/media\/2178"}],"wp:attachment":[{"href":"https:\/\/blogs.gazetaesportiva.com\/automobilismo\/wp-json\/wp\/v2\/media?parent=2177"}],"wp:term":[{"taxonomy":"category","embeddable":true,"href":"https:\/\/blogs.gazetaesportiva.com\/automobilismo\/wp-json\/wp\/v2\/categories?post=2177"},{"taxonomy":"post_tag","embeddable":true,"href":"https:\/\/blogs.gazetaesportiva.com\/automobilismo\/wp-json\/wp\/v2\/tags?post=2177"}],"curies":[{"name":"wp","href":"https:\/\/api.w.org\/{rel}","templated":true}]}}