{"id":2175,"date":"2025-03-25T14:52:49","date_gmt":"2025-03-25T14:52:49","guid":{"rendered":"https:\/\/blogs.gazetaesportiva.com\/automobilismo\/?p=2175"},"modified":"2025-03-25T14:52:49","modified_gmt":"2025-03-25T14:52:49","slug":"toyota-gazoo-racing-anuncia-joao-paulo-de-oliveira-e-arthur-gama-para-temporada-da-stock-car","status":"publish","type":"post","link":"https:\/\/blogs.gazetaesportiva.com\/automobilismo\/2025\/03\/25\/toyota-gazoo-racing-anuncia-joao-paulo-de-oliveira-e-arthur-gama-para-temporada-da-stock-car\/","title":{"rendered":"TOYOTA GAZOO Racing anuncia Jo\u00e3o Paulo de Oliveira e Arthur Gama para temporada da Stock Car"},"content":{"rendered":"<p>Pouco mais de um m\u00eas antes do in\u00edcio da temporada 2025 da Stock Car, a TOYOTA GAZOO Racing anuncia a chegada de Jo\u00e3o Paulo de Oliveira e Arthur Gama como pilotos da fabricante para o campeonato deste ano. A dupla, formada por um dos mais vencedores nomes do Pa\u00eds no exterior e por uma promessa do automobilismo brasileiro, vai defender a equipe Full Time Sports e pilotar\u00e1 o modelo Toyota Corolla Cross nas pistas por onde a principal categoria do esporte a motor brasileiro passar.<\/p>\n<figure id=\"attachment_2176\" aria-describedby=\"caption-attachment-2176\" style=\"width: 640px\" class=\"wp-caption alignnone\"><img loading=\"lazy\" decoding=\"async\" src=\"https:\/\/blogs.gazetaesportiva.com\/automobilismo\/files\/2025\/03\/Pilotos_GR_2025b-1-1024x672.jpg\" alt=\"\" width=\"640\" height=\"420\" class=\"size-large wp-image-2176\" srcset=\"https:\/\/blogs.gazetaesportiva.com\/automobilismo\/files\/2025\/03\/Pilotos_GR_2025b-1-1024x672.jpg 1024w, https:\/\/blogs.gazetaesportiva.com\/automobilismo\/files\/2025\/03\/Pilotos_GR_2025b-1-300x197.jpg 300w, https:\/\/blogs.gazetaesportiva.com\/automobilismo\/files\/2025\/03\/Pilotos_GR_2025b-1-768x504.jpg 768w, https:\/\/blogs.gazetaesportiva.com\/automobilismo\/files\/2025\/03\/Pilotos_GR_2025b-1-1536x1008.jpg 1536w, https:\/\/blogs.gazetaesportiva.com\/automobilismo\/files\/2025\/03\/Pilotos_GR_2025b-1-2048x1344.jpg 2048w\" sizes=\"auto, (max-width: 640px) 100vw, 640px\" \/><figcaption id=\"caption-attachment-2176\" class=\"wp-caption-text\">Foto: divulga\u00e7\u00e3o<\/figcaption><\/figure>\n<p>Jo\u00e3o Paulo tem 43 anos, nasceu em S\u00e3o Paulo (SP) e iniciou sua carreira no Brasil competindo em categorias de f\u00f3rmula ainda no final dos anos 1990, quando conquistou o t\u00edtulo da Sudam Light 1999. O piloto tamb\u00e9m foi campe\u00e3o de F3 na Alemanha em 2003 e se mudou para o Jap\u00e3o em 2004. No ano seguinte, Oliveira conquistou a F3 Japonesa, defendendo a Toyota, e tamb\u00e9m carrega no seu curr\u00edculo v\u00e1rias outras experi\u00eancias internacionais marcantes como teste na F1 pela Williams em 2006 e os t\u00edtulos da Super F\u00f3rmula em 2010 e o bicampeonato de Super GT (2020 e 2022).<\/p>\n<p>\u201cA expectativa \u00e9 de chegar para trabalhar firme, com muita humildade. \u00c9 um campeonato de um n\u00edvel t\u00e9cnico alt\u00edssimo. Muitos dos pilotos que est\u00e3o na categoria tem capacidade de brilhar no mundo inteiro. Vamos chegar com os p\u00e9s no ch\u00e3o. Espero conquistar o meu espa\u00e7o atrav\u00e9s da minha experi\u00eancia e tamb\u00e9m conseguir bons resultados, brigar por vit\u00f3rias e t\u00edtulos, ent\u00e3o vamos trabalhar bastante para que isso se torne realidade\u201d, diz Oliveira, vencedor da Corrida de Duplas de 2018 ao lado de Daniel Serra.<\/p>\n<p>Gama, por sua vez, alcan\u00e7a a Stock Car um ano ap\u00f3s se sagrar campe\u00e3o do principal campeonato de acesso \u00e0 categoria m\u00e1xima do esporte a motor nacional, a Stock Light. A campanha do piloto nascido em Porto Alegre (RS) contou com nove vit\u00f3rias, 15 p\u00f3dios em 18 corridas disputadas, al\u00e9m de sete poles positions, garantindo o t\u00edtulo em Interlagos, mesmo local que recebe a abertura da temporada deste ano.<\/p>\n<p>\u201cEstou extremamente feliz por estar no grid da Stock Car. Desde o kart, minha fam\u00edlia e eu batalhamos muito para chegar a este objetivo. O t\u00edtulo da Stock Light me ajudou muito a conseguir alcan\u00e7ar a Stock Car. Quero agradecer ao Maur\u00edcio Ferreira e o time TOYOTA GAZOO Racing por me darem essa oportunidade maravilhosa. Vou me dedicar para conseguir os melhores resultados na categoria. \u00c9 um sonho ser piloto oficial TOYOTA GAZOO Racing e estou ansioso pelo come\u00e7o da temporada\u201d, disse Arthur Gama.<\/p>\n<p>Maur\u00edcio Ferreira, chefe da equipe Full Time Sports, d\u00e1 as boas-vindas a JP e Gama, e exalta a chegada dos dois pilotos n\u00e3o apenas ao seu time, mas a Stock Car.<\/p>\n<p>\u201cEstamos muito felizes com as chegadas do Jo\u00e3o Paulo e do Arthur \u00e0 nossa equipe. O Jo\u00e3o Paulo tem uma carreira brilhante. Est\u00e1 h\u00e1 muitos anos no Jap\u00e3o e parte disso conectou ele com a Toyota e com a Full Time. Estamos em um projeto novo, de uma mudan\u00e7a de carro e quem tem experi\u00eancia vai somar muito para o desenvolvimento do carro. Para equipe isso \u00e9 importante. Ele tem muito para aprender, mas n\u00f3s j\u00e1 passamos por isso h\u00e1 12 anos quando trouxemos o Rubens Barrichello para a Stock Car\u201d, disse Ferreira.<\/p>\n<p>\u201cAcompanhamos o Arthur desde as categorias de acesso e estamos muito felizes em poder contar com ele para a temporada da Stock Car. O Arthur mostrou muito talento e vamos trabalhar para que ele possa desenvolver suas habilidades ao longo do campeonato para brigar pelas primeiras posi\u00e7\u00f5es em breve\u201d, completa o chefe da equipe Full Time.<\/p>\n<p>L\u00edder do projeto TOYOTA GAZOO Racing no Brasil, Daniel Grespan, tamb\u00e9m celebra a chegada dos novos pilotos da fabricante para a disputa da temporada da Stock Car.<\/p>\n<p>\u201c\u00c9 motivo de orgulho e alegria termos pilotos como Jo\u00e3o Paulo de Oliveira e Arthur Gama defendendo a TOYOTA GAZOO Racing. N\u00f3s teremos uma equipe maravilhosa esse ano, mesclando experi\u00eancia com sangue novo e queremos fazer uma grande temporada. Estamos construindo a hist\u00f3ria da TOYOTA GAZOO Racing no Brasil, ultrapassamos a marca de 100 corridas dentro da Stock Car e estamos muito empolgados com esse ano de motores novos, chassis novos, carroceria nova, pilotos novos, ent\u00e3o temos tudo para fazer mais um ano especial\u201d, disse Grespan.<\/p>\n<p>A temporada 2025 da Stock Car ser\u00e1 iniciada no dia 4 de maio, com a disputa da etapa de S\u00e3o Paulo (SP), marcada para o Aut\u00f3dromo de Interlagos.<\/p>\n","protected":false},"excerpt":{"rendered":"<p>Pouco mais de um m\u00eas antes do in\u00edcio da temporada 2025 da Stock Car, a TOYOTA GAZOO Racing anuncia a chegada de Jo\u00e3o Paulo de <a class=\"read-more\" href=\"https:\/\/blogs.gazetaesportiva.com\/automobilismo\/2025\/03\/25\/toyota-gazoo-racing-anuncia-joao-paulo-de-oliveira-e-arthur-gama-para-temporada-da-stock-car\/\">leia mais<\/a><\/p>\n","protected":false},"author":75,"featured_media":2176,"comment_status":"open","ping_status":"open","sticky":false,"template":"","format":"standard","meta":{"jetpack_post_was_ever_published":false,"_jetpack_newsletter_access":"","_jetpack_dont_email_post_to_subs":false,"_jetpack_newsletter_tier_id":0,"_jetpack_memberships_contains_paywalled_content":false,"_jetpack_memberships_contains_paid_content":false,"footnotes":"","jetpack_publicize_message":"","jetpack_publicize_feature_enabled":true,"jetpack_social_post_already_shared":false,"jetpack_social_options":{"image_generator_settings":{"template":"highway","default_image_id":0,"font":"","enabled":false},"version":2}},"categories":[1],"tags":[],"class_list":["post-2175","post","type-post","status-publish","format-standard","has-post-thumbnail","hentry","category-sem-categoria"],"jetpack_publicize_connections":[],"jetpack_featured_media_url":"https:\/\/blogs.gazetaesportiva.com\/automobilismo\/files\/2025\/03\/Pilotos_GR_2025b-1-scaled.jpg","jetpack_sharing_enabled":true,"jetpack_shortlink":"https:\/\/wp.me\/pblv91-z5","_links":{"self":[{"href":"https:\/\/blogs.gazetaesportiva.com\/automobilismo\/wp-json\/wp\/v2\/posts\/2175","targetHints":{"allow":["GET"]}}],"collection":[{"href":"https:\/\/blogs.gazetaesportiva.com\/automobilismo\/wp-json\/wp\/v2\/posts"}],"about":[{"href":"https:\/\/blogs.gazetaesportiva.com\/automobilismo\/wp-json\/wp\/v2\/types\/post"}],"author":[{"embeddable":true,"href":"https:\/\/blogs.gazetaesportiva.com\/automobilismo\/wp-json\/wp\/v2\/users\/75"}],"replies":[{"embeddable":true,"href":"https:\/\/blogs.gazetaesportiva.com\/automobilismo\/wp-json\/wp\/v2\/comments?post=2175"}],"version-history":[{"count":0,"href":"https:\/\/blogs.gazetaesportiva.com\/automobilismo\/wp-json\/wp\/v2\/posts\/2175\/revisions"}],"wp:featuredmedia":[{"embeddable":true,"href":"https:\/\/blogs.gazetaesportiva.com\/automobilismo\/wp-json\/wp\/v2\/media\/2176"}],"wp:attachment":[{"href":"https:\/\/blogs.gazetaesportiva.com\/automobilismo\/wp-json\/wp\/v2\/media?parent=2175"}],"wp:term":[{"taxonomy":"category","embeddable":true,"href":"https:\/\/blogs.gazetaesportiva.com\/automobilismo\/wp-json\/wp\/v2\/categories?post=2175"},{"taxonomy":"post_tag","embeddable":true,"href":"https:\/\/blogs.gazetaesportiva.com\/automobilismo\/wp-json\/wp\/v2\/tags?post=2175"}],"curies":[{"name":"wp","href":"https:\/\/api.w.org\/{rel}","templated":true}]}}