{"id":2172,"date":"2025-03-25T13:01:20","date_gmt":"2025-03-25T13:01:20","guid":{"rendered":"https:\/\/blogs.gazetaesportiva.com\/automobilismo\/?p=2172"},"modified":"2025-03-25T13:01:20","modified_gmt":"2025-03-25T13:01:20","slug":"rafael-reis-estreia-no-grid-da-stock-car-com-pintura-inedita-em-carro-da-equipe-car-racing-sterling","status":"publish","type":"post","link":"https:\/\/blogs.gazetaesportiva.com\/automobilismo\/2025\/03\/25\/rafael-reis-estreia-no-grid-da-stock-car-com-pintura-inedita-em-carro-da-equipe-car-racing-sterling\/","title":{"rendered":"Rafael Reis estreia no grid da Stock Car com pintura in\u00e9dita em carro da equipe CAR Racing Sterling"},"content":{"rendered":"<p>Prestes a iniciar sua primeira temporada na Stock Car, Rafael Reis revelou a pintura de seu carro para a estreia na categoria pela equipe CAR Racing Sterling. O piloto paulista ter\u00e1 o seu Toyota Corolla Cross n\u00famero 301 predominantemente na cor vermelha, e conta com o apoio do Bradesco.<\/p>\n<figure id=\"attachment_2174\" aria-describedby=\"caption-attachment-2174\" style=\"width: 640px\" class=\"wp-caption alignnone\"><img loading=\"lazy\" decoding=\"async\" class=\"size-large wp-image-2174\" src=\"https:\/\/blogs.gazetaesportiva.com\/automobilismo\/files\/2025\/03\/Rafa_Reis_Release-1024x576.png\" alt=\"\" width=\"640\" height=\"360\" srcset=\"https:\/\/blogs.gazetaesportiva.com\/automobilismo\/files\/2025\/03\/Rafa_Reis_Release-1024x576.png 1024w, https:\/\/blogs.gazetaesportiva.com\/automobilismo\/files\/2025\/03\/Rafa_Reis_Release-300x169.png 300w, https:\/\/blogs.gazetaesportiva.com\/automobilismo\/files\/2025\/03\/Rafa_Reis_Release-768x432.png 768w, https:\/\/blogs.gazetaesportiva.com\/automobilismo\/files\/2025\/03\/Rafa_Reis_Release-1536x864.png 1536w, https:\/\/blogs.gazetaesportiva.com\/automobilismo\/files\/2025\/03\/Rafa_Reis_Release.png 1920w\" sizes=\"auto, (max-width: 640px) 100vw, 640px\" \/><figcaption id=\"caption-attachment-2174\" class=\"wp-caption-text\">Foto: divulga\u00e7\u00e3o<\/figcaption><\/figure>\n<p>Vencedor em todas as categorias por onde passou, Rafael \u00e9 um dos grandes destaques da nova gera\u00e7\u00e3o do esporte a motor brasileiro. O piloto iniciou sua trajet\u00f3ria no esporte em 2008, no kart. Desde ent\u00e3o, Rafael colecionou impressionantes conquistas por todas as categorias que passou, t\u00edtulos que o credenciaram a buscar desafios cada vez mais altos no automobilismo.<\/p>\n<p>Com 23 anos, Rafael Reis \u00e9 tricampe\u00e3o brasileiro e pentacampe\u00e3o paulista de Kart, e, no automobilismo, conquistou os t\u00edtulos da Copa HB20, em 2021, da Nascar Brasil, em 2023, e da Turismo Nacional, em 2024.<\/p>\n<figure id=\"attachment_2173\" aria-describedby=\"caption-attachment-2173\" style=\"width: 640px\" class=\"wp-caption alignnone\"><img loading=\"lazy\" decoding=\"async\" class=\"size-large wp-image-2173\" src=\"https:\/\/blogs.gazetaesportiva.com\/automobilismo\/files\/2025\/03\/CarRacing2025_Toyota_Frente_Bradesco_v2-1024x461.png\" alt=\"\" width=\"640\" height=\"288\" srcset=\"https:\/\/blogs.gazetaesportiva.com\/automobilismo\/files\/2025\/03\/CarRacing2025_Toyota_Frente_Bradesco_v2-1024x461.png 1024w, https:\/\/blogs.gazetaesportiva.com\/automobilismo\/files\/2025\/03\/CarRacing2025_Toyota_Frente_Bradesco_v2-300x135.png 300w, https:\/\/blogs.gazetaesportiva.com\/automobilismo\/files\/2025\/03\/CarRacing2025_Toyota_Frente_Bradesco_v2-768x346.png 768w, https:\/\/blogs.gazetaesportiva.com\/automobilismo\/files\/2025\/03\/CarRacing2025_Toyota_Frente_Bradesco_v2-1536x691.png 1536w, https:\/\/blogs.gazetaesportiva.com\/automobilismo\/files\/2025\/03\/CarRacing2025_Toyota_Frente_Bradesco_v2-2048x922.png 2048w\" sizes=\"auto, (max-width: 640px) 100vw, 640px\" \/><figcaption id=\"caption-attachment-2173\" class=\"wp-caption-text\">Foto: divulga\u00e7\u00e3o<\/figcaption><\/figure>\n<p>&#8220;Sou extremamente grato pela oportunidade de estrear na maior categoria da Am\u00e9rica Latina, junto com marcas e parceiros que fazem parte da vida dos brasileiros. \u00c9 um momento muito especial na minha carreira, e espero que possamos conquistar juntos muitos pontos, p\u00f3dios e vit\u00f3rias&#8221;, disse Rafael Reis.<\/p>\n<p>Em uma temporada em que a categoria ter\u00e1 a ado\u00e7\u00e3o de SUVs, Rafael Reis ser\u00e1 um dos quatro pilotos da CAR Racing Sterling, antiga KTF Sports. Rafael competir\u00e1 com o Toyota Corolla Cross, ap\u00f3s a fabricante escolher o time no Draft realizado ao final da temporada de 2024, em Interlagos.<\/p>\n<p>Leandro Reis, chefe da equipe CAR Racing Sterling e pai de Rafael Reis, destaca a grandiosidade do projeto para a temporada 2025. &#8220;A chegada de novos parceiros fortalece a equipe e viabiliza a estreia do Rafa, que \u00e9 um piloto jovem, muito batalhador e que tem um curr\u00edculo de grandes conquistas na base do automobilismo. Temos plena convic\u00e7\u00e3o que ele ser\u00e1 um dos nomes de sucesso dessa nova gera\u00e7\u00e3o da Stock Car, e estamos empolgados para essa temporada que se inicia&#8221;, diz Leandro.<\/p>\n<p>A temporada 2025 da Stock Car ser\u00e1 aberta no dia 4 de maio, com a disputa da etapa de Interlagos, em S\u00e3o Paulo (SP).<\/p>\n","protected":false},"excerpt":{"rendered":"<p>Prestes a iniciar sua primeira temporada na Stock Car, Rafael Reis revelou a pintura de seu carro para a estreia na categoria pela equipe CAR <a class=\"read-more\" href=\"https:\/\/blogs.gazetaesportiva.com\/automobilismo\/2025\/03\/25\/rafael-reis-estreia-no-grid-da-stock-car-com-pintura-inedita-em-carro-da-equipe-car-racing-sterling\/\">leia mais<\/a><\/p>\n","protected":false},"author":75,"featured_media":2174,"comment_status":"open","ping_status":"open","sticky":false,"template":"","format":"standard","meta":{"jetpack_post_was_ever_published":false,"_jetpack_newsletter_access":"","_jetpack_dont_email_post_to_subs":false,"_jetpack_newsletter_tier_id":0,"_jetpack_memberships_contains_paywalled_content":false,"_jetpack_memberships_contains_paid_content":false,"footnotes":"","jetpack_publicize_message":"","jetpack_publicize_feature_enabled":true,"jetpack_social_post_already_shared":false,"jetpack_social_options":{"image_generator_settings":{"template":"highway","default_image_id":0,"font":"","enabled":false},"version":2}},"categories":[1],"tags":[],"class_list":["post-2172","post","type-post","status-publish","format-standard","has-post-thumbnail","hentry","category-sem-categoria"],"jetpack_publicize_connections":[],"jetpack_featured_media_url":"https:\/\/blogs.gazetaesportiva.com\/automobilismo\/files\/2025\/03\/Rafa_Reis_Release.png","jetpack_sharing_enabled":true,"jetpack_shortlink":"https:\/\/wp.me\/pblv91-z2","_links":{"self":[{"href":"https:\/\/blogs.gazetaesportiva.com\/automobilismo\/wp-json\/wp\/v2\/posts\/2172","targetHints":{"allow":["GET"]}}],"collection":[{"href":"https:\/\/blogs.gazetaesportiva.com\/automobilismo\/wp-json\/wp\/v2\/posts"}],"about":[{"href":"https:\/\/blogs.gazetaesportiva.com\/automobilismo\/wp-json\/wp\/v2\/types\/post"}],"author":[{"embeddable":true,"href":"https:\/\/blogs.gazetaesportiva.com\/automobilismo\/wp-json\/wp\/v2\/users\/75"}],"replies":[{"embeddable":true,"href":"https:\/\/blogs.gazetaesportiva.com\/automobilismo\/wp-json\/wp\/v2\/comments?post=2172"}],"version-history":[{"count":0,"href":"https:\/\/blogs.gazetaesportiva.com\/automobilismo\/wp-json\/wp\/v2\/posts\/2172\/revisions"}],"wp:featuredmedia":[{"embeddable":true,"href":"https:\/\/blogs.gazetaesportiva.com\/automobilismo\/wp-json\/wp\/v2\/media\/2174"}],"wp:attachment":[{"href":"https:\/\/blogs.gazetaesportiva.com\/automobilismo\/wp-json\/wp\/v2\/media?parent=2172"}],"wp:term":[{"taxonomy":"category","embeddable":true,"href":"https:\/\/blogs.gazetaesportiva.com\/automobilismo\/wp-json\/wp\/v2\/categories?post=2172"},{"taxonomy":"post_tag","embeddable":true,"href":"https:\/\/blogs.gazetaesportiva.com\/automobilismo\/wp-json\/wp\/v2\/tags?post=2172"}],"curies":[{"name":"wp","href":"https:\/\/api.w.org\/{rel}","templated":true}]}}