{"id":2170,"date":"2025-03-24T23:43:10","date_gmt":"2025-03-24T23:43:10","guid":{"rendered":"https:\/\/blogs.gazetaesportiva.com\/automobilismo\/?p=2170"},"modified":"2025-03-24T23:43:10","modified_gmt":"2025-03-24T23:43:10","slug":"no-quenia-toyota-gazoo-racing-celebra-vitoria-na-centesima-participacao-no-wrc","status":"publish","type":"post","link":"https:\/\/blogs.gazetaesportiva.com\/automobilismo\/2025\/03\/24\/no-quenia-toyota-gazoo-racing-celebra-vitoria-na-centesima-participacao-no-wrc\/","title":{"rendered":"No Qu\u00eania, TOYOTA GAZOO Racing celebra vit\u00f3ria na cent\u00e9sima participa\u00e7\u00e3o no WRC"},"content":{"rendered":"<p>A TOYOTA GAZOO Racing celebrou nesse domingo (23) a vit\u00f3ria no Rally Safari, terceira etapa da temporada 2025 do WRC. Elfyn Evans, ao lado do navegador Scott Martin, foi o respons\u00e1vel por levar a fabricante \u00e0 vit\u00f3ria na \u00fanica passagem do Mundial de Rally pela \u00c1frica neste ano, e garantiu a quinta vit\u00f3ria consecutiva do TGR no Qu\u00eania, al\u00e9m de ampliar a lideran\u00e7a do campeonato.<\/p>\n<figure id=\"attachment_2171\" aria-describedby=\"caption-attachment-2171\" style=\"width: 640px\" class=\"wp-caption alignnone\"><img loading=\"lazy\" decoding=\"async\" src=\"https:\/\/blogs.gazetaesportiva.com\/automobilismo\/files\/2025\/03\/WRC_2025_Rd03_700-1024x683.jpg\" alt=\"Toyota\" width=\"640\" height=\"427\" class=\"size-large wp-image-2171\" srcset=\"https:\/\/blogs.gazetaesportiva.com\/automobilismo\/files\/2025\/03\/WRC_2025_Rd03_700-1024x683.jpg 1024w, https:\/\/blogs.gazetaesportiva.com\/automobilismo\/files\/2025\/03\/WRC_2025_Rd03_700-300x200.jpg 300w, https:\/\/blogs.gazetaesportiva.com\/automobilismo\/files\/2025\/03\/WRC_2025_Rd03_700-768x512.jpg 768w, https:\/\/blogs.gazetaesportiva.com\/automobilismo\/files\/2025\/03\/WRC_2025_Rd03_700-1536x1024.jpg 1536w, https:\/\/blogs.gazetaesportiva.com\/automobilismo\/files\/2025\/03\/WRC_2025_Rd03_700-2048x1365.jpg 2048w\" sizes=\"auto, (max-width: 640px) 100vw, 640px\" \/><figcaption id=\"caption-attachment-2171\" class=\"wp-caption-text\">Foto: Toyota<\/figcaption><\/figure>\n<p>A prova deste ano em solo queniano foi considerada a mais complicada desde que o Rally Safari retornou ao calend\u00e1rio do WRC, em 2021. Evans, com uma pilotagem precisa, manteve a hegemonia da TOYOTA GAZOO Racing na prova, garantindo a vit\u00f3ria com uma margem de mais de um minuto em rela\u00e7\u00e3o ao segundo colocado.<\/p>\n<p>O resultado foi especial para a TOYOTA GAZOO Racing tamb\u00e9m por marcar uma vit\u00f3ria na cent\u00e9sima largada no WRC desde a chegada ao campeonato, em 2017. Desde ent\u00e3o, a fabricante possui 53 vit\u00f3rias e seus pilotos subiram ao p\u00f3dio em 123 oportunidades. A prova no Qu\u00eania contou com 383 quil\u00f4metros e foi marcada por um terreno rochoso e clima chuvoso, especialmente no s\u00e1bado.<\/p>\n<p>Mesmo com uma condu\u00e7\u00e3o mais conservadora em rela\u00e7\u00e3o aos advers\u00e1rios, Evans liderou a prova desde a sexta-feira, e chegou a ter mais de dois minutos de frente no s\u00e1bado, o que lhe permitiu uma pilotagem menos agressiva nas especiais de domingo. Entre os outros pilotos da TOYOTA GAZOO Racing, Sami Pajari foi o quarto, enquanto Takamoto Katsuta e Kalle Rovanpera abandonaram.<\/p>\n<p>\u201cEstou muito feliz por vencermos o cent\u00e9simo rali do WRC para a Toyota comemorar mais um triunfo no Rally Safari 40 anos depois da minha primeira vit\u00f3ria aqui. Entre as provas mais modernas e curtas no Qu\u00eania, esta foi, sem d\u00favidas, a mais dif\u00edcil. Muitas coisas aconteciam, ent\u00e3o estava mais nervoso do que quando pilotava. Foi um trabalho muito bom de Elfyn e Scott\u201d, disse Juha Kankkunen, vice-chefe da TOYOTA GAZOO Racing no WRC.<\/p>\n<p>Ap\u00f3s a realiza\u00e7\u00e3o de tr\u00eas etapas, Evans mant\u00e9m a lideran\u00e7a do WRC, somando 88 pontos, 36 a mais em rela\u00e7\u00e3o ao segundo colocado. Os outros quatro pilotos do TGR aparecem no top-10 do campeonato: S\u00e9bastien Ogier \u00e9 o quarto, com 33 pontos, Kalle Rovanpera soma 31 e \u00e9 o sexto colocado, seguido por Takamoto Katsuta (25), e Sami Pajari (19).<\/p>\n<p>Entre os construtores, a TOYOTA GAZOO Racing tamb\u00e9m lidera o WRC, agora com 148 pontos, 26 a mias em rela\u00e7\u00e3o a segunda colocada.<\/p>\n<p>A pr\u00f3xima etapa do WRC ser\u00e1 o Rally das Ilhas Can\u00e1rias, na Espanha, entre os dias 24 e 27 de abril.<\/p>\n","protected":false},"excerpt":{"rendered":"<p>A TOYOTA GAZOO Racing celebrou nesse domingo (23) a vit\u00f3ria no Rally Safari, terceira etapa da temporada 2025 do WRC. Elfyn Evans, ao lado do <a class=\"read-more\" href=\"https:\/\/blogs.gazetaesportiva.com\/automobilismo\/2025\/03\/24\/no-quenia-toyota-gazoo-racing-celebra-vitoria-na-centesima-participacao-no-wrc\/\">leia mais<\/a><\/p>\n","protected":false},"author":75,"featured_media":2171,"comment_status":"open","ping_status":"open","sticky":false,"template":"","format":"standard","meta":{"jetpack_post_was_ever_published":false,"_jetpack_newsletter_access":"","_jetpack_dont_email_post_to_subs":false,"_jetpack_newsletter_tier_id":0,"_jetpack_memberships_contains_paywalled_content":false,"_jetpack_memberships_contains_paid_content":false,"footnotes":"","jetpack_publicize_message":"","jetpack_publicize_feature_enabled":true,"jetpack_social_post_already_shared":false,"jetpack_social_options":{"image_generator_settings":{"template":"highway","default_image_id":0,"font":"","enabled":false},"version":2}},"categories":[1],"tags":[],"class_list":["post-2170","post","type-post","status-publish","format-standard","has-post-thumbnail","hentry","category-sem-categoria"],"jetpack_publicize_connections":[],"jetpack_featured_media_url":"https:\/\/blogs.gazetaesportiva.com\/automobilismo\/files\/2025\/03\/WRC_2025_Rd03_700-scaled.jpg","jetpack_sharing_enabled":true,"jetpack_shortlink":"https:\/\/wp.me\/pblv91-z0","_links":{"self":[{"href":"https:\/\/blogs.gazetaesportiva.com\/automobilismo\/wp-json\/wp\/v2\/posts\/2170","targetHints":{"allow":["GET"]}}],"collection":[{"href":"https:\/\/blogs.gazetaesportiva.com\/automobilismo\/wp-json\/wp\/v2\/posts"}],"about":[{"href":"https:\/\/blogs.gazetaesportiva.com\/automobilismo\/wp-json\/wp\/v2\/types\/post"}],"author":[{"embeddable":true,"href":"https:\/\/blogs.gazetaesportiva.com\/automobilismo\/wp-json\/wp\/v2\/users\/75"}],"replies":[{"embeddable":true,"href":"https:\/\/blogs.gazetaesportiva.com\/automobilismo\/wp-json\/wp\/v2\/comments?post=2170"}],"version-history":[{"count":0,"href":"https:\/\/blogs.gazetaesportiva.com\/automobilismo\/wp-json\/wp\/v2\/posts\/2170\/revisions"}],"wp:featuredmedia":[{"embeddable":true,"href":"https:\/\/blogs.gazetaesportiva.com\/automobilismo\/wp-json\/wp\/v2\/media\/2171"}],"wp:attachment":[{"href":"https:\/\/blogs.gazetaesportiva.com\/automobilismo\/wp-json\/wp\/v2\/media?parent=2170"}],"wp:term":[{"taxonomy":"category","embeddable":true,"href":"https:\/\/blogs.gazetaesportiva.com\/automobilismo\/wp-json\/wp\/v2\/categories?post=2170"},{"taxonomy":"post_tag","embeddable":true,"href":"https:\/\/blogs.gazetaesportiva.com\/automobilismo\/wp-json\/wp\/v2\/tags?post=2170"}],"curies":[{"name":"wp","href":"https:\/\/api.w.org\/{rel}","templated":true}]}}