{"id":2168,"date":"2025-03-23T18:36:51","date_gmt":"2025-03-23T18:36:51","guid":{"rendered":"https:\/\/blogs.gazetaesportiva.com\/automobilismo\/?p=2168"},"modified":"2025-03-23T18:36:51","modified_gmt":"2025-03-23T18:36:51","slug":"copa-truck-felipe-giaffone-vai-ao-podio-em-campo-grande-e-celebra-vitoria-de-nic-na-classe-elite","status":"publish","type":"post","link":"https:\/\/blogs.gazetaesportiva.com\/automobilismo\/2025\/03\/23\/copa-truck-felipe-giaffone-vai-ao-podio-em-campo-grande-e-celebra-vitoria-de-nic-na-classe-elite\/","title":{"rendered":"Copa Truck: Felipe Giaffone vai ao p\u00f3dio em Campo Grande e celebra vit\u00f3ria de Nic na classe Elite"},"content":{"rendered":"<p>Campe\u00e3o das \u00faltimas duas temporadas da Copa Truck, Felipe Giaffone iniciou a busca pelo terceiro t\u00edtulo consecutivo com um p\u00f3dio na etapa que abriu o campeonato de 2025, disputada no Aut\u00f3dromo Internacional Orlando Moura, em Campo Grande (MS). O piloto do caminh\u00e3o Volkswagen Meteor n\u00famero 4 foi o terceiro colocado na corrida 2, al\u00e9m de obter a quarta posi\u00e7\u00e3o na prova que abriu a rodada dupla.<\/p>\n<figure id=\"attachment_2169\" aria-describedby=\"caption-attachment-2169\" style=\"width: 640px\" class=\"wp-caption alignnone\"><img loading=\"lazy\" decoding=\"async\" src=\"https:\/\/blogs.gazetaesportiva.com\/automobilismo\/files\/2025\/03\/WhatsApp-Image-2025-03-23-at-14.17.37-1024x682.jpeg\" alt=\"\" width=\"640\" height=\"426\" class=\"size-large wp-image-2169\" srcset=\"https:\/\/blogs.gazetaesportiva.com\/automobilismo\/files\/2025\/03\/WhatsApp-Image-2025-03-23-at-14.17.37-1024x682.jpeg 1024w, https:\/\/blogs.gazetaesportiva.com\/automobilismo\/files\/2025\/03\/WhatsApp-Image-2025-03-23-at-14.17.37-300x200.jpeg 300w, https:\/\/blogs.gazetaesportiva.com\/automobilismo\/files\/2025\/03\/WhatsApp-Image-2025-03-23-at-14.17.37-768x512.jpeg 768w, https:\/\/blogs.gazetaesportiva.com\/automobilismo\/files\/2025\/03\/WhatsApp-Image-2025-03-23-at-14.17.37-1536x1023.jpeg 1536w, https:\/\/blogs.gazetaesportiva.com\/automobilismo\/files\/2025\/03\/WhatsApp-Image-2025-03-23-at-14.17.37.jpeg 1600w\" sizes=\"auto, (max-width: 640px) 100vw, 640px\" \/><figcaption id=\"caption-attachment-2169\" class=\"wp-caption-text\">Foto: Vanderley Soares<\/figcaption><\/figure>\n<p>Na primeira corrida do dia, Giaffone largou da quinta posi\u00e7\u00e3o e rapidamente avan\u00e7ou ao quarto posto. O tricampe\u00e3o esteve no grupo dos l\u00edderes por todos os 25 minutos de disputa, terminou muito pr\u00f3ximo de um lugar no p\u00f3dio. Na segunda prova, novamente partindo de quinto, o piloto avan\u00e7ou para o terceiro lugar e defendeu a posi\u00e7\u00e3o nas voltas finais para garantir o p\u00f3dio.<\/p>\n<p>\u201cEu tive que administrar bem o ritmo. Mas os resultados foram muito bons, com um terceiro e um quarto lugar. Temos bastante trabalho pela frente\u201d, disse Felipe Giaffone, que tamb\u00e9m exaltou a vit\u00f3ria do filho, Nic Giaffone, na segunda corrida do final de semana na capital de Mato Grosso do Sul.<\/p>\n<p>\u201cA estreia do Nic com vit\u00f3ria foi muito bacana. Ele se adaptou muito bem e, o mais legal \u00e9 que ele estava virando o ritmo da Pro. Na corrida que o Nic venceu, ele andou na mesma velocidade da gente na Pro. Al\u00e9m disso, o Tito (Giaffone) foi ao p\u00f3dio ontem, ent\u00e3o n\u00f3s tr\u00eas vamos sair com trof\u00e9us aqui de Campo Grande\u201d, completou Felipe.<\/p>\n<p>Depois da disputa da etapa de abertura do campeonato, Felipe Giaffone aparece na terceira coloca\u00e7\u00e3o da tabela de pontos, somando 30 pontos, apenas seis atr\u00e1s do l\u00edder do campeonato. A temporada contar\u00e1 com um total de nove etapas, todas com a realiza\u00e7\u00e3o de duas corridas.<\/p>\n<p>A Copa Truck d\u00e1 prosseguimento \u00e0 temporada 2025 no dia 13 de abril, em Londrina (PR), com a disputa da rodada dupla no Aut\u00f3dromo Internacional Ayrton Senna.<\/p>\n","protected":false},"excerpt":{"rendered":"<p>Campe\u00e3o das \u00faltimas duas temporadas da Copa Truck, Felipe Giaffone iniciou a busca pelo terceiro t\u00edtulo consecutivo com um p\u00f3dio na etapa que abriu o <a class=\"read-more\" href=\"https:\/\/blogs.gazetaesportiva.com\/automobilismo\/2025\/03\/23\/copa-truck-felipe-giaffone-vai-ao-podio-em-campo-grande-e-celebra-vitoria-de-nic-na-classe-elite\/\">leia mais<\/a><\/p>\n","protected":false},"author":75,"featured_media":2169,"comment_status":"open","ping_status":"open","sticky":false,"template":"","format":"standard","meta":{"jetpack_post_was_ever_published":false,"_jetpack_newsletter_access":"","_jetpack_dont_email_post_to_subs":false,"_jetpack_newsletter_tier_id":0,"_jetpack_memberships_contains_paywalled_content":false,"_jetpack_memberships_contains_paid_content":false,"footnotes":"","jetpack_publicize_message":"","jetpack_publicize_feature_enabled":true,"jetpack_social_post_already_shared":false,"jetpack_social_options":{"image_generator_settings":{"template":"highway","default_image_id":0,"font":"","enabled":false},"version":2}},"categories":[1],"tags":[],"class_list":["post-2168","post","type-post","status-publish","format-standard","has-post-thumbnail","hentry","category-sem-categoria"],"jetpack_publicize_connections":[],"jetpack_featured_media_url":"https:\/\/blogs.gazetaesportiva.com\/automobilismo\/files\/2025\/03\/WhatsApp-Image-2025-03-23-at-14.17.37.jpeg","jetpack_sharing_enabled":true,"jetpack_shortlink":"https:\/\/wp.me\/pblv91-yY","_links":{"self":[{"href":"https:\/\/blogs.gazetaesportiva.com\/automobilismo\/wp-json\/wp\/v2\/posts\/2168","targetHints":{"allow":["GET"]}}],"collection":[{"href":"https:\/\/blogs.gazetaesportiva.com\/automobilismo\/wp-json\/wp\/v2\/posts"}],"about":[{"href":"https:\/\/blogs.gazetaesportiva.com\/automobilismo\/wp-json\/wp\/v2\/types\/post"}],"author":[{"embeddable":true,"href":"https:\/\/blogs.gazetaesportiva.com\/automobilismo\/wp-json\/wp\/v2\/users\/75"}],"replies":[{"embeddable":true,"href":"https:\/\/blogs.gazetaesportiva.com\/automobilismo\/wp-json\/wp\/v2\/comments?post=2168"}],"version-history":[{"count":0,"href":"https:\/\/blogs.gazetaesportiva.com\/automobilismo\/wp-json\/wp\/v2\/posts\/2168\/revisions"}],"wp:featuredmedia":[{"embeddable":true,"href":"https:\/\/blogs.gazetaesportiva.com\/automobilismo\/wp-json\/wp\/v2\/media\/2169"}],"wp:attachment":[{"href":"https:\/\/blogs.gazetaesportiva.com\/automobilismo\/wp-json\/wp\/v2\/media?parent=2168"}],"wp:term":[{"taxonomy":"category","embeddable":true,"href":"https:\/\/blogs.gazetaesportiva.com\/automobilismo\/wp-json\/wp\/v2\/categories?post=2168"},{"taxonomy":"post_tag","embeddable":true,"href":"https:\/\/blogs.gazetaesportiva.com\/automobilismo\/wp-json\/wp\/v2\/tags?post=2168"}],"curies":[{"name":"wp","href":"https:\/\/api.w.org\/{rel}","templated":true}]}}