{"id":2166,"date":"2025-03-23T18:32:03","date_gmt":"2025-03-23T18:32:03","guid":{"rendered":"https:\/\/blogs.gazetaesportiva.com\/automobilismo\/?p=2166"},"modified":"2025-03-23T18:32:03","modified_gmt":"2025-03-23T18:32:03","slug":"diogo-moscato-vai-ao-podio-duas-vezes-em-campo-grande-e-lidera-copa-truck-na-classe-elite","status":"publish","type":"post","link":"https:\/\/blogs.gazetaesportiva.com\/automobilismo\/2025\/03\/23\/diogo-moscato-vai-ao-podio-duas-vezes-em-campo-grande-e-lidera-copa-truck-na-classe-elite\/","title":{"rendered":"Diogo Moscato vai ao p\u00f3dio duas vezes em Campo Grande e lidera Copa Truck na classe Elite"},"content":{"rendered":"<p>Piloto que faz em 2025 sua primeira temporada completa na Copa Truck, Diogo Moscato lidera o campeonato da classe Elite ap\u00f3s a etapa de abertura do campeonato, disputada neste domingo (23) no Aut\u00f3dromo Internacional Orlando Moura, em Campo Grande (MS). O piloto do caminh\u00e3o Iveco da Scuderia Chiarelli foi ao p\u00f3dio nas duas corridas do dia, em ambas ficando com a segunda posi\u00e7\u00e3o.<\/p>\n<figure id=\"attachment_2167\" aria-describedby=\"caption-attachment-2167\" style=\"width: 640px\" class=\"wp-caption alignnone\"><img loading=\"lazy\" decoding=\"async\" src=\"https:\/\/blogs.gazetaesportiva.com\/automobilismo\/files\/2025\/03\/WhatsApp-Image-2025-03-23-at-14.23.24-2-1024x682.jpeg\" alt=\"Diogo Moscato\" width=\"640\" height=\"426\" class=\"size-large wp-image-2167\" srcset=\"https:\/\/blogs.gazetaesportiva.com\/automobilismo\/files\/2025\/03\/WhatsApp-Image-2025-03-23-at-14.23.24-2-1024x682.jpeg 1024w, https:\/\/blogs.gazetaesportiva.com\/automobilismo\/files\/2025\/03\/WhatsApp-Image-2025-03-23-at-14.23.24-2-300x200.jpeg 300w, https:\/\/blogs.gazetaesportiva.com\/automobilismo\/files\/2025\/03\/WhatsApp-Image-2025-03-23-at-14.23.24-2-768x511.jpeg 768w, https:\/\/blogs.gazetaesportiva.com\/automobilismo\/files\/2025\/03\/WhatsApp-Image-2025-03-23-at-14.23.24-2.jpeg 1280w\" sizes=\"auto, (max-width: 640px) 100vw, 640px\" \/><figcaption id=\"caption-attachment-2167\" class=\"wp-caption-text\">Foto: Vanderley Soares<\/figcaption><\/figure>\n<p>Moscato, que leva as cores da Lubrax em seu caminh\u00e3o na Copa Truck, mostrou regularidade ao longo das duas provas do dia, se mantendo no grupo dos l\u00edderes na primeira disputa, e mantendo a posi\u00e7\u00e3o ap\u00f3s uma boa batalha com um dos advers\u00e1rios da classe Elite na segunda corrida do dia na capital de Mato Grosso do Sul.<\/p>\n<p>\u201cA gente trabalhou bastante no nosso caminh\u00e3o e tivemos a performance que desej\u00e1vamos. Claro que a gente tem trabalhado para desenvolver o caminh\u00e3o, mas \u00e9 a nossa primeira temporada completa. Estou feliz com o resultado e vamos trabalhar ainda mais para as pr\u00f3ximas etapas\u201d, disse Diogo Moscato, que tem os patroc\u00ednios de Iveco, Gotemburgo Seminovos e Cubos.<\/p>\n<p>Ap\u00f3s a disputa da primeira etapa da Copa Truck, Moscato soma 36 pontos e lidera o campeonato entre os competidores da classe Elite. O dono do caminh\u00e3o numeral 54 tem vantagem m\u00ednima em rela\u00e7\u00e3o ao segundo colocado, que tem 35 pontos ap\u00f3s as duas corridas disputadas no circuito de 3.513 metros nesta tarde.<\/p>\n<p>A Copa Truck d\u00e1 prosseguimento \u00e0 temporada 2025 no dia 13 de abril, em Londrina (PR), com a disputa da rodada dupla no Aut\u00f3dromo Internacional Ayrton Senna.<\/p>\n","protected":false},"excerpt":{"rendered":"<p>Piloto que faz em 2025 sua primeira temporada completa na Copa Truck, Diogo Moscato lidera o campeonato da classe Elite ap\u00f3s a etapa de abertura <a class=\"read-more\" href=\"https:\/\/blogs.gazetaesportiva.com\/automobilismo\/2025\/03\/23\/diogo-moscato-vai-ao-podio-duas-vezes-em-campo-grande-e-lidera-copa-truck-na-classe-elite\/\">leia mais<\/a><\/p>\n","protected":false},"author":75,"featured_media":2167,"comment_status":"open","ping_status":"open","sticky":false,"template":"","format":"standard","meta":{"jetpack_post_was_ever_published":false,"_jetpack_newsletter_access":"","_jetpack_dont_email_post_to_subs":false,"_jetpack_newsletter_tier_id":0,"_jetpack_memberships_contains_paywalled_content":false,"_jetpack_memberships_contains_paid_content":false,"footnotes":"","jetpack_publicize_message":"","jetpack_publicize_feature_enabled":true,"jetpack_social_post_already_shared":false,"jetpack_social_options":{"image_generator_settings":{"template":"highway","default_image_id":0,"font":"","enabled":false},"version":2}},"categories":[1],"tags":[],"class_list":["post-2166","post","type-post","status-publish","format-standard","has-post-thumbnail","hentry","category-sem-categoria"],"jetpack_publicize_connections":[],"jetpack_featured_media_url":"https:\/\/blogs.gazetaesportiva.com\/automobilismo\/files\/2025\/03\/WhatsApp-Image-2025-03-23-at-14.23.24-2.jpeg","jetpack_sharing_enabled":true,"jetpack_shortlink":"https:\/\/wp.me\/pblv91-yW","_links":{"self":[{"href":"https:\/\/blogs.gazetaesportiva.com\/automobilismo\/wp-json\/wp\/v2\/posts\/2166","targetHints":{"allow":["GET"]}}],"collection":[{"href":"https:\/\/blogs.gazetaesportiva.com\/automobilismo\/wp-json\/wp\/v2\/posts"}],"about":[{"href":"https:\/\/blogs.gazetaesportiva.com\/automobilismo\/wp-json\/wp\/v2\/types\/post"}],"author":[{"embeddable":true,"href":"https:\/\/blogs.gazetaesportiva.com\/automobilismo\/wp-json\/wp\/v2\/users\/75"}],"replies":[{"embeddable":true,"href":"https:\/\/blogs.gazetaesportiva.com\/automobilismo\/wp-json\/wp\/v2\/comments?post=2166"}],"version-history":[{"count":0,"href":"https:\/\/blogs.gazetaesportiva.com\/automobilismo\/wp-json\/wp\/v2\/posts\/2166\/revisions"}],"wp:featuredmedia":[{"embeddable":true,"href":"https:\/\/blogs.gazetaesportiva.com\/automobilismo\/wp-json\/wp\/v2\/media\/2167"}],"wp:attachment":[{"href":"https:\/\/blogs.gazetaesportiva.com\/automobilismo\/wp-json\/wp\/v2\/media?parent=2166"}],"wp:term":[{"taxonomy":"category","embeddable":true,"href":"https:\/\/blogs.gazetaesportiva.com\/automobilismo\/wp-json\/wp\/v2\/categories?post=2166"},{"taxonomy":"post_tag","embeddable":true,"href":"https:\/\/blogs.gazetaesportiva.com\/automobilismo\/wp-json\/wp\/v2\/tags?post=2166"}],"curies":[{"name":"wp","href":"https:\/\/api.w.org\/{rel}","templated":true}]}}