{"id":2164,"date":"2025-03-23T18:27:26","date_gmt":"2025-03-23T18:27:26","guid":{"rendered":"https:\/\/blogs.gazetaesportiva.com\/automobilismo\/?p=2164"},"modified":"2025-03-23T18:27:26","modified_gmt":"2025-03-23T18:27:26","slug":"nic-giaffone-vence-na-estreia-na-copa-truck-em-campo-grande-na-elite","status":"publish","type":"post","link":"https:\/\/blogs.gazetaesportiva.com\/automobilismo\/2025\/03\/23\/nic-giaffone-vence-na-estreia-na-copa-truck-em-campo-grande-na-elite\/","title":{"rendered":"Nic Giaffone vence na estreia na Copa Truck em Campo Grande na Elite"},"content":{"rendered":"<p>A etapa de Campo Grande (MS) da Copa Truck contou com a vit\u00f3ria do estreante Nic Giaffone na classe Elite. O piloto, que trocou as categorias de base da Indy pelas corridas dos caminh\u00f5es, venceu a corrida 2 disputada neste domingo (23) no Aut\u00f3dromo Internacional Orlando Moura, depois de largar da pole position na primeira disputa do dia gra\u00e7as ao melhor tempo na classifica\u00e7\u00e3o no s\u00e1bado.<\/p>\n<figure id=\"attachment_2165\" aria-describedby=\"caption-attachment-2165\" style=\"width: 640px\" class=\"wp-caption alignnone\"><img loading=\"lazy\" decoding=\"async\" src=\"https:\/\/blogs.gazetaesportiva.com\/automobilismo\/files\/2025\/03\/WhatsApp-Image-2025-03-23-at-14.17.43-683x1024.jpeg\" alt=\"Nic Giaffone\" width=\"640\" height=\"960\" class=\"size-large wp-image-2165\" srcset=\"https:\/\/blogs.gazetaesportiva.com\/automobilismo\/files\/2025\/03\/WhatsApp-Image-2025-03-23-at-14.17.43-683x1024.jpeg 683w, https:\/\/blogs.gazetaesportiva.com\/automobilismo\/files\/2025\/03\/WhatsApp-Image-2025-03-23-at-14.17.43-200x300.jpeg 200w, https:\/\/blogs.gazetaesportiva.com\/automobilismo\/files\/2025\/03\/WhatsApp-Image-2025-03-23-at-14.17.43-768x1152.jpeg 768w, https:\/\/blogs.gazetaesportiva.com\/automobilismo\/files\/2025\/03\/WhatsApp-Image-2025-03-23-at-14.17.43-1024x1536.jpeg 1024w, https:\/\/blogs.gazetaesportiva.com\/automobilismo\/files\/2025\/03\/WhatsApp-Image-2025-03-23-at-14.17.43.jpeg 1067w\" sizes=\"auto, (max-width: 640px) 100vw, 640px\" \/><figcaption id=\"caption-attachment-2165\" class=\"wp-caption-text\">Foto: Vanderley Soares<\/figcaption><\/figure>\n<p>Nic liderou a maior parte das duas disputas do dia na \u201ccidade morena\u201d. Na primeira, uma penaliza\u00e7\u00e3o por queima de radar impediu o piloto de conquistar um lugar no p\u00f3dio. O dono do caminh\u00e3o Volkswagen Meteor n\u00famero 31 da Giaffone Mission Zero terminou a disputa na oitava posi\u00e7\u00e3o, e na invers\u00e3o de grid, largou na primeira posi\u00e7\u00e3o na segunda disputa. Sem sustos, o piloto seguiu para vencer a corrida.<\/p>\n<p>\u201cEstou feliz pela vit\u00f3ria na segunda corrida. Se me dissessem que eu venceria a segunda corrida, eu n\u00e3o acreditaria. Na primeira corrida, passei por uma po\u00e7a de \u00f3leo e perdi a lideran\u00e7a. E depois de duas voltas, tentei ultrapass\u00e1-lo e tive a puni\u00e7\u00e3o de radar. Na segunda corrida, largando da frente, fiz uma corrida sem erros e com um caminh\u00e3o bom. Foi uma reden\u00e7\u00e3o\u201d, disse Nic Giaffone, que tem os patroc\u00ednios de CBMM, Sabesp, ArcelorMittal, Facchini, Ciser, Exparts, Omni e Balc\u00e3o Urbano.<\/p>\n<p>Com a vit\u00f3ria na primeira etapa do campeonato, Nic Giaffone sai da capital de Mato Grosso do Sul com a terceira posi\u00e7\u00e3o da tabela de pontos na classe Elite. O piloto soma 33 pontos e est\u00e1 apenas tr\u00eas distante do l\u00edder da classifica\u00e7\u00e3o.<\/p>\n<p>A Copa Truck d\u00e1 prosseguimento \u00e0 temporada 2025 no dia 13 de abril, em Londrina (PR), com a disputa da rodada dupla no Aut\u00f3dromo Internacional Ayrton Senna.<\/p>\n","protected":false},"excerpt":{"rendered":"<p>A etapa de Campo Grande (MS) da Copa Truck contou com a vit\u00f3ria do estreante Nic Giaffone na classe Elite. O piloto, que trocou as <a class=\"read-more\" href=\"https:\/\/blogs.gazetaesportiva.com\/automobilismo\/2025\/03\/23\/nic-giaffone-vence-na-estreia-na-copa-truck-em-campo-grande-na-elite\/\">leia mais<\/a><\/p>\n","protected":false},"author":75,"featured_media":2165,"comment_status":"open","ping_status":"open","sticky":false,"template":"","format":"standard","meta":{"jetpack_post_was_ever_published":false,"_jetpack_newsletter_access":"","_jetpack_dont_email_post_to_subs":false,"_jetpack_newsletter_tier_id":0,"_jetpack_memberships_contains_paywalled_content":false,"_jetpack_memberships_contains_paid_content":false,"footnotes":"","jetpack_publicize_message":"","jetpack_publicize_feature_enabled":true,"jetpack_social_post_already_shared":false,"jetpack_social_options":{"image_generator_settings":{"template":"highway","default_image_id":0,"font":"","enabled":false},"version":2}},"categories":[1],"tags":[],"class_list":["post-2164","post","type-post","status-publish","format-standard","has-post-thumbnail","hentry","category-sem-categoria"],"jetpack_publicize_connections":[],"jetpack_featured_media_url":"https:\/\/blogs.gazetaesportiva.com\/automobilismo\/files\/2025\/03\/WhatsApp-Image-2025-03-23-at-14.17.43.jpeg","jetpack_sharing_enabled":true,"jetpack_shortlink":"https:\/\/wp.me\/pblv91-yU","_links":{"self":[{"href":"https:\/\/blogs.gazetaesportiva.com\/automobilismo\/wp-json\/wp\/v2\/posts\/2164","targetHints":{"allow":["GET"]}}],"collection":[{"href":"https:\/\/blogs.gazetaesportiva.com\/automobilismo\/wp-json\/wp\/v2\/posts"}],"about":[{"href":"https:\/\/blogs.gazetaesportiva.com\/automobilismo\/wp-json\/wp\/v2\/types\/post"}],"author":[{"embeddable":true,"href":"https:\/\/blogs.gazetaesportiva.com\/automobilismo\/wp-json\/wp\/v2\/users\/75"}],"replies":[{"embeddable":true,"href":"https:\/\/blogs.gazetaesportiva.com\/automobilismo\/wp-json\/wp\/v2\/comments?post=2164"}],"version-history":[{"count":0,"href":"https:\/\/blogs.gazetaesportiva.com\/automobilismo\/wp-json\/wp\/v2\/posts\/2164\/revisions"}],"wp:featuredmedia":[{"embeddable":true,"href":"https:\/\/blogs.gazetaesportiva.com\/automobilismo\/wp-json\/wp\/v2\/media\/2165"}],"wp:attachment":[{"href":"https:\/\/blogs.gazetaesportiva.com\/automobilismo\/wp-json\/wp\/v2\/media?parent=2164"}],"wp:term":[{"taxonomy":"category","embeddable":true,"href":"https:\/\/blogs.gazetaesportiva.com\/automobilismo\/wp-json\/wp\/v2\/categories?post=2164"},{"taxonomy":"post_tag","embeddable":true,"href":"https:\/\/blogs.gazetaesportiva.com\/automobilismo\/wp-json\/wp\/v2\/tags?post=2164"}],"curies":[{"name":"wp","href":"https:\/\/api.w.org\/{rel}","templated":true}]}}