{"id":2151,"date":"2025-03-22T18:48:29","date_gmt":"2025-03-22T18:48:29","guid":{"rendered":"https:\/\/blogs.gazetaesportiva.com\/automobilismo\/?p=2151"},"modified":"2025-03-22T18:48:29","modified_gmt":"2025-03-22T18:48:29","slug":"nic-giaffone-conquista-pole-position-da-classe-elite-em-estreia-na-copa-truck","status":"publish","type":"post","link":"https:\/\/blogs.gazetaesportiva.com\/automobilismo\/2025\/03\/22\/nic-giaffone-conquista-pole-position-da-classe-elite-em-estreia-na-copa-truck\/","title":{"rendered":"Nic Giaffone conquista pole position da classe Elite em estreia na Copa Truck"},"content":{"rendered":"<p>Estreante na Copa Truck neste final de semana, Nic Giaffone vai iniciar sua trajet\u00f3ria na categoria dos caminh\u00f5es largando da pole position da classe Elite. O piloto do caminh\u00e3o Volkswagen Meteor n\u00famero 31 foi o mais r\u00e1pido do Top Qualifying, a fase final da classifica\u00e7\u00e3o realizada neste s\u00e1bado no Aut\u00f3dromo Internacional Orlando Moura, em Campo Grande (MS), marcando 1min50s865 para ficar com a posi\u00e7\u00e3o de honra.<\/p>\n<figure id=\"attachment_2152\" aria-describedby=\"caption-attachment-2152\" style=\"width: 640px\" class=\"wp-caption alignnone\"><img loading=\"lazy\" decoding=\"async\" src=\"https:\/\/blogs.gazetaesportiva.com\/automobilismo\/files\/2025\/03\/WhatsApp-Image-2025-03-22-at-15.29.51-1024x683.jpeg\" alt=\"Nic Giaffone\" width=\"640\" height=\"427\" class=\"size-large wp-image-2152\" srcset=\"https:\/\/blogs.gazetaesportiva.com\/automobilismo\/files\/2025\/03\/WhatsApp-Image-2025-03-22-at-15.29.51-1024x683.jpeg 1024w, https:\/\/blogs.gazetaesportiva.com\/automobilismo\/files\/2025\/03\/WhatsApp-Image-2025-03-22-at-15.29.51-300x200.jpeg 300w, https:\/\/blogs.gazetaesportiva.com\/automobilismo\/files\/2025\/03\/WhatsApp-Image-2025-03-22-at-15.29.51-768x512.jpeg 768w, https:\/\/blogs.gazetaesportiva.com\/automobilismo\/files\/2025\/03\/WhatsApp-Image-2025-03-22-at-15.29.51-1536x1024.jpeg 1536w, https:\/\/blogs.gazetaesportiva.com\/automobilismo\/files\/2025\/03\/WhatsApp-Image-2025-03-22-at-15.29.51-2048x1365.jpeg 2048w\" sizes=\"auto, (max-width: 640px) 100vw, 640px\" \/><figcaption id=\"caption-attachment-2152\" class=\"wp-caption-text\">Foto: Vanderley Soares<\/figcaption><\/figure>\n<p>Mesmo em seu final de semana de estreia, Nic mostrou for\u00e7a ao longo dos treinos livres. O piloto liderou dois treinos neste final de semana, al\u00e9m de terminar com a segunda posi\u00e7\u00e3o um deles. Ainda assim, o piloto se mostrou surpreso com a pole position e exaltou a equipe que est\u00e1 em sua retaguarda na capital de Mato Grosso do Sul.<\/p>\n<p>\u201c\u00c9 uma surpresa fazer essa pole position. N\u00e3o sou a pessoa que gosta de criar expectativas, e ter tanta velocidade assim de come\u00e7o \u00e9 uma surpresa. Sou s\u00f3 o piloto, tenho uma equipe inteira por tr\u00e1s, um caminh\u00e3o extremamente competitivo, ent\u00e3o estou feliz em colocar o caminh\u00e3o campe\u00e3o do ano passado onde ele deveria estar\u201d, disse Nic Giaffone, que tem patroc\u00ednios de CBMM, Sabesp, ArcelorMittal, Facchini, Ciser, Exparts, Omni e Balc\u00e3o Urbano.<\/p>\n<p>Estou muito animado para amanh\u00e3. Acho que vai ser uma corrida dif\u00edcil, pois vai estar muito quente. Nunca fiz mais de sete, oito voltas em sequ\u00eancia com o caminh\u00e3o, ent\u00e3o tem bastante coisa para a gente trabalhar. Vou ter que me adaptar bastante, mas tenho um time excelente comigo e vamos ver como vai ser amanh\u00e3\u201d, completou Nic.<\/p>\n<p>A Copa Truck abre a temporada 2025 neste domingo (23), com duas corridas. A rodada dupla ter\u00e1 in\u00edcio \u00e0s 12h10 e contar\u00e1 com transmiss\u00e3o de Band e Sportv.<\/p>\n","protected":false},"excerpt":{"rendered":"<p>Estreante na Copa Truck neste final de semana, Nic Giaffone vai iniciar sua trajet\u00f3ria na categoria dos caminh\u00f5es largando da pole position da classe Elite. <a class=\"read-more\" href=\"https:\/\/blogs.gazetaesportiva.com\/automobilismo\/2025\/03\/22\/nic-giaffone-conquista-pole-position-da-classe-elite-em-estreia-na-copa-truck\/\">leia mais<\/a><\/p>\n","protected":false},"author":75,"featured_media":2152,"comment_status":"open","ping_status":"open","sticky":false,"template":"","format":"standard","meta":{"jetpack_post_was_ever_published":false,"_jetpack_newsletter_access":"","_jetpack_dont_email_post_to_subs":false,"_jetpack_newsletter_tier_id":0,"_jetpack_memberships_contains_paywalled_content":false,"_jetpack_memberships_contains_paid_content":false,"footnotes":"","jetpack_publicize_message":"","jetpack_publicize_feature_enabled":true,"jetpack_social_post_already_shared":false,"jetpack_social_options":{"image_generator_settings":{"template":"highway","default_image_id":0,"font":"","enabled":false},"version":2}},"categories":[1],"tags":[],"class_list":["post-2151","post","type-post","status-publish","format-standard","has-post-thumbnail","hentry","category-sem-categoria"],"jetpack_publicize_connections":[],"jetpack_featured_media_url":"https:\/\/blogs.gazetaesportiva.com\/automobilismo\/files\/2025\/03\/WhatsApp-Image-2025-03-22-at-15.29.51-scaled.jpeg","jetpack_sharing_enabled":true,"jetpack_shortlink":"https:\/\/wp.me\/pblv91-yH","_links":{"self":[{"href":"https:\/\/blogs.gazetaesportiva.com\/automobilismo\/wp-json\/wp\/v2\/posts\/2151","targetHints":{"allow":["GET"]}}],"collection":[{"href":"https:\/\/blogs.gazetaesportiva.com\/automobilismo\/wp-json\/wp\/v2\/posts"}],"about":[{"href":"https:\/\/blogs.gazetaesportiva.com\/automobilismo\/wp-json\/wp\/v2\/types\/post"}],"author":[{"embeddable":true,"href":"https:\/\/blogs.gazetaesportiva.com\/automobilismo\/wp-json\/wp\/v2\/users\/75"}],"replies":[{"embeddable":true,"href":"https:\/\/blogs.gazetaesportiva.com\/automobilismo\/wp-json\/wp\/v2\/comments?post=2151"}],"version-history":[{"count":0,"href":"https:\/\/blogs.gazetaesportiva.com\/automobilismo\/wp-json\/wp\/v2\/posts\/2151\/revisions"}],"wp:featuredmedia":[{"embeddable":true,"href":"https:\/\/blogs.gazetaesportiva.com\/automobilismo\/wp-json\/wp\/v2\/media\/2152"}],"wp:attachment":[{"href":"https:\/\/blogs.gazetaesportiva.com\/automobilismo\/wp-json\/wp\/v2\/media?parent=2151"}],"wp:term":[{"taxonomy":"category","embeddable":true,"href":"https:\/\/blogs.gazetaesportiva.com\/automobilismo\/wp-json\/wp\/v2\/categories?post=2151"},{"taxonomy":"post_tag","embeddable":true,"href":"https:\/\/blogs.gazetaesportiva.com\/automobilismo\/wp-json\/wp\/v2\/tags?post=2151"}],"curies":[{"name":"wp","href":"https:\/\/api.w.org\/{rel}","templated":true}]}}