{"id":2149,"date":"2025-03-21T15:05:12","date_gmt":"2025-03-21T15:05:12","guid":{"rendered":"https:\/\/blogs.gazetaesportiva.com\/automobilismo\/?p=2149"},"modified":"2025-03-21T15:05:12","modified_gmt":"2025-03-21T15:05:12","slug":"no-aniversario-de-ayrton-senna-curta-metragem-de-animacao-celebra-legado-do-piloto","status":"publish","type":"post","link":"https:\/\/blogs.gazetaesportiva.com\/automobilismo\/2025\/03\/21\/no-aniversario-de-ayrton-senna-curta-metragem-de-animacao-celebra-legado-do-piloto\/","title":{"rendered":"No anivers\u00e1rio de Ayrton Senna, curta-metragem de anima\u00e7\u00e3o celebra legado do piloto"},"content":{"rendered":"<p>A vida e a trajet\u00f3ria de Ayrton Senna, dentro e fora das pistas, o transformaram em heroi nacional e s\u00e3o um exemplo de supera\u00e7\u00e3o, talento e inspira\u00e7\u00e3o. Resgatar esse sentimento \u00e9 a ess\u00eancia de \u201cThe Truth In Your Eyes\u201d (A Verdade Em Seus Olhos), uma co-cria\u00e7\u00e3o da ag\u00eancia Asia e da Stink Films para Senna Brands, empresa respons\u00e1vel por perpetuar o legado do piloto. O curta-metragem combina fantasia e realidade para reviver momentos ic\u00f4nicos do tricampe\u00e3o mundial de F\u00f3rmula 1 e conect\u00e1-lo \u00e0s novas gera\u00e7\u00f5es. A estreia acontece nesta sexta-feira (21) data que marca o anivers\u00e1rio de 65 anos de nascimento de Ayrton Senna.<\/p>\n<figure id=\"attachment_2150\" aria-describedby=\"caption-attachment-2150\" style=\"width: 640px\" class=\"wp-caption alignnone\"><img loading=\"lazy\" decoding=\"async\" class=\"size-large wp-image-2150\" src=\"https:\/\/blogs.gazetaesportiva.com\/automobilismo\/files\/2025\/03\/3-1024x576.png\" alt=\"\" width=\"640\" height=\"360\" srcset=\"https:\/\/blogs.gazetaesportiva.com\/automobilismo\/files\/2025\/03\/3-1024x576.png 1024w, https:\/\/blogs.gazetaesportiva.com\/automobilismo\/files\/2025\/03\/3-300x169.png 300w, https:\/\/blogs.gazetaesportiva.com\/automobilismo\/files\/2025\/03\/3-768x432.png 768w, https:\/\/blogs.gazetaesportiva.com\/automobilismo\/files\/2025\/03\/3-1536x864.png 1536w, https:\/\/blogs.gazetaesportiva.com\/automobilismo\/files\/2025\/03\/3.png 1920w\" sizes=\"auto, (max-width: 640px) 100vw, 640px\" \/><figcaption id=\"caption-attachment-2150\" class=\"wp-caption-text\">Foto: divulga\u00e7\u00e3o<\/figcaption><\/figure>\n<p>Com ilustra\u00e7\u00f5es de Butcher Billy e dire\u00e7\u00e3o de Ricardo Jones, o filme se desenvolve em torno do conceito \u201cSeek Your Truth\u201d (Busque sua Verdade) e conta a jornada de Ayrton Senna de uma forma menos realista e mais l\u00fadica, como se v\u00ea na sequ\u00eancia que representa sua rivalidade com Nigel Mansell. Nela, um le\u00e3o (alus\u00e3o ao apelido do piloto ingl\u00eas) persegue vorazmente o carro Senna em uma pista de corrida. Outro elemento que ajuda a dar o tom emocionante do curta \u00e9 o uso da voz do pr\u00f3prio Senna na narra\u00e7\u00e3o, com \u00e1udios gerados por IA.<\/p>\n<p>De acordo com o CCO da Asia, Vico Benevides, \u201ccriar qualquer coisa sobre uma lenda como Ayrton Senna \u00e9 uma imensa responsabilidade. N\u00f3s buscamos respeitar a mem\u00f3ria dele e valorizar as in\u00fameras li\u00e7\u00f5es que ele nos deixou, como perseveran\u00e7a, determina\u00e7\u00e3o, foco e disciplina. Ter os tra\u00e7os do Butcher Billy e a dire\u00e7\u00e3o do Jones nos ajudou a chegar no melhor resultado poss\u00edvel\u201d, comenta.<\/p>\n<p>\u201cA hist\u00f3ria do Ayrton \u00e9 muito inspiradora e poder cont\u00e1-la de uma maneira que foge do comum \u00e9 algo que est\u00e1 em sintonia com o que acreditamos. A anima\u00e7\u00e3o leva para os territ\u00f3rios da arte e da cultura a miss\u00e3o da marca Senna, que \u00e9 inspirar as pessoas a superarem seus pr\u00f3prios limites. E, durante o pr\u00e9-lan\u00e7amento que fizemos na CCXP, vimos que essa \u00e9 uma ferramenta eficiente de conex\u00e3o com novos p\u00fablicos\u201d, enfatiza Bianca Senna, CEO da Senna Brands e sobrinha do piloto.<\/p>\n<p>O curta foi exibido com exclusividade na edi\u00e7\u00e3o da CCXP realizada em dezembro de 2024 e, agora, estar\u00e1 dispon\u00edvel nas redes sociais da marca Senna Acompanham o lan\u00e7amento da anima\u00e7\u00e3o uma sequ\u00eancia de 41 p\u00f4steres in\u00e9ditos, criados com base em frames do curta e alusivos ao n\u00famero total de vit\u00f3rias de Senna na F\u00f3rmula 1. O projeto deve percorrer escolas e comunidades do Brasil, apresentando Senna a uma nova gera\u00e7\u00e3o de f\u00e3s e admiradores.<\/p>\n<p>Link do filme:\u00a0<a href=\"https:\/\/www.youtube.com\/watch?v=Ch7ywAA5SW0\">The Truth in Your Eyes<br \/>\n<\/a>Link materiais de imprensa (posteres + imagens + trailer):\u00a0<a href=\"https:\/\/drive.google.com\/drive\/folders\/1fMxKgkJP8CyO18eGi02uEXn8NasyCbOZ?usp=sharing\"><span data-rich-links=\"{\">The Truth In Your Eyes &#8211; IMPRENSA<\/span><\/a><\/p>\n<p><strong>FICHA T\u00c9CNICA<\/strong><\/p>\n<p>\u201cThe Truth In Your Eyes\u201d<br \/>\nCliente: Senna Brands<br \/>\nAg\u00eancia: ASIA The Experience Co<br \/>\nCEO &amp; Co-fundador: S\u00e9rgio Brand\u00e3o<br \/>\nCCO &amp; Co-fundador: Vico Benevides<br \/>\nECD: Rafael Genu<br \/>\nDiretor de Cria\u00e7\u00e3o: Manoel Michael<br \/>\nDiretora de Atendimento: Fl\u00e1via Mesquita<br \/>\nAtendimento: Livia Meyer<br \/>\nDiretora de Planejamento: Livia Lanzoni<br \/>\nProducers: Ta\u00eds Caetano, Eriana Sim\u00f5es<\/p>\n<p>Produtora: STINK Films S\u00e3o Paulo<br \/>\nDiretor: Ricardo Jones<br \/>\nProdutora Executiva: Bianca Senna, Marcela Amstalden<br \/>\nRoteiro: Ricardo Jones, Rafael Genu, Vico Benevides, Manoel Michael<br \/>\nCharacter Design: Butcher Billy<br \/>\nEdi\u00e7\u00e3o: Ricardo Jones<br \/>\nCoordena\u00e7\u00e3o de P\u00f3s: Bruno Melo<br \/>\nFinaliza\u00e7\u00e3o: Rafael Supliano<br \/>\nEquipe P\u00f3s: Max Delfino, Theo Garcia<br \/>\nAnimadores: Fabio Marino, Bruno Brasil, Toten, Diego Maia, Hugo Takahashi, Felipe Machado<br \/>\nCor: Erick Moraes<br \/>\nIlustradores: Diego Maia, Eduardo Rosa, Robson Villalba, Felipe Fernandes<br \/>\nAnimadores Spine: Ricardo Bueno e Gabriele Eichel<\/p>\n<p>Audio: Antfood Music &amp; Sound Design<br \/>\nDire\u00e7\u00e3o Criativa Antfood: Lou Schmidt, Fernando Rojo, Tiago Mago<br \/>\nProdu\u00e7\u00e3o Executiva Antfood: Renato Castro, Christiane Rachel<br \/>\nProducers Antfood: Monique Munhoz, Pablo Mello<br \/>\nP\u00f3s Produ\u00e7\u00e3o Antfood: Bruno Broaska, Fabian Jorge, Pedro Macedo<\/p>\n<p>Music by Epidemic Sound<\/p>\n<p>Agradecimentos: Renata Dumont, Alonso Sperb, Carol Fernandes, Roberta Bruzadin, Igor Luiz, Nathan Marino, Julia Menescal, Camila Martinez, Carol Junqueira, Tha\u00eds Vaz.<\/p>\n","protected":false},"excerpt":{"rendered":"<p>A vida e a trajet\u00f3ria de Ayrton Senna, dentro e fora das pistas, o transformaram em heroi nacional e s\u00e3o um exemplo de supera\u00e7\u00e3o, talento <a class=\"read-more\" href=\"https:\/\/blogs.gazetaesportiva.com\/automobilismo\/2025\/03\/21\/no-aniversario-de-ayrton-senna-curta-metragem-de-animacao-celebra-legado-do-piloto\/\">leia mais<\/a><\/p>\n","protected":false},"author":75,"featured_media":2150,"comment_status":"open","ping_status":"open","sticky":false,"template":"","format":"standard","meta":{"jetpack_post_was_ever_published":false,"_jetpack_newsletter_access":"","_jetpack_dont_email_post_to_subs":false,"_jetpack_newsletter_tier_id":0,"_jetpack_memberships_contains_paywalled_content":false,"_jetpack_memberships_contains_paid_content":false,"footnotes":"","jetpack_publicize_message":"","jetpack_publicize_feature_enabled":true,"jetpack_social_post_already_shared":false,"jetpack_social_options":{"image_generator_settings":{"template":"highway","default_image_id":0,"font":"","enabled":false},"version":2}},"categories":[1],"tags":[],"class_list":["post-2149","post","type-post","status-publish","format-standard","has-post-thumbnail","hentry","category-sem-categoria"],"jetpack_publicize_connections":[],"jetpack_featured_media_url":"https:\/\/blogs.gazetaesportiva.com\/automobilismo\/files\/2025\/03\/3.png","jetpack_sharing_enabled":true,"jetpack_shortlink":"https:\/\/wp.me\/pblv91-yF","_links":{"self":[{"href":"https:\/\/blogs.gazetaesportiva.com\/automobilismo\/wp-json\/wp\/v2\/posts\/2149","targetHints":{"allow":["GET"]}}],"collection":[{"href":"https:\/\/blogs.gazetaesportiva.com\/automobilismo\/wp-json\/wp\/v2\/posts"}],"about":[{"href":"https:\/\/blogs.gazetaesportiva.com\/automobilismo\/wp-json\/wp\/v2\/types\/post"}],"author":[{"embeddable":true,"href":"https:\/\/blogs.gazetaesportiva.com\/automobilismo\/wp-json\/wp\/v2\/users\/75"}],"replies":[{"embeddable":true,"href":"https:\/\/blogs.gazetaesportiva.com\/automobilismo\/wp-json\/wp\/v2\/comments?post=2149"}],"version-history":[{"count":0,"href":"https:\/\/blogs.gazetaesportiva.com\/automobilismo\/wp-json\/wp\/v2\/posts\/2149\/revisions"}],"wp:featuredmedia":[{"embeddable":true,"href":"https:\/\/blogs.gazetaesportiva.com\/automobilismo\/wp-json\/wp\/v2\/media\/2150"}],"wp:attachment":[{"href":"https:\/\/blogs.gazetaesportiva.com\/automobilismo\/wp-json\/wp\/v2\/media?parent=2149"}],"wp:term":[{"taxonomy":"category","embeddable":true,"href":"https:\/\/blogs.gazetaesportiva.com\/automobilismo\/wp-json\/wp\/v2\/categories?post=2149"},{"taxonomy":"post_tag","embeddable":true,"href":"https:\/\/blogs.gazetaesportiva.com\/automobilismo\/wp-json\/wp\/v2\/tags?post=2149"}],"curies":[{"name":"wp","href":"https:\/\/api.w.org\/{rel}","templated":true}]}}