{"id":2143,"date":"2025-03-20T21:30:53","date_gmt":"2025-03-20T21:30:53","guid":{"rendered":"https:\/\/blogs.gazetaesportiva.com\/automobilismo\/?p=2143"},"modified":"2025-03-20T21:30:53","modified_gmt":"2025-03-20T21:30:53","slug":"f1-em-melbourne-e-porsche-truck-e-nascar-no-brasil-destaques-na-tv-gazeta","status":"publish","type":"post","link":"https:\/\/blogs.gazetaesportiva.com\/automobilismo\/2025\/03\/20\/f1-em-melbourne-e-porsche-truck-e-nascar-no-brasil-destaques-na-tv-gazeta\/","title":{"rendered":"F1 em Melbourne e Porsche, Truck e NASCAR no Brasil: destaques na TV Gazeta"},"content":{"rendered":"<p>O Momento Velocidade desta semana na TV Gazeta ao vivo no Gazeta Esportiva trouxe os destaques da cobertura que fizemos no GP da Austr\u00e1lia. A F1 mostrou em Melbourne que tem tudo para fazer uma das temporadas mais emocionantes dos \u00faltimos anos.<\/p>\n<figure id=\"attachment_2144\" aria-describedby=\"caption-attachment-2144\" style=\"width: 640px\" class=\"wp-caption alignnone\"><img loading=\"lazy\" decoding=\"async\" class=\"size-large wp-image-2144\" src=\"https:\/\/blogs.gazetaesportiva.com\/automobilismo\/files\/2025\/03\/2025-Australian-Grand-Prix-Friday-1024x683.jpg\" alt=\"Gabriel Bortoleto\" width=\"640\" height=\"427\" srcset=\"https:\/\/blogs.gazetaesportiva.com\/automobilismo\/files\/2025\/03\/2025-Australian-Grand-Prix-Friday-1024x683.jpg 1024w, https:\/\/blogs.gazetaesportiva.com\/automobilismo\/files\/2025\/03\/2025-Australian-Grand-Prix-Friday-300x200.jpg 300w, https:\/\/blogs.gazetaesportiva.com\/automobilismo\/files\/2025\/03\/2025-Australian-Grand-Prix-Friday-768x512.jpg 768w, https:\/\/blogs.gazetaesportiva.com\/automobilismo\/files\/2025\/03\/2025-Australian-Grand-Prix-Friday-1536x1024.jpg 1536w, https:\/\/blogs.gazetaesportiva.com\/automobilismo\/files\/2025\/03\/2025-Australian-Grand-Prix-Friday-2048x1366.jpg 2048w\" sizes=\"auto, (max-width: 640px) 100vw, 640px\" \/><figcaption id=\"caption-attachment-2144\" class=\"wp-caption-text\">Foto: Rudy Carezzevoli\/Getty Images<\/figcaption><\/figure>\n<p>A vit\u00f3ria de Lando Norris j\u00e1 era esperada, mas Verstappen mostrou seu talento na chuva e conseguiu o segundo lugar. Para o Brasil, o grande momento foi a estreia de Gabriel Bortoleto. O piloto da Sauber brilhou na classifica\u00e7\u00e3o, conseguindo vaga Q2. Na corrida, vinha bem, mas rodou a dez voltas do fim, mas o Brasil teve motivos para comemorar no domingo com a vit\u00f3ria na F3 de Rafael C\u00e2mara, piloto da Ferrari Driver Academy e que deve chegar tamb\u00e9m em breve na F1.<\/p>\n<figure id=\"attachment_2145\" aria-describedby=\"caption-attachment-2145\" style=\"width: 640px\" class=\"wp-caption alignnone\"><img loading=\"lazy\" decoding=\"async\" class=\"size-large wp-image-2145\" src=\"https:\/\/blogs.gazetaesportiva.com\/automobilismo\/files\/2025\/03\/camara-fda-news_978a7462-cd41-435f-98b0-db1d2f4774a0-1024x683.jpg\" alt=\"Rafael C\u00e2mara\" width=\"640\" height=\"427\" srcset=\"https:\/\/blogs.gazetaesportiva.com\/automobilismo\/files\/2025\/03\/camara-fda-news_978a7462-cd41-435f-98b0-db1d2f4774a0-1024x683.jpg 1024w, https:\/\/blogs.gazetaesportiva.com\/automobilismo\/files\/2025\/03\/camara-fda-news_978a7462-cd41-435f-98b0-db1d2f4774a0-300x200.jpg 300w, https:\/\/blogs.gazetaesportiva.com\/automobilismo\/files\/2025\/03\/camara-fda-news_978a7462-cd41-435f-98b0-db1d2f4774a0-768x512.jpg 768w, https:\/\/blogs.gazetaesportiva.com\/automobilismo\/files\/2025\/03\/camara-fda-news_978a7462-cd41-435f-98b0-db1d2f4774a0-1536x1024.jpg 1536w, https:\/\/blogs.gazetaesportiva.com\/automobilismo\/files\/2025\/03\/camara-fda-news_978a7462-cd41-435f-98b0-db1d2f4774a0-2048x1365.jpg 2048w\" sizes=\"auto, (max-width: 640px) 100vw, 640px\" \/><figcaption id=\"caption-attachment-2145\" class=\"wp-caption-text\">Foto: Antonin Vincent\/DPPI<\/figcaption><\/figure>\n<p>Aqui no Brasil tamb\u00e9m teremos muita velocidade com a abertura da Nascar Brasil e um multi campe\u00e3o far\u00e1 seu primeiro ano completo na categoria: Cac\u00e1 Bueno. O pentacampe\u00e3o da Stock Car vai competir na equipe Betnacional PicPay RC e mandou um recado pra gente.<\/p>\n<figure id=\"attachment_2146\" aria-describedby=\"caption-attachment-2146\" style=\"width: 774px\" class=\"wp-caption alignnone\"><img loading=\"lazy\" decoding=\"async\" class=\"size-full wp-image-2146\" src=\"https:\/\/blogs.gazetaesportiva.com\/automobilismo\/files\/2025\/03\/WhatsApp-Image-2025-02-18-at-12.34.52-774x1024-1.jpeg\" alt=\"Cac\u00e1 Bueno\" width=\"774\" height=\"1024\" srcset=\"https:\/\/blogs.gazetaesportiva.com\/automobilismo\/files\/2025\/03\/WhatsApp-Image-2025-02-18-at-12.34.52-774x1024-1.jpeg 774w, https:\/\/blogs.gazetaesportiva.com\/automobilismo\/files\/2025\/03\/WhatsApp-Image-2025-02-18-at-12.34.52-774x1024-1-227x300.jpeg 227w, https:\/\/blogs.gazetaesportiva.com\/automobilismo\/files\/2025\/03\/WhatsApp-Image-2025-02-18-at-12.34.52-774x1024-1-768x1016.jpeg 768w\" sizes=\"auto, (max-width: 774px) 100vw, 774px\" \/><figcaption id=\"caption-attachment-2146\" class=\"wp-caption-text\">Foto: divulga\u00e7\u00e3o<\/figcaption><\/figure>\n<p><iframe loading=\"lazy\" title=\"A F\u00f3rmula 1 COME\u00c7OU com ESTREIA do brasileiro Bortoleto! | MOMENTO VELOCIDADE (19\/03\/25)\" width=\"640\" height=\"360\" src=\"https:\/\/www.youtube.com\/embed\/WlCRhd7ZvMQ?feature=oembed\" frameborder=\"0\" allow=\"accelerometer; autoplay; clipboard-write; encrypted-media; gyroscope; picture-in-picture; web-share\" referrerpolicy=\"strict-origin-when-cross-origin\" allowfullscreen><\/iframe><\/p>\n<p>Outro estreante de destaque na Nascar Brasil ser\u00e1 Tito Giaffone. A fam\u00edlia, ali\u00e1s, estar\u00e1 em peso em Campo Grande, j\u00e1 que o pai, Felipe, e o irm\u00e3o, Nic, aceleram na Copa Truck pela equipe Volkswagen. O Tito \u00e9 o filho mais novo do Giaffone e competiu a vida inteira no kart, conquistando diversas vit\u00f3rias e t\u00edtulos, e est\u00e1 animado com sua estreias nas competi\u00e7\u00f5es de carro.<\/p>\n<figure id=\"attachment_2147\" aria-describedby=\"caption-attachment-2147\" style=\"width: 640px\" class=\"wp-caption alignnone\"><img loading=\"lazy\" decoding=\"async\" class=\"size-large wp-image-2147\" src=\"https:\/\/blogs.gazetaesportiva.com\/automobilismo\/files\/2025\/03\/449401_1144674_img_3022-682x1024.jpg\" alt=\"Tito Giaffone\" width=\"640\" height=\"961\" srcset=\"https:\/\/blogs.gazetaesportiva.com\/automobilismo\/files\/2025\/03\/449401_1144674_img_3022-682x1024.jpg 682w, https:\/\/blogs.gazetaesportiva.com\/automobilismo\/files\/2025\/03\/449401_1144674_img_3022-200x300.jpg 200w, https:\/\/blogs.gazetaesportiva.com\/automobilismo\/files\/2025\/03\/449401_1144674_img_3022-768x1152.jpg 768w, https:\/\/blogs.gazetaesportiva.com\/automobilismo\/files\/2025\/03\/449401_1144674_img_3022-1024x1536.jpg 1024w, https:\/\/blogs.gazetaesportiva.com\/automobilismo\/files\/2025\/03\/449401_1144674_img_3022.jpg 1333w\" sizes=\"auto, (max-width: 640px) 100vw, 640px\" \/><figcaption id=\"caption-attachment-2147\" class=\"wp-caption-text\">Foto: Priscila Paiva<\/figcaption><\/figure>\n<p>Fechando o final de semana de muita velocidade no Brasil, teremos a estreia da Porsche Cup no Velocitta, onde um dono de equipe da Stock Car vai mostrar que, para trabalhar no automobilismo, n\u00e3o basta amar o esporte. Tem que acelerar! E o Paulo Reales vai estrear na Porsche ap\u00f3s ter competido de kart na Copa S\u00e3o Paulo Bradesco de Kart.<\/p>\n<figure id=\"attachment_2148\" aria-describedby=\"caption-attachment-2148\" style=\"width: 640px\" class=\"wp-caption alignnone\"><img loading=\"lazy\" decoding=\"async\" class=\"size-large wp-image-2148\" src=\"https:\/\/blogs.gazetaesportiva.com\/automobilismo\/files\/2025\/03\/WhatsApp-Image-2025-03-20-at-18.29.54-1024x679.jpeg\" alt=\"Paulo Reales\" width=\"640\" height=\"424\" srcset=\"https:\/\/blogs.gazetaesportiva.com\/automobilismo\/files\/2025\/03\/WhatsApp-Image-2025-03-20-at-18.29.54-1024x679.jpeg 1024w, https:\/\/blogs.gazetaesportiva.com\/automobilismo\/files\/2025\/03\/WhatsApp-Image-2025-03-20-at-18.29.54-300x199.jpeg 300w, https:\/\/blogs.gazetaesportiva.com\/automobilismo\/files\/2025\/03\/WhatsApp-Image-2025-03-20-at-18.29.54-768x509.jpeg 768w, https:\/\/blogs.gazetaesportiva.com\/automobilismo\/files\/2025\/03\/WhatsApp-Image-2025-03-20-at-18.29.54.jpeg 1170w\" sizes=\"auto, (max-width: 640px) 100vw, 640px\" \/><figcaption id=\"caption-attachment-2148\" class=\"wp-caption-text\">Foto: divulga\u00e7\u00e3o<\/figcaption><\/figure>\n<p>Neste domingo vamos mostrar os bastidores da minha cobertura em Melbourne e os resultados da da Copa S\u00e3o Paulo Bradesco de Kart no Momento Velocidade, 11h e 23h. At\u00e9 l\u00e1!<\/p>\n","protected":false},"excerpt":{"rendered":"<p>O Momento Velocidade desta semana na TV Gazeta ao vivo no Gazeta Esportiva trouxe os destaques da cobertura que fizemos no GP da Austr\u00e1lia. A <a class=\"read-more\" href=\"https:\/\/blogs.gazetaesportiva.com\/automobilismo\/2025\/03\/20\/f1-em-melbourne-e-porsche-truck-e-nascar-no-brasil-destaques-na-tv-gazeta\/\">leia mais<\/a><\/p>\n","protected":false},"author":75,"featured_media":2144,"comment_status":"open","ping_status":"open","sticky":false,"template":"","format":"standard","meta":{"jetpack_post_was_ever_published":false,"_jetpack_newsletter_access":"","_jetpack_dont_email_post_to_subs":false,"_jetpack_newsletter_tier_id":0,"_jetpack_memberships_contains_paywalled_content":false,"_jetpack_memberships_contains_paid_content":false,"footnotes":"","jetpack_publicize_message":"","jetpack_publicize_feature_enabled":true,"jetpack_social_post_already_shared":false,"jetpack_social_options":{"image_generator_settings":{"template":"highway","default_image_id":0,"font":"","enabled":false},"version":2}},"categories":[1],"tags":[],"class_list":["post-2143","post","type-post","status-publish","format-standard","has-post-thumbnail","hentry","category-sem-categoria"],"jetpack_publicize_connections":[],"jetpack_featured_media_url":"https:\/\/blogs.gazetaesportiva.com\/automobilismo\/files\/2025\/03\/2025-Australian-Grand-Prix-Friday-scaled.jpg","jetpack_sharing_enabled":true,"jetpack_shortlink":"https:\/\/wp.me\/pblv91-yz","_links":{"self":[{"href":"https:\/\/blogs.gazetaesportiva.com\/automobilismo\/wp-json\/wp\/v2\/posts\/2143","targetHints":{"allow":["GET"]}}],"collection":[{"href":"https:\/\/blogs.gazetaesportiva.com\/automobilismo\/wp-json\/wp\/v2\/posts"}],"about":[{"href":"https:\/\/blogs.gazetaesportiva.com\/automobilismo\/wp-json\/wp\/v2\/types\/post"}],"author":[{"embeddable":true,"href":"https:\/\/blogs.gazetaesportiva.com\/automobilismo\/wp-json\/wp\/v2\/users\/75"}],"replies":[{"embeddable":true,"href":"https:\/\/blogs.gazetaesportiva.com\/automobilismo\/wp-json\/wp\/v2\/comments?post=2143"}],"version-history":[{"count":0,"href":"https:\/\/blogs.gazetaesportiva.com\/automobilismo\/wp-json\/wp\/v2\/posts\/2143\/revisions"}],"wp:featuredmedia":[{"embeddable":true,"href":"https:\/\/blogs.gazetaesportiva.com\/automobilismo\/wp-json\/wp\/v2\/media\/2144"}],"wp:attachment":[{"href":"https:\/\/blogs.gazetaesportiva.com\/automobilismo\/wp-json\/wp\/v2\/media?parent=2143"}],"wp:term":[{"taxonomy":"category","embeddable":true,"href":"https:\/\/blogs.gazetaesportiva.com\/automobilismo\/wp-json\/wp\/v2\/categories?post=2143"},{"taxonomy":"post_tag","embeddable":true,"href":"https:\/\/blogs.gazetaesportiva.com\/automobilismo\/wp-json\/wp\/v2\/tags?post=2143"}],"curies":[{"name":"wp","href":"https:\/\/api.w.org\/{rel}","templated":true}]}}