{"id":2139,"date":"2025-03-18T21:53:50","date_gmt":"2025-03-18T21:53:50","guid":{"rendered":"https:\/\/blogs.gazetaesportiva.com\/automobilismo\/?p=2139"},"modified":"2025-03-19T14:25:41","modified_gmt":"2025-03-19T14:25:41","slug":"marcella-assumpcao-garante-novo-podio-na-copa-sao-paulo-light-de-kart","status":"publish","type":"post","link":"https:\/\/blogs.gazetaesportiva.com\/automobilismo\/2025\/03\/18\/marcella-assumpcao-garante-novo-podio-na-copa-sao-paulo-light-de-kart\/","title":{"rendered":"Marcella Assump\u00e7\u00e3o garante novo p\u00f3dio na Copa S\u00e3o Paulo Light de Kart"},"content":{"rendered":"<p style=\"text-align: justify;\">Uma das mais promissoras pilotas da nova gera\u00e7\u00e3o do kartismo brasileiro, Marcella Assump\u00e7\u00e3o foi ao p\u00f3dio na segunda etapa da Copa S\u00e3o Paulo Light de Kart, disputada no Kart\u00f3dromo Ayrton Senna, no complexo do Aut\u00f3dromo de Interlagos, correndo na categoria OKN J\u00fanior, terminando com a terceira coloca\u00e7\u00e3o entre os 16 competidores Rookies.<\/p>\n<figure id=\"attachment_2140\" aria-describedby=\"caption-attachment-2140\" style=\"width: 640px\" class=\"wp-caption alignnone\"><img loading=\"lazy\" decoding=\"async\" class=\"size-large wp-image-2140\" src=\"https:\/\/blogs.gazetaesportiva.com\/automobilismo\/files\/2025\/03\/WhatsApp-Image-2025-03-17-at-20.04.55-1024x683.jpeg\" alt=\"Marcella Assump\u00e7\u00e3o\" width=\"640\" height=\"427\" srcset=\"https:\/\/blogs.gazetaesportiva.com\/automobilismo\/files\/2025\/03\/WhatsApp-Image-2025-03-17-at-20.04.55-1024x683.jpeg 1024w, https:\/\/blogs.gazetaesportiva.com\/automobilismo\/files\/2025\/03\/WhatsApp-Image-2025-03-17-at-20.04.55-300x200.jpeg 300w, https:\/\/blogs.gazetaesportiva.com\/automobilismo\/files\/2025\/03\/WhatsApp-Image-2025-03-17-at-20.04.55-768x512.jpeg 768w, https:\/\/blogs.gazetaesportiva.com\/automobilismo\/files\/2025\/03\/WhatsApp-Image-2025-03-17-at-20.04.55.jpeg 1280w\" sizes=\"auto, (max-width: 640px) 100vw, 640px\" \/><figcaption id=\"caption-attachment-2140\" class=\"wp-caption-text\">Foto: divulga\u00e7\u00e3o<\/figcaption><\/figure>\n<p>Ap\u00f3s terminar no p\u00f3dio na primeira etapa do campeonato com um quarto lugar, a representante feminina do grid se destacou nas duas baterias do final de semana. Na primeira disputa, a pilota oficial da Kart Republic terminou com a quarta coloca\u00e7\u00e3o. Com o sexto posto obtido na bateria final da prova, Marcella garantiu a terceira posi\u00e7\u00e3o da etapa.<\/p>\n<p>Al\u00e9m da disputa da OKN J\u00fanior, Marcella disputou a etapa da F4 J\u00fanior em Interlagos, tamb\u00e9m com bons resultados. Na primeira bateria da etapa, a pilota completou a disputa com a quinta coloca\u00e7\u00e3o, depois de se recuperar de um toque, enquanto na segunda disputa, o terceiro lugar na linha de chegada rendeu a quinta coloca\u00e7\u00e3o na soma dos pontos entre 25 pilotos.<\/p>\n<p>\u201cFoi um final de semana muito positivo na Copa S\u00e3o Paulo Light. \u00c9 meu segundo p\u00f3dio na OKN J\u00fanior em duas etapas deste ano, correndo com pilotos mais experientes, e estou me adaptando rapidamente tanto ao kart quanto ao motor. Tive boas corridas tamb\u00e9m na F4 J\u00fanior, terminando com o quinto lugar. Foi um bom final de semana em Interlagos\u201d, disse Marcella Assump\u00e7\u00e3o.<\/p>\n<p>A Copa S\u00e3o Paulo Light de Kart ter\u00e1 prosseguimento no dia 12 de abril, novamente no Kart\u00f3dromo Ayrton Senna.<\/p>\n<div class=\"mceTemp\"><\/div>\n","protected":false},"excerpt":{"rendered":"<p>Uma das mais promissoras pilotas da nova gera\u00e7\u00e3o do kartismo brasileiro, Marcella Assump\u00e7\u00e3o foi ao p\u00f3dio na segunda etapa da Copa S\u00e3o Paulo Light de <a class=\"read-more\" href=\"https:\/\/blogs.gazetaesportiva.com\/automobilismo\/2025\/03\/18\/marcella-assumpcao-garante-novo-podio-na-copa-sao-paulo-light-de-kart\/\">leia mais<\/a><\/p>\n","protected":false},"author":75,"featured_media":2140,"comment_status":"open","ping_status":"open","sticky":false,"template":"","format":"standard","meta":{"jetpack_post_was_ever_published":false,"_jetpack_newsletter_access":"","_jetpack_dont_email_post_to_subs":false,"_jetpack_newsletter_tier_id":0,"_jetpack_memberships_contains_paywalled_content":false,"_jetpack_memberships_contains_paid_content":false,"footnotes":"","jetpack_publicize_message":"","jetpack_publicize_feature_enabled":true,"jetpack_social_post_already_shared":false,"jetpack_social_options":{"image_generator_settings":{"template":"highway","default_image_id":0,"font":"","enabled":false},"version":2}},"categories":[1],"tags":[],"class_list":["post-2139","post","type-post","status-publish","format-standard","has-post-thumbnail","hentry","category-sem-categoria"],"jetpack_publicize_connections":[],"jetpack_featured_media_url":"https:\/\/blogs.gazetaesportiva.com\/automobilismo\/files\/2025\/03\/WhatsApp-Image-2025-03-17-at-20.04.55.jpeg","jetpack_sharing_enabled":true,"jetpack_shortlink":"https:\/\/wp.me\/pblv91-yv","_links":{"self":[{"href":"https:\/\/blogs.gazetaesportiva.com\/automobilismo\/wp-json\/wp\/v2\/posts\/2139","targetHints":{"allow":["GET"]}}],"collection":[{"href":"https:\/\/blogs.gazetaesportiva.com\/automobilismo\/wp-json\/wp\/v2\/posts"}],"about":[{"href":"https:\/\/blogs.gazetaesportiva.com\/automobilismo\/wp-json\/wp\/v2\/types\/post"}],"author":[{"embeddable":true,"href":"https:\/\/blogs.gazetaesportiva.com\/automobilismo\/wp-json\/wp\/v2\/users\/75"}],"replies":[{"embeddable":true,"href":"https:\/\/blogs.gazetaesportiva.com\/automobilismo\/wp-json\/wp\/v2\/comments?post=2139"}],"version-history":[{"count":0,"href":"https:\/\/blogs.gazetaesportiva.com\/automobilismo\/wp-json\/wp\/v2\/posts\/2139\/revisions"}],"wp:featuredmedia":[{"embeddable":true,"href":"https:\/\/blogs.gazetaesportiva.com\/automobilismo\/wp-json\/wp\/v2\/media\/2140"}],"wp:attachment":[{"href":"https:\/\/blogs.gazetaesportiva.com\/automobilismo\/wp-json\/wp\/v2\/media?parent=2139"}],"wp:term":[{"taxonomy":"category","embeddable":true,"href":"https:\/\/blogs.gazetaesportiva.com\/automobilismo\/wp-json\/wp\/v2\/categories?post=2139"},{"taxonomy":"post_tag","embeddable":true,"href":"https:\/\/blogs.gazetaesportiva.com\/automobilismo\/wp-json\/wp\/v2\/tags?post=2139"}],"curies":[{"name":"wp","href":"https:\/\/api.w.org\/{rel}","templated":true}]}}