{"id":2136,"date":"2025-03-13T13:05:01","date_gmt":"2025-03-13T13:05:01","guid":{"rendered":"https:\/\/blogs.gazetaesportiva.com\/automobilismo\/?p=2136"},"modified":"2025-03-13T13:05:20","modified_gmt":"2025-03-13T13:05:20","slug":"francisco-rocha-acelera-em-busca-de-mais-um-podio-na-copa-sao-paulo-light","status":"publish","type":"post","link":"https:\/\/blogs.gazetaesportiva.com\/automobilismo\/2025\/03\/13\/francisco-rocha-acelera-em-busca-de-mais-um-podio-na-copa-sao-paulo-light\/","title":{"rendered":"Francisco Rocha acelera em busca de mais um p\u00f3dio na Copa S\u00e3o Paulo Light"},"content":{"rendered":"<figure id=\"attachment_2137\" aria-describedby=\"caption-attachment-2137\" style=\"width: 640px\" class=\"wp-caption alignnone\"><img loading=\"lazy\" decoding=\"async\" class=\"size-large wp-image-2137\" src=\"https:\/\/blogs.gazetaesportiva.com\/automobilismo\/files\/2025\/03\/Francisco-Rocha-no-kart-2-1024x683.jpg\" alt=\"\" width=\"640\" height=\"427\" srcset=\"https:\/\/blogs.gazetaesportiva.com\/automobilismo\/files\/2025\/03\/Francisco-Rocha-no-kart-2-1024x683.jpg 1024w, https:\/\/blogs.gazetaesportiva.com\/automobilismo\/files\/2025\/03\/Francisco-Rocha-no-kart-2-300x200.jpg 300w, https:\/\/blogs.gazetaesportiva.com\/automobilismo\/files\/2025\/03\/Francisco-Rocha-no-kart-2-768x512.jpg 768w, https:\/\/blogs.gazetaesportiva.com\/automobilismo\/files\/2025\/03\/Francisco-Rocha-no-kart-2.jpg 1200w\" sizes=\"auto, (max-width: 640px) 100vw, 640px\" \/><figcaption id=\"caption-attachment-2137\" class=\"wp-caption-text\">Foto: DarkSide Karts<\/figcaption><\/figure>\n<p>As aten\u00e7\u00f5es do kartismo nacional est\u00e3o voltadas para a segunda etapa da Copa S\u00e3o Paulo Light de Kart, que acontece neste fim de semana no tradicional Kart\u00f3dromo Ayrton Senna, em Interlagos. A competi\u00e7\u00e3o re\u00fane alguns dos principais nomes do esporte no Brasil e promete disputas eletrizantes na pista paulistana.<\/p>\n<p>Depois de um in\u00edcio promissor na temporada, Francisco Rocha (Equipes: CRG Brasil, Car Racing \/ Coaches: Olin Galli, Alberto Cattucci, L\u00e9o Reis, Rafael Reis) retorna ao grid com o objetivo de marcar o maior n\u00famero poss\u00edvel de pontos\u00a0na categoria OKN J\u00fanior. O piloto estreou na competi\u00e7\u00e3o conquistando um p\u00f3dio, com o segundo lugar na Rookie. Al\u00e9m disso, em fevereiro, tamb\u00e9m se destacou na abertura do Paulista KGV ao vencer a primeira corrida do ano, em sua estreia na Rotax J\u00fanior Max. Agora, ele quer tentar manter a boa performance, em mais uma prova no Light.<\/p>\n<p>&#8220;Fevereiro foi um m\u00eas de muito trabalho. Foi bem legal come\u00e7ar o ano j\u00e1 com bons resultados, mas a gente sabe que ainda tem muito mais pela frente. O foco \u00e9 continuar evoluindo e buscar as melhores coloca\u00e7\u00f5es poss\u00edveis e marcar pontos para o campeonato&#8221;,\u00a0destacou Francisco Rocha.<\/p>\n<p>Na \u00faltima segunda-feira (10), a Confedera\u00e7\u00e3o Brasileira de Automobilismo realizou, em Bras\u00edlia, a cerim\u00f4nia de premia\u00e7\u00e3o dos campe\u00f5es da temporada 2024. Francisco n\u00e3o p\u00f4de comparecer ao evento, mas foi um dos homenageados pelo t\u00edtulo nacional da Rotax Mini Max, conquistado no Brasileiro de Kart, em Paul\u00ednia-SP.<\/p>\n<p>&#8220;Infelizmente, n\u00e3o consegui estar presente na festa, mas fiquei muito feliz com o trof\u00e9u de campe\u00e3o de 2024. Foi uma conquista muito importante pra mim e espero poder buscar outro e estar l\u00e1 no ano que vem&#8221;, comentou o piloto paulista.<\/p>\n<p>A programa\u00e7\u00e3o da segunda etapa da Copa S\u00e3o Paulo Light j\u00e1 come\u00e7ou com treinos livres n\u00e3o cronometrados, que seguem at\u00e9 esta quinta-feira (13). Na sexta-feira (14), os pilotos ter\u00e3o os treinos oficiais e a tomada de tempos, que define o grid de largada. No s\u00e1bado (15), as categorias disputam as corridas, com as duas baterias da OKN J\u00fanior acontecendo na parte da manh\u00e3.<\/p>\n<p>Para quem deseja acompanhar as emo\u00e7\u00f5es das provas de Francisco Rocha, ao vivo, a FAtv Live transmitir\u00e1 as corridas pelo seu canal no YouTube, garantindo que o p\u00fablico n\u00e3o perca nenhum detalhe das disputas em Interlagos.<\/p>\n","protected":false},"excerpt":{"rendered":"<p>As aten\u00e7\u00f5es do kartismo nacional est\u00e3o voltadas para a segunda etapa da Copa S\u00e3o Paulo Light de Kart, que acontece neste fim de semana no <a class=\"read-more\" href=\"https:\/\/blogs.gazetaesportiva.com\/automobilismo\/2025\/03\/13\/francisco-rocha-acelera-em-busca-de-mais-um-podio-na-copa-sao-paulo-light\/\">leia mais<\/a><\/p>\n","protected":false},"author":75,"featured_media":2137,"comment_status":"open","ping_status":"open","sticky":false,"template":"","format":"standard","meta":{"jetpack_post_was_ever_published":false,"_jetpack_newsletter_access":"","_jetpack_dont_email_post_to_subs":false,"_jetpack_newsletter_tier_id":0,"_jetpack_memberships_contains_paywalled_content":false,"_jetpack_memberships_contains_paid_content":false,"footnotes":"","jetpack_publicize_message":"","jetpack_publicize_feature_enabled":true,"jetpack_social_post_already_shared":false,"jetpack_social_options":{"image_generator_settings":{"template":"highway","default_image_id":0,"font":"","enabled":false},"version":2}},"categories":[1],"tags":[],"class_list":["post-2136","post","type-post","status-publish","format-standard","has-post-thumbnail","hentry","category-sem-categoria"],"jetpack_publicize_connections":[],"jetpack_featured_media_url":"https:\/\/blogs.gazetaesportiva.com\/automobilismo\/files\/2025\/03\/Francisco-Rocha-no-kart-2.jpg","jetpack_sharing_enabled":true,"jetpack_shortlink":"https:\/\/wp.me\/pblv91-ys","_links":{"self":[{"href":"https:\/\/blogs.gazetaesportiva.com\/automobilismo\/wp-json\/wp\/v2\/posts\/2136","targetHints":{"allow":["GET"]}}],"collection":[{"href":"https:\/\/blogs.gazetaesportiva.com\/automobilismo\/wp-json\/wp\/v2\/posts"}],"about":[{"href":"https:\/\/blogs.gazetaesportiva.com\/automobilismo\/wp-json\/wp\/v2\/types\/post"}],"author":[{"embeddable":true,"href":"https:\/\/blogs.gazetaesportiva.com\/automobilismo\/wp-json\/wp\/v2\/users\/75"}],"replies":[{"embeddable":true,"href":"https:\/\/blogs.gazetaesportiva.com\/automobilismo\/wp-json\/wp\/v2\/comments?post=2136"}],"version-history":[{"count":0,"href":"https:\/\/blogs.gazetaesportiva.com\/automobilismo\/wp-json\/wp\/v2\/posts\/2136\/revisions"}],"wp:featuredmedia":[{"embeddable":true,"href":"https:\/\/blogs.gazetaesportiva.com\/automobilismo\/wp-json\/wp\/v2\/media\/2137"}],"wp:attachment":[{"href":"https:\/\/blogs.gazetaesportiva.com\/automobilismo\/wp-json\/wp\/v2\/media?parent=2136"}],"wp:term":[{"taxonomy":"category","embeddable":true,"href":"https:\/\/blogs.gazetaesportiva.com\/automobilismo\/wp-json\/wp\/v2\/categories?post=2136"},{"taxonomy":"post_tag","embeddable":true,"href":"https:\/\/blogs.gazetaesportiva.com\/automobilismo\/wp-json\/wp\/v2\/tags?post=2136"}],"curies":[{"name":"wp","href":"https:\/\/api.w.org\/{rel}","templated":true}]}}