{"id":2133,"date":"2025-03-13T12:47:29","date_gmt":"2025-03-13T12:47:29","guid":{"rendered":"https:\/\/blogs.gazetaesportiva.com\/automobilismo\/?p=2133"},"modified":"2025-03-13T12:47:29","modified_gmt":"2025-03-13T12:47:29","slug":"diogo-moscato-correra-com-as-cores-de-lubrax-na-copa-truck-e-revela-layout-de-seu-caminhao","status":"publish","type":"post","link":"https:\/\/blogs.gazetaesportiva.com\/automobilismo\/2025\/03\/13\/diogo-moscato-correra-com-as-cores-de-lubrax-na-copa-truck-e-revela-layout-de-seu-caminhao\/","title":{"rendered":"Diogo Moscato correr\u00e1 com as cores de Lubrax na Copa Truck e revela layout de seu caminh\u00e3o"},"content":{"rendered":"<figure id=\"attachment_2134\" aria-describedby=\"caption-attachment-2134\" style=\"width: 640px\" class=\"wp-caption alignnone\"><img loading=\"lazy\" decoding=\"async\" class=\"size-large wp-image-2134\" src=\"https:\/\/blogs.gazetaesportiva.com\/automobilismo\/files\/2025\/03\/Moscato-caminhao-truck-1024x576.jpg\" alt=\"\" width=\"640\" height=\"360\" srcset=\"https:\/\/blogs.gazetaesportiva.com\/automobilismo\/files\/2025\/03\/Moscato-caminhao-truck-1024x576.jpg 1024w, https:\/\/blogs.gazetaesportiva.com\/automobilismo\/files\/2025\/03\/Moscato-caminhao-truck-300x169.jpg 300w, https:\/\/blogs.gazetaesportiva.com\/automobilismo\/files\/2025\/03\/Moscato-caminhao-truck-768x432.jpg 768w, https:\/\/blogs.gazetaesportiva.com\/automobilismo\/files\/2025\/03\/Moscato-caminhao-truck.jpg 1500w\" sizes=\"auto, (max-width: 640px) 100vw, 640px\" \/><figcaption id=\"caption-attachment-2134\" class=\"wp-caption-text\">Caminh\u00e3o de Diogo Moscato &#8211; Foto: Divulga\u00e7\u00e3o<\/figcaption><\/figure>\n<p style=\"text-align: justify;\">Revela\u00e7\u00e3o na \u00faltima temporada com quatro p\u00f3dios em suas quatro primeiras corridas, Diogo Moscato apresentou um novo layout para o seu caminh\u00e3o de 2025 na Copa Truck que agora ter\u00e1 a marca Lubrax em destaque. O piloto baiano segue acelerando com o Iveco n\u00famero 54 pela Scuderia Chiarelli, mas agora com o caminh\u00e3o predominantemente verde e com detalhes em amarelo, cores e layout referentes \u00e0 Lubrax, o lubrificante da Vibra que ganhou h\u00e1 pouco uma nova marca, mais moderna, conectada com inova\u00e7\u00e3o e tecnologia.<\/p>\n<p style=\"text-align: justify;\">\u201cEstou muito feliz em anunciar que novamente contaremos com a marca Lubrax, que \u00e9 l\u00edder de mercado e a marca de lubrificantes mais lembrada e vendida do Brasil, ent\u00e3o ser\u00e1 muito especial ter essa energia deles apoiando o nosso caminh\u00e3o\u201d, diz Moscato, que ter\u00e1 os patroc\u00ednios de Iveco, Gotemburgo Seminovos e Cubos.<\/p>\n<p style=\"text-align: justify;\">O caminh\u00e3o de Diogo ganhou um design especial, j\u00e1 que Lubrax passou recentemente por um processo de rebranding e lan\u00e7ou sua nova identidade visual. Com o objetivo de refor\u00e7ar seu compromisso com a inova\u00e7\u00e3o e tecnologia no desenvolvimento de produtos, a nova marca busca transmitir modernidade, dinamismo e proximidade com seus consumidores, ao mesmo tempo em que mant\u00e9m os pilares de confian\u00e7a e qualidade pelos quais \u00e9 reconhecida. A marca se reposiciona para fortalecer sua presen\u00e7a no mercado e continuar a ser refer\u00eancia em lubrificantes no Brasil.<\/p>\n<p style=\"text-align: justify;\">\u201cEstamos confiantes de que essa parceria ser\u00e1 vencedora, fortalecer\u00e1 ainda mais a nossa presen\u00e7a no mercado e no segmento, al\u00e9m de inspirar novas conquistas do Diogo. Seu talento e dedica\u00e7\u00e3o nas pistas refletem os mesmos valores que buscamos em nossos produtos: performance, confian\u00e7a e inova\u00e7\u00e3o\u201d, afirma Vanessa Gordilho, vice-presidente comercial varejo da Vibra, respons\u00e1vel tamb\u00e9m pela \u00e1rea de patroc\u00ednios da companhia.<\/p>\n<p style=\"text-align: justify;\">Essa n\u00e3o ser\u00e1 a primeira vez que Moscato correr\u00e1 com Lubrax, afinal o piloto soteropolitano acelera com as cores da marca desde 2022, quando atuou pela Nascar Brasil. Em 2022 e 2023, quando foi eleito o \u201cRookie of the Year\u201d da Nascar Brasil na classe Pro, o carro do piloto ganhou o pr\u00eamio de pintura mais bonita do grid.<\/p>\n<figure id=\"attachment_2135\" aria-describedby=\"caption-attachment-2135\" style=\"width: 640px\" class=\"wp-caption alignnone\"><img loading=\"lazy\" decoding=\"async\" class=\"size-large wp-image-2135\" src=\"https:\/\/blogs.gazetaesportiva.com\/automobilismo\/files\/2025\/03\/Moscato-na-Nascar-Brasil-1024x683.jpg\" alt=\"\" width=\"640\" height=\"427\" srcset=\"https:\/\/blogs.gazetaesportiva.com\/automobilismo\/files\/2025\/03\/Moscato-na-Nascar-Brasil-1024x683.jpg 1024w, https:\/\/blogs.gazetaesportiva.com\/automobilismo\/files\/2025\/03\/Moscato-na-Nascar-Brasil-300x200.jpg 300w, https:\/\/blogs.gazetaesportiva.com\/automobilismo\/files\/2025\/03\/Moscato-na-Nascar-Brasil-768x512.jpg 768w, https:\/\/blogs.gazetaesportiva.com\/automobilismo\/files\/2025\/03\/Moscato-na-Nascar-Brasil-1536x1024.jpg 1536w, https:\/\/blogs.gazetaesportiva.com\/automobilismo\/files\/2025\/03\/Moscato-na-Nascar-Brasil-2048x1366.jpg 2048w\" sizes=\"auto, (max-width: 640px) 100vw, 640px\" \/><figcaption id=\"caption-attachment-2135\" class=\"wp-caption-text\">Diogo Moscato na Nascar Brasil &#8211; Foto: Rodrigo Guimar\u00e3es<\/figcaption><\/figure>\n<p style=\"text-align: justify;\">\u201cAquela temporada de 2023 foi muito especial, inclusive venci a Special Edition em Goi\u00e2nia por tr\u00eas mil\u00e9simos na disputa com o Arthur Gama. Cruzei a linha de chegada sem cap\u00f4, em uma das vit\u00f3rias mais emocionantes da carreira. Esperamos repetir essas conquistas na Copa Truck, quem sabe disputando o t\u00edtulo\u201d, diz Moscato.<\/p>\n<p style=\"text-align: justify;\">Com essa parceria, o #TimeLubrax ganha mais um nome de peso: Diogo Moscato. Ele se junta aos pilotos Felipe Massa e Julio Campos, que j\u00e1 aceleram na Stock Car, a principal categoria do automobilismo brasileiro com as cores da marca de lubrificantes. A partir de agora, a Vibra amplia sua participa\u00e7\u00e3o e apoio ao esporte motor, integrando tamb\u00e9m a Copa Truck e trazendo caminh\u00f5es para o universo que j\u00e1 contava com a Stock Car. Levando para as pistas as marcas Lubrax e Petrobras Podium, a empresa refor\u00e7a seu compromisso em oferecer produtos que garantam performance e inova\u00e7\u00e3o, valores essenciais tamb\u00e9m no automobilismo. A marca Petrobras Podium \u00e9 licenciada \u00e0 Vibra.<\/p>\n<p style=\"text-align: justify;\">A temporada 2025 da Copa Truck ser\u00e1 aberta em 23 de mar\u00e7o no Aut\u00f3dromo Internacional Orlando Moura, em Campo Grande (MS).<\/p>\n","protected":false},"excerpt":{"rendered":"<p>Revela\u00e7\u00e3o na \u00faltima temporada com quatro p\u00f3dios em suas quatro primeiras corridas, Diogo Moscato apresentou um novo layout para o seu caminh\u00e3o de 2025 na <a class=\"read-more\" href=\"https:\/\/blogs.gazetaesportiva.com\/automobilismo\/2025\/03\/13\/diogo-moscato-correra-com-as-cores-de-lubrax-na-copa-truck-e-revela-layout-de-seu-caminhao\/\">leia mais<\/a><\/p>\n","protected":false},"author":75,"featured_media":2134,"comment_status":"open","ping_status":"open","sticky":false,"template":"","format":"standard","meta":{"jetpack_post_was_ever_published":false,"_jetpack_newsletter_access":"","_jetpack_dont_email_post_to_subs":false,"_jetpack_newsletter_tier_id":0,"_jetpack_memberships_contains_paywalled_content":false,"_jetpack_memberships_contains_paid_content":false,"footnotes":"","jetpack_publicize_message":"","jetpack_publicize_feature_enabled":true,"jetpack_social_post_already_shared":false,"jetpack_social_options":{"image_generator_settings":{"template":"highway","default_image_id":0,"font":"","enabled":false},"version":2}},"categories":[1],"tags":[],"class_list":["post-2133","post","type-post","status-publish","format-standard","has-post-thumbnail","hentry","category-sem-categoria"],"jetpack_publicize_connections":[],"jetpack_featured_media_url":"https:\/\/blogs.gazetaesportiva.com\/automobilismo\/files\/2025\/03\/Moscato-caminhao-truck.jpg","jetpack_sharing_enabled":true,"jetpack_shortlink":"https:\/\/wp.me\/pblv91-yp","_links":{"self":[{"href":"https:\/\/blogs.gazetaesportiva.com\/automobilismo\/wp-json\/wp\/v2\/posts\/2133","targetHints":{"allow":["GET"]}}],"collection":[{"href":"https:\/\/blogs.gazetaesportiva.com\/automobilismo\/wp-json\/wp\/v2\/posts"}],"about":[{"href":"https:\/\/blogs.gazetaesportiva.com\/automobilismo\/wp-json\/wp\/v2\/types\/post"}],"author":[{"embeddable":true,"href":"https:\/\/blogs.gazetaesportiva.com\/automobilismo\/wp-json\/wp\/v2\/users\/75"}],"replies":[{"embeddable":true,"href":"https:\/\/blogs.gazetaesportiva.com\/automobilismo\/wp-json\/wp\/v2\/comments?post=2133"}],"version-history":[{"count":0,"href":"https:\/\/blogs.gazetaesportiva.com\/automobilismo\/wp-json\/wp\/v2\/posts\/2133\/revisions"}],"wp:featuredmedia":[{"embeddable":true,"href":"https:\/\/blogs.gazetaesportiva.com\/automobilismo\/wp-json\/wp\/v2\/media\/2134"}],"wp:attachment":[{"href":"https:\/\/blogs.gazetaesportiva.com\/automobilismo\/wp-json\/wp\/v2\/media?parent=2133"}],"wp:term":[{"taxonomy":"category","embeddable":true,"href":"https:\/\/blogs.gazetaesportiva.com\/automobilismo\/wp-json\/wp\/v2\/categories?post=2133"},{"taxonomy":"post_tag","embeddable":true,"href":"https:\/\/blogs.gazetaesportiva.com\/automobilismo\/wp-json\/wp\/v2\/tags?post=2133"}],"curies":[{"name":"wp","href":"https:\/\/api.w.org\/{rel}","templated":true}]}}