{"id":2129,"date":"2025-03-06T16:28:35","date_gmt":"2025-03-06T16:28:35","guid":{"rendered":"https:\/\/blogs.gazetaesportiva.com\/automobilismo\/?p=2129"},"modified":"2025-03-06T16:30:19","modified_gmt":"2025-03-06T16:30:19","slug":"matheus-ferreira-e-anunciado-no-porsche-carrera-cup-da-alemanha","status":"publish","type":"post","link":"https:\/\/blogs.gazetaesportiva.com\/automobilismo\/2025\/03\/06\/matheus-ferreira-e-anunciado-no-porsche-carrera-cup-da-alemanha\/","title":{"rendered":"Matheus Ferreira \u00e9 anunciado no Porsche Carrera Cup da Alemanha"},"content":{"rendered":"<figure id=\"attachment_2130\" aria-describedby=\"caption-attachment-2130\" style=\"width: 640px\" class=\"wp-caption alignnone\"><img loading=\"lazy\" decoding=\"async\" class=\"size-large wp-image-2130\" src=\"https:\/\/blogs.gazetaesportiva.com\/automobilismo\/files\/2025\/03\/448894_1143079_whatsapp_image_2025_03_06_at_12.35.26-1024x1024.jpeg\" alt=\"\" width=\"640\" height=\"640\" srcset=\"https:\/\/blogs.gazetaesportiva.com\/automobilismo\/files\/2025\/03\/448894_1143079_whatsapp_image_2025_03_06_at_12.35.26-1024x1024.jpeg 1024w, https:\/\/blogs.gazetaesportiva.com\/automobilismo\/files\/2025\/03\/448894_1143079_whatsapp_image_2025_03_06_at_12.35.26-300x300.jpeg 300w, https:\/\/blogs.gazetaesportiva.com\/automobilismo\/files\/2025\/03\/448894_1143079_whatsapp_image_2025_03_06_at_12.35.26-150x150.jpeg 150w, https:\/\/blogs.gazetaesportiva.com\/automobilismo\/files\/2025\/03\/448894_1143079_whatsapp_image_2025_03_06_at_12.35.26-768x768.jpeg 768w, https:\/\/blogs.gazetaesportiva.com\/automobilismo\/files\/2025\/03\/448894_1143079_whatsapp_image_2025_03_06_at_12.35.26.jpeg 1080w\" sizes=\"auto, (max-width: 640px) 100vw, 640px\" \/><figcaption id=\"caption-attachment-2130\" class=\"wp-caption-text\">Foto: Divulga\u00e7\u00e3o<\/figcaption><\/figure>\n<p style=\"text-align: justify;\">Estreante em carros de turismo na temporada 2025, Matheus Ferreira disputar\u00e1 o Porsche Carrera Cup da Alemanha. O brasileiro seguir\u00e1 na equipe Target Competition, justamente pela qual conquistou quatro p\u00f3dios no Porsche Sprint Southern Europe neste in\u00edcio de ano. O piloto mostrou um r\u00e1pido entrosamento com o Porsche 911 GT3 e destaca a import\u00e2ncia destes pr\u00f3ximos passos no automobilismo internacional.<\/p>\n<p style=\"text-align: justify;\">\u201cEstou muito feliz com esta nova oportunidade no Porsche Carrera Cup da Alemanha com a Target Competition. Este \u00e9 um passo crucial na minha carreira, e estou pronto para dar o meu melhor para atingir meus objetivos\u201d, diz Ferreira, que venceu duas provas da F4 Brasil em Interlagos e tamb\u00e9m foi ao p\u00f3dio na F4 Italiana.<\/p>\n<figure id=\"attachment_2023\" aria-describedby=\"caption-attachment-2023\" style=\"width: 640px\" class=\"wp-caption alignnone\"><img loading=\"lazy\" decoding=\"async\" class=\"wp-image-2023 size-large\" src=\"https:\/\/blogs.gazetaesportiva.com\/automobilismo\/files\/2025\/01\/matheus-ferreira-podio-porsche-e1741278502398-1024x704.jpg\" alt=\"\" width=\"640\" height=\"440\" srcset=\"https:\/\/blogs.gazetaesportiva.com\/automobilismo\/files\/2025\/01\/matheus-ferreira-podio-porsche-e1741278502398-1024x704.jpg 1024w, https:\/\/blogs.gazetaesportiva.com\/automobilismo\/files\/2025\/01\/matheus-ferreira-podio-porsche-e1741278502398-300x206.jpg 300w, https:\/\/blogs.gazetaesportiva.com\/automobilismo\/files\/2025\/01\/matheus-ferreira-podio-porsche-e1741278502398-768x528.jpg 768w, https:\/\/blogs.gazetaesportiva.com\/automobilismo\/files\/2025\/01\/matheus-ferreira-podio-porsche-e1741278502398.jpg 1440w\" sizes=\"auto, (max-width: 640px) 100vw, 640px\" \/><figcaption id=\"caption-attachment-2023\" class=\"wp-caption-text\">Foto: Porsche<\/figcaption><\/figure>\n<p style=\"text-align: justify;\">O Porsche Carrera Cup alem\u00e3o ser\u00e1 disputado em oito finais de semana com corridas em cinco pa\u00edses diferentes. As duas primeiras etapas ser\u00e3o em conjunto com provas do FIA WEC, enquanto que as seis seguintes fazem parte do cronograma da DTM.<\/p>\n<p style=\"text-align: justify;\">\u201cN\u00f3s mostramos um ritmo forte nas provas deste come\u00e7o de ano, tanto em Portugal quanto na Espanha, ent\u00e3o eu e a equipe estamos bem preparados para mais esse desafio\u201d, afirma Ferreira.<\/p>\n<p style=\"text-align: justify;\">O campeonato ser\u00e1 aberto entre os dias 18 e 20 de abril em \u00cdmola, na It\u00e1lia.<\/p>\n<p style=\"text-align: justify;\"><strong>Confira o calend\u00e1rio completo do Porsche Carrera Cup da Alemanha:<\/strong><\/p>\n<p style=\"text-align: justify;\">18 \u2013 20 de abril: \u00cdmola (It\u00e1lia)<br \/>\n8 \u2013 9 de maio: Spa-Francorchamps (B\u00e9lgica)<br \/>\n6 \u2013 8 de junho: Zandvoort (Holanda)<br \/>\n4 \u2013 6 de julho: Norisring (Alemanha)<br \/>\n8 \u2013 10 de agosto: N\u00fcrburgring (Alemanha)<br \/>\n22 \u2013 24 de agosto: Sachsenring (Alemanha)<br \/>\n12 \u2013 14 de setembro: Red Bull Ring (\u00c1ustria)<br \/>\n3 \u2013 5 de outubro: Hockenheim (Alemanha)<\/p>\n","protected":false},"excerpt":{"rendered":"<p>Estreante em carros de turismo na temporada 2025, Matheus Ferreira disputar\u00e1 o Porsche Carrera Cup da Alemanha. O brasileiro seguir\u00e1 na equipe Target Competition, justamente <a class=\"read-more\" href=\"https:\/\/blogs.gazetaesportiva.com\/automobilismo\/2025\/03\/06\/matheus-ferreira-e-anunciado-no-porsche-carrera-cup-da-alemanha\/\">leia mais<\/a><\/p>\n","protected":false},"author":75,"featured_media":2130,"comment_status":"open","ping_status":"open","sticky":false,"template":"","format":"standard","meta":{"jetpack_post_was_ever_published":false,"_jetpack_newsletter_access":"","_jetpack_dont_email_post_to_subs":false,"_jetpack_newsletter_tier_id":0,"_jetpack_memberships_contains_paywalled_content":false,"_jetpack_memberships_contains_paid_content":false,"footnotes":"","jetpack_publicize_message":"","jetpack_publicize_feature_enabled":true,"jetpack_social_post_already_shared":false,"jetpack_social_options":{"image_generator_settings":{"template":"highway","default_image_id":0,"font":"","enabled":false},"version":2}},"categories":[1],"tags":[],"class_list":["post-2129","post","type-post","status-publish","format-standard","has-post-thumbnail","hentry","category-sem-categoria"],"jetpack_publicize_connections":[],"jetpack_featured_media_url":"https:\/\/blogs.gazetaesportiva.com\/automobilismo\/files\/2025\/03\/448894_1143079_whatsapp_image_2025_03_06_at_12.35.26.jpeg","jetpack_sharing_enabled":true,"jetpack_shortlink":"https:\/\/wp.me\/pblv91-yl","_links":{"self":[{"href":"https:\/\/blogs.gazetaesportiva.com\/automobilismo\/wp-json\/wp\/v2\/posts\/2129","targetHints":{"allow":["GET"]}}],"collection":[{"href":"https:\/\/blogs.gazetaesportiva.com\/automobilismo\/wp-json\/wp\/v2\/posts"}],"about":[{"href":"https:\/\/blogs.gazetaesportiva.com\/automobilismo\/wp-json\/wp\/v2\/types\/post"}],"author":[{"embeddable":true,"href":"https:\/\/blogs.gazetaesportiva.com\/automobilismo\/wp-json\/wp\/v2\/users\/75"}],"replies":[{"embeddable":true,"href":"https:\/\/blogs.gazetaesportiva.com\/automobilismo\/wp-json\/wp\/v2\/comments?post=2129"}],"version-history":[{"count":0,"href":"https:\/\/blogs.gazetaesportiva.com\/automobilismo\/wp-json\/wp\/v2\/posts\/2129\/revisions"}],"wp:featuredmedia":[{"embeddable":true,"href":"https:\/\/blogs.gazetaesportiva.com\/automobilismo\/wp-json\/wp\/v2\/media\/2130"}],"wp:attachment":[{"href":"https:\/\/blogs.gazetaesportiva.com\/automobilismo\/wp-json\/wp\/v2\/media?parent=2129"}],"wp:term":[{"taxonomy":"category","embeddable":true,"href":"https:\/\/blogs.gazetaesportiva.com\/automobilismo\/wp-json\/wp\/v2\/categories?post=2129"},{"taxonomy":"post_tag","embeddable":true,"href":"https:\/\/blogs.gazetaesportiva.com\/automobilismo\/wp-json\/wp\/v2\/tags?post=2129"}],"curies":[{"name":"wp","href":"https:\/\/api.w.org\/{rel}","templated":true}]}}