{"id":2126,"date":"2025-02-25T15:00:16","date_gmt":"2025-02-25T15:00:16","guid":{"rendered":"https:\/\/blogs.gazetaesportiva.com\/automobilismo\/?p=2126"},"modified":"2025-02-25T15:00:16","modified_gmt":"2025-02-25T15:00:16","slug":"tv-gazeta-mostra-reportagem-especial-com-carro-de-ayrton-senna-na-mclaren","status":"publish","type":"post","link":"https:\/\/blogs.gazetaesportiva.com\/automobilismo\/2025\/02\/25\/tv-gazeta-mostra-reportagem-especial-com-carro-de-ayrton-senna-na-mclaren\/","title":{"rendered":"TV Gazeta mostra reportagem especial com carro de Ayrton Senna na McLaren"},"content":{"rendered":"<figure id=\"attachment_2127\" aria-describedby=\"caption-attachment-2127\" style=\"width: 640px\" class=\"wp-caption alignnone\"><img loading=\"lazy\" decoding=\"async\" class=\"size-large wp-image-2127\" src=\"https:\/\/blogs.gazetaesportiva.com\/automobilismo\/files\/2025\/02\/Snapinst.app_480629938_18490831432038270_3465650587904301355_n_1080-1024x1024.jpg\" alt=\"\" width=\"640\" height=\"640\" srcset=\"https:\/\/blogs.gazetaesportiva.com\/automobilismo\/files\/2025\/02\/Snapinst.app_480629938_18490831432038270_3465650587904301355_n_1080-1024x1024.jpg 1024w, https:\/\/blogs.gazetaesportiva.com\/automobilismo\/files\/2025\/02\/Snapinst.app_480629938_18490831432038270_3465650587904301355_n_1080-300x300.jpg 300w, https:\/\/blogs.gazetaesportiva.com\/automobilismo\/files\/2025\/02\/Snapinst.app_480629938_18490831432038270_3465650587904301355_n_1080-150x150.jpg 150w, https:\/\/blogs.gazetaesportiva.com\/automobilismo\/files\/2025\/02\/Snapinst.app_480629938_18490831432038270_3465650587904301355_n_1080-768x768.jpg 768w, https:\/\/blogs.gazetaesportiva.com\/automobilismo\/files\/2025\/02\/Snapinst.app_480629938_18490831432038270_3465650587904301355_n_1080.jpg 1080w\" sizes=\"auto, (max-width: 640px) 100vw, 640px\" \/><figcaption id=\"caption-attachment-2127\" class=\"wp-caption-text\">McLaren MP4\/6 de Ayrton Senna &#8211; Foto: Arquivo Pessoal<\/figcaption><\/figure>\n<p>O programa Momento Velocidade exibiu na noite deste domingo uma mat\u00e9ria especial com o carro de 1991 com o qual Ayrton Senna conquistou seu terceiro t\u00edtulo mundial na F1.<\/p>\n<p>O modelo ic\u00f4nico MP4\/6 tamb\u00e9m entrou para a hist\u00f3ria por ser o da primeira vit\u00f3ria do brasileiro em Interlagos, no GP Brasil daquele mesmo ano, quando venceu mesmo ficando apenas com a sexta marcha nas voltas finais.<\/p>\n<p>Confira a reportagem que mostra tamb\u00e9m como \u00e9 a sede da McLaren em Woking, na Inglaterra:<\/p>\n<p><iframe loading=\"lazy\" title=\"Lembran\u00e7as de Ayrton Senna | Momento Velocidade | Gazeta Motors\" width=\"640\" height=\"360\" src=\"https:\/\/www.youtube.com\/embed\/MiwpJf4GqGw?feature=oembed\" frameborder=\"0\" allow=\"accelerometer; autoplay; clipboard-write; encrypted-media; gyroscope; picture-in-picture; web-share\" referrerpolicy=\"strict-origin-when-cross-origin\" allowfullscreen><\/iframe><\/p>\n","protected":false},"excerpt":{"rendered":"<p>O programa Momento Velocidade exibiu na noite deste domingo uma mat\u00e9ria especial com o carro de 1991 com o qual Ayrton Senna conquistou seu terceiro <a class=\"read-more\" href=\"https:\/\/blogs.gazetaesportiva.com\/automobilismo\/2025\/02\/25\/tv-gazeta-mostra-reportagem-especial-com-carro-de-ayrton-senna-na-mclaren\/\">leia mais<\/a><\/p>\n","protected":false},"author":75,"featured_media":2127,"comment_status":"open","ping_status":"open","sticky":false,"template":"","format":"standard","meta":{"jetpack_post_was_ever_published":false,"_jetpack_newsletter_access":"","_jetpack_dont_email_post_to_subs":false,"_jetpack_newsletter_tier_id":0,"_jetpack_memberships_contains_paywalled_content":false,"_jetpack_memberships_contains_paid_content":false,"footnotes":"","jetpack_publicize_message":"","jetpack_publicize_feature_enabled":true,"jetpack_social_post_already_shared":false,"jetpack_social_options":{"image_generator_settings":{"template":"highway","default_image_id":0,"font":"","enabled":false},"version":2}},"categories":[1],"tags":[],"class_list":["post-2126","post","type-post","status-publish","format-standard","has-post-thumbnail","hentry","category-sem-categoria"],"jetpack_publicize_connections":[],"jetpack_featured_media_url":"https:\/\/blogs.gazetaesportiva.com\/automobilismo\/files\/2025\/02\/Snapinst.app_480629938_18490831432038270_3465650587904301355_n_1080.jpg","jetpack_sharing_enabled":true,"jetpack_shortlink":"https:\/\/wp.me\/pblv91-yi","_links":{"self":[{"href":"https:\/\/blogs.gazetaesportiva.com\/automobilismo\/wp-json\/wp\/v2\/posts\/2126","targetHints":{"allow":["GET"]}}],"collection":[{"href":"https:\/\/blogs.gazetaesportiva.com\/automobilismo\/wp-json\/wp\/v2\/posts"}],"about":[{"href":"https:\/\/blogs.gazetaesportiva.com\/automobilismo\/wp-json\/wp\/v2\/types\/post"}],"author":[{"embeddable":true,"href":"https:\/\/blogs.gazetaesportiva.com\/automobilismo\/wp-json\/wp\/v2\/users\/75"}],"replies":[{"embeddable":true,"href":"https:\/\/blogs.gazetaesportiva.com\/automobilismo\/wp-json\/wp\/v2\/comments?post=2126"}],"version-history":[{"count":0,"href":"https:\/\/blogs.gazetaesportiva.com\/automobilismo\/wp-json\/wp\/v2\/posts\/2126\/revisions"}],"wp:featuredmedia":[{"embeddable":true,"href":"https:\/\/blogs.gazetaesportiva.com\/automobilismo\/wp-json\/wp\/v2\/media\/2127"}],"wp:attachment":[{"href":"https:\/\/blogs.gazetaesportiva.com\/automobilismo\/wp-json\/wp\/v2\/media?parent=2126"}],"wp:term":[{"taxonomy":"category","embeddable":true,"href":"https:\/\/blogs.gazetaesportiva.com\/automobilismo\/wp-json\/wp\/v2\/categories?post=2126"},{"taxonomy":"post_tag","embeddable":true,"href":"https:\/\/blogs.gazetaesportiva.com\/automobilismo\/wp-json\/wp\/v2\/tags?post=2126"}],"curies":[{"name":"wp","href":"https:\/\/api.w.org\/{rel}","templated":true}]}}