{"id":2123,"date":"2025-02-25T14:54:49","date_gmt":"2025-02-25T14:54:49","guid":{"rendered":"https:\/\/blogs.gazetaesportiva.com\/automobilismo\/?p=2123"},"modified":"2025-02-25T14:54:49","modified_gmt":"2025-02-25T14:54:49","slug":"momento-velocidade-conta-como-foi-o-lancamento-da-f1-em-londres","status":"publish","type":"post","link":"https:\/\/blogs.gazetaesportiva.com\/automobilismo\/2025\/02\/25\/momento-velocidade-conta-como-foi-o-lancamento-da-f1-em-londres\/","title":{"rendered":"Momento Velocidade conta como foi o lan\u00e7amento da F1 em Londres"},"content":{"rendered":"<figure id=\"attachment_2125\" aria-describedby=\"caption-attachment-2125\" style=\"width: 640px\" class=\"wp-caption alignnone\"><img loading=\"lazy\" decoding=\"async\" class=\"size-large wp-image-2125\" src=\"https:\/\/blogs.gazetaesportiva.com\/automobilismo\/files\/2025\/02\/Gabriel-Bortoleto-na-F1-1024x926.jpg\" alt=\"\" width=\"640\" height=\"579\" srcset=\"https:\/\/blogs.gazetaesportiva.com\/automobilismo\/files\/2025\/02\/Gabriel-Bortoleto-na-F1-1024x926.jpg 1024w, https:\/\/blogs.gazetaesportiva.com\/automobilismo\/files\/2025\/02\/Gabriel-Bortoleto-na-F1-300x271.jpg 300w, https:\/\/blogs.gazetaesportiva.com\/automobilismo\/files\/2025\/02\/Gabriel-Bortoleto-na-F1-768x695.jpg 768w, https:\/\/blogs.gazetaesportiva.com\/automobilismo\/files\/2025\/02\/Gabriel-Bortoleto-na-F1-1536x1389.jpg 1536w, https:\/\/blogs.gazetaesportiva.com\/automobilismo\/files\/2025\/02\/Gabriel-Bortoleto-na-F1-2048x1853.jpg 2048w\" sizes=\"auto, (max-width: 640px) 100vw, 640px\" \/><figcaption id=\"caption-attachment-2125\" class=\"wp-caption-text\">Foto: Divulga\u00e7\u00e3o<\/figcaption><\/figure>\n<p>O Momento Velocidade exibido nesta segunda na TV Gazeta dentro do Gazeta Esportiva trouxe a cobertura do evento que celebrou os 75 anos da F1. Pela primeira vez, foram reunidas as dez equipes do grid para mostrar seus novos carros para 2025.<\/p>\n<p>A apresenta\u00e7\u00e3o come\u00e7ou com a Sauber e nosso representante do Brasil, Gabriel Bortoleto. Eu conversei com ele em Londres e a expectativa \u00e9 realmente fazer de 2025 o ano de sua consolida\u00e7\u00e3o na categoria. Vale lembrar que a equipe foi a \u00faltima colocada em 2024, ent\u00e3o a torcida deve ter paci\u00eancia nos primeiros GPs. E a festa tamb\u00e9m teve estreia de Hamilton com a Ferrari, vaias para Verstappen e para a FIA e desfile da McLaren incluindo o carro de Ayrton Senna no palco. A pr\u00e9-temporada da F1 come\u00e7a nesta quarta, no Bahrein!<\/p>\n<figure id=\"attachment_2124\" aria-describedby=\"caption-attachment-2124\" style=\"width: 640px\" class=\"wp-caption alignnone\"><img loading=\"lazy\" decoding=\"async\" class=\"size-large wp-image-2124\" src=\"https:\/\/blogs.gazetaesportiva.com\/automobilismo\/files\/2025\/02\/448645_1142405_dsc_6459-1024x685.jpg\" alt=\"\" width=\"640\" height=\"428\" srcset=\"https:\/\/blogs.gazetaesportiva.com\/automobilismo\/files\/2025\/02\/448645_1142405_dsc_6459-1024x685.jpg 1024w, https:\/\/blogs.gazetaesportiva.com\/automobilismo\/files\/2025\/02\/448645_1142405_dsc_6459-300x201.jpg 300w, https:\/\/blogs.gazetaesportiva.com\/automobilismo\/files\/2025\/02\/448645_1142405_dsc_6459-768x514.jpg 768w, https:\/\/blogs.gazetaesportiva.com\/automobilismo\/files\/2025\/02\/448645_1142405_dsc_6459-1536x1027.jpg 1536w, https:\/\/blogs.gazetaesportiva.com\/automobilismo\/files\/2025\/02\/448645_1142405_dsc_6459-2048x1369.jpg 2048w\" sizes=\"auto, (max-width: 640px) 100vw, 640px\" \/><figcaption id=\"caption-attachment-2124\" class=\"wp-caption-text\">Foto: Pedro Bragan\u00e7a\/ RF1<\/figcaption><\/figure>\n<p>Nas pistas brasileiras, os campeonatos de base tamb\u00e9m j\u00e1 come\u00e7aram com a disputa da primeira etapa da Copa S\u00e3o Paulo Bradesco de Kart no Kart\u00f3dromo Granja Viana. Esse torneio j\u00e1 revelou talentos para a F1, como Gabriel Bortoleto, e \u00e9 considerado uma dos mais fortes do Brasil.<\/p>\n<figure id=\"attachment_1632\" aria-describedby=\"caption-attachment-1632\" style=\"width: 640px\" class=\"wp-caption alignnone\"><img loading=\"lazy\" decoding=\"async\" class=\"size-large wp-image-1632\" src=\"https:\/\/blogs.gazetaesportiva.com\/automobilismo\/files\/2024\/05\/436614_1103268_20240414_759_truck_hb20_goiania_rodrigoruiz_29090-1024x683.jpg\" alt=\"Wagner Pontes\" width=\"640\" height=\"427\" srcset=\"https:\/\/blogs.gazetaesportiva.com\/automobilismo\/files\/2024\/05\/436614_1103268_20240414_759_truck_hb20_goiania_rodrigoruiz_29090-1024x683.jpg 1024w, https:\/\/blogs.gazetaesportiva.com\/automobilismo\/files\/2024\/05\/436614_1103268_20240414_759_truck_hb20_goiania_rodrigoruiz_29090-300x200.jpg 300w, https:\/\/blogs.gazetaesportiva.com\/automobilismo\/files\/2024\/05\/436614_1103268_20240414_759_truck_hb20_goiania_rodrigoruiz_29090-768x512.jpg 768w, https:\/\/blogs.gazetaesportiva.com\/automobilismo\/files\/2024\/05\/436614_1103268_20240414_759_truck_hb20_goiania_rodrigoruiz_29090-1536x1024.jpg 1536w, https:\/\/blogs.gazetaesportiva.com\/automobilismo\/files\/2024\/05\/436614_1103268_20240414_759_truck_hb20_goiania_rodrigoruiz_29090-2048x1366.jpg 2048w\" sizes=\"auto, (max-width: 640px) 100vw, 640px\" \/><figcaption id=\"caption-attachment-1632\" class=\"wp-caption-text\">Foto: Rodrigo Aguiar Ruiz\/RR Media<\/figcaption><\/figure>\n<p>E no pr\u00f3ximo m\u00eas tamb\u00e9m teremos o in\u00edcio da Porsche Cup, que abre temporada no Velocitta. E o Wagner Pontes, que foi vice-campe\u00e3o em 2024, vai mudar de categoria com a D4U Sports e contou sobre este novo desafio:<\/p>\n<p><iframe loading=\"lazy\" title=\"F1 - HAMILTON com novo CARRO na FERRARI | MOMENTO VELOCIDADE\" width=\"640\" height=\"360\" src=\"https:\/\/www.youtube.com\/embed\/kuQ3sNGtzO4?feature=oembed\" frameborder=\"0\" allow=\"accelerometer; autoplay; clipboard-write; encrypted-media; gyroscope; picture-in-picture; web-share\" referrerpolicy=\"strict-origin-when-cross-origin\" allowfullscreen><\/iframe><\/p>\n<p>&nbsp;<\/p>\n<p>No pr\u00f3ximo m\u00eas tamb\u00e9m teremos o in\u00edcio da Copa Truck e o maior campe\u00e3o da categoria \u00e9 o Felipe Giaffone, da equipe Volkswagen. Em 2025, ele ter\u00e1 um novo desafio: competir com um caminh\u00e3o totalmente novo e tendo como companheiro de equipe o pr\u00f3prio filho, Nic Giaffone. E o Felipe vai mostrar na TV Gazeta como \u00e9 a constru\u00e7\u00e3o de um Truck de corrida, que chega a mais de 220 km\/h.<\/p>\n<figure id=\"attachment_2004\" aria-describedby=\"caption-attachment-2004\" style=\"width: 640px\" class=\"wp-caption alignnone\"><img loading=\"lazy\" decoding=\"async\" class=\"size-large wp-image-2004\" src=\"https:\/\/blogs.gazetaesportiva.com\/automobilismo\/files\/2025\/01\/Snapinst.app_469690511_1245377470048466_7544474874331281030_n_1080-1024x685.jpg\" alt=\"\" width=\"640\" height=\"428\" srcset=\"https:\/\/blogs.gazetaesportiva.com\/automobilismo\/files\/2025\/01\/Snapinst.app_469690511_1245377470048466_7544474874331281030_n_1080-1024x685.jpg 1024w, https:\/\/blogs.gazetaesportiva.com\/automobilismo\/files\/2025\/01\/Snapinst.app_469690511_1245377470048466_7544474874331281030_n_1080-300x201.jpg 300w, https:\/\/blogs.gazetaesportiva.com\/automobilismo\/files\/2025\/01\/Snapinst.app_469690511_1245377470048466_7544474874331281030_n_1080-768x514.jpg 768w, https:\/\/blogs.gazetaesportiva.com\/automobilismo\/files\/2025\/01\/Snapinst.app_469690511_1245377470048466_7544474874331281030_n_1080.jpg 1069w\" sizes=\"auto, (max-width: 640px) 100vw, 640px\" \/><figcaption id=\"caption-attachment-2004\" class=\"wp-caption-text\">Felipe Giaffone e Nic Giaffone &#8211; Foto: Vanderley Soares\/ RF1<\/figcaption><\/figure>\n<p>\u00c9 isso, a reportagem completa mostrando o nascimento deste Truck voc\u00ea confere no Momento Velocidade aos domingos aqui na TV Gazeta.<\/p>\n","protected":false},"excerpt":{"rendered":"<p>O Momento Velocidade exibido nesta segunda na TV Gazeta dentro do Gazeta Esportiva trouxe a cobertura do evento que celebrou os 75 anos da F1. <a class=\"read-more\" href=\"https:\/\/blogs.gazetaesportiva.com\/automobilismo\/2025\/02\/25\/momento-velocidade-conta-como-foi-o-lancamento-da-f1-em-londres\/\">leia mais<\/a><\/p>\n","protected":false},"author":75,"featured_media":2125,"comment_status":"open","ping_status":"open","sticky":false,"template":"","format":"standard","meta":{"jetpack_post_was_ever_published":false,"_jetpack_newsletter_access":"","_jetpack_dont_email_post_to_subs":false,"_jetpack_newsletter_tier_id":0,"_jetpack_memberships_contains_paywalled_content":false,"_jetpack_memberships_contains_paid_content":false,"footnotes":"","jetpack_publicize_message":"","jetpack_publicize_feature_enabled":true,"jetpack_social_post_already_shared":false,"jetpack_social_options":{"image_generator_settings":{"template":"highway","default_image_id":0,"font":"","enabled":false},"version":2}},"categories":[1],"tags":[],"class_list":["post-2123","post","type-post","status-publish","format-standard","has-post-thumbnail","hentry","category-sem-categoria"],"jetpack_publicize_connections":[],"jetpack_featured_media_url":"https:\/\/blogs.gazetaesportiva.com\/automobilismo\/files\/2025\/02\/Gabriel-Bortoleto-na-F1-scaled.jpg","jetpack_sharing_enabled":true,"jetpack_shortlink":"https:\/\/wp.me\/pblv91-yf","_links":{"self":[{"href":"https:\/\/blogs.gazetaesportiva.com\/automobilismo\/wp-json\/wp\/v2\/posts\/2123","targetHints":{"allow":["GET"]}}],"collection":[{"href":"https:\/\/blogs.gazetaesportiva.com\/automobilismo\/wp-json\/wp\/v2\/posts"}],"about":[{"href":"https:\/\/blogs.gazetaesportiva.com\/automobilismo\/wp-json\/wp\/v2\/types\/post"}],"author":[{"embeddable":true,"href":"https:\/\/blogs.gazetaesportiva.com\/automobilismo\/wp-json\/wp\/v2\/users\/75"}],"replies":[{"embeddable":true,"href":"https:\/\/blogs.gazetaesportiva.com\/automobilismo\/wp-json\/wp\/v2\/comments?post=2123"}],"version-history":[{"count":0,"href":"https:\/\/blogs.gazetaesportiva.com\/automobilismo\/wp-json\/wp\/v2\/posts\/2123\/revisions"}],"wp:featuredmedia":[{"embeddable":true,"href":"https:\/\/blogs.gazetaesportiva.com\/automobilismo\/wp-json\/wp\/v2\/media\/2125"}],"wp:attachment":[{"href":"https:\/\/blogs.gazetaesportiva.com\/automobilismo\/wp-json\/wp\/v2\/media?parent=2123"}],"wp:term":[{"taxonomy":"category","embeddable":true,"href":"https:\/\/blogs.gazetaesportiva.com\/automobilismo\/wp-json\/wp\/v2\/categories?post=2123"},{"taxonomy":"post_tag","embeddable":true,"href":"https:\/\/blogs.gazetaesportiva.com\/automobilismo\/wp-json\/wp\/v2\/tags?post=2123"}],"curies":[{"name":"wp","href":"https:\/\/api.w.org\/{rel}","templated":true}]}}