{"id":2119,"date":"2025-02-25T14:35:58","date_gmt":"2025-02-25T14:35:58","guid":{"rendered":"https:\/\/blogs.gazetaesportiva.com\/automobilismo\/?p=2119"},"modified":"2025-02-25T14:35:58","modified_gmt":"2025-02-25T14:35:58","slug":"diogo-moscato-destaca-bom-rendimento-em-pre-temporada-na-copa-truck-em-campo-grande","status":"publish","type":"post","link":"https:\/\/blogs.gazetaesportiva.com\/automobilismo\/2025\/02\/25\/diogo-moscato-destaca-bom-rendimento-em-pre-temporada-na-copa-truck-em-campo-grande\/","title":{"rendered":"Diogo Moscato destaca bom rendimento em pr\u00e9-temporada na Copa Truck em Campo Grande"},"content":{"rendered":"<figure id=\"attachment_2120\" aria-describedby=\"caption-attachment-2120\" style=\"width: 640px\" class=\"wp-caption alignnone\"><img loading=\"lazy\" decoding=\"async\" class=\"size-large wp-image-2120\" src=\"https:\/\/blogs.gazetaesportiva.com\/automobilismo\/files\/2025\/02\/Diogo-Moscato-no-podio-da-Copa-Truck-1024x760.jpg\" alt=\"\" width=\"640\" height=\"475\" srcset=\"https:\/\/blogs.gazetaesportiva.com\/automobilismo\/files\/2025\/02\/Diogo-Moscato-no-podio-da-Copa-Truck-1024x760.jpg 1024w, https:\/\/blogs.gazetaesportiva.com\/automobilismo\/files\/2025\/02\/Diogo-Moscato-no-podio-da-Copa-Truck-300x223.jpg 300w, https:\/\/blogs.gazetaesportiva.com\/automobilismo\/files\/2025\/02\/Diogo-Moscato-no-podio-da-Copa-Truck-768x570.jpg 768w, https:\/\/blogs.gazetaesportiva.com\/automobilismo\/files\/2025\/02\/Diogo-Moscato-no-podio-da-Copa-Truck-1536x1141.jpg 1536w, https:\/\/blogs.gazetaesportiva.com\/automobilismo\/files\/2025\/02\/Diogo-Moscato-no-podio-da-Copa-Truck.jpg 1667w\" sizes=\"auto, (max-width: 640px) 100vw, 640px\" \/><figcaption id=\"caption-attachment-2120\" class=\"wp-caption-text\">Diogo Moscato no p\u00f3dio da Copa Truck &#8211; Foto: Rodrigo Ruiz<\/figcaption><\/figure>\n<p>Piloto revela\u00e7\u00e3o da Copa Truck na temporada passada, Diogo Moscato aprovou os testes de pr\u00e9-temporada realizados com a Scuderia Chiarelli em Campo Grande (MS) na \u00faltima semana. O piloto do caminh\u00e3o Iveco n\u00famero 54 viu com bons olhos ter acelerado na pista que abrir\u00e1 a temporada em 23 de mar\u00e7o.<\/p>\n<p>\u201cOs testes de pr\u00e9-temporada em Campo Grande foram bons. \u00c9 sempre positivo ter a oportunidade de acelerar na pista em que vamos come\u00e7ar o ano. Ainda n\u00e3o est\u00e1vamos 100%, faltavam alguns ajustes importantes, ent\u00e3o ainda \u00e9 dif\u00edcil de avaliar a velocidade para a temporada, mas o caminh\u00e3o estava com uma ader\u00eancia muito boa na pista\u201d, revela o piloto baiano.<\/p>\n<figure id=\"attachment_2121\" aria-describedby=\"caption-attachment-2121\" style=\"width: 640px\" class=\"wp-caption alignnone\"><img loading=\"lazy\" decoding=\"async\" class=\"size-large wp-image-2121\" src=\"https:\/\/blogs.gazetaesportiva.com\/automobilismo\/files\/2025\/02\/Diogo-Moscato-na-Copa-Truck-1024x683.jpg\" alt=\"\" width=\"640\" height=\"427\" srcset=\"https:\/\/blogs.gazetaesportiva.com\/automobilismo\/files\/2025\/02\/Diogo-Moscato-na-Copa-Truck-1024x683.jpg 1024w, https:\/\/blogs.gazetaesportiva.com\/automobilismo\/files\/2025\/02\/Diogo-Moscato-na-Copa-Truck-300x200.jpg 300w, https:\/\/blogs.gazetaesportiva.com\/automobilismo\/files\/2025\/02\/Diogo-Moscato-na-Copa-Truck-768x512.jpg 768w, https:\/\/blogs.gazetaesportiva.com\/automobilismo\/files\/2025\/02\/Diogo-Moscato-na-Copa-Truck.jpg 1500w\" sizes=\"auto, (max-width: 640px) 100vw, 640px\" \/><figcaption id=\"caption-attachment-2121\" class=\"wp-caption-text\">Diogo Moscato &#8211; Foto: Rodrigo Aguiar Ruiz\/RR Media<\/figcaption><\/figure>\n<p>Com quatro p\u00f3dios em suas quatro primeiras corridas na Super Truck Elite, Moscato destaca a import\u00e2ncia dos testes para iniciar sua primeira temporada completa na Copa Truck. A estreia do piloto aconteceu em setembro de 2024 em Cascavel (PR).<\/p>\n<p>\u201cN\u00f3s conseguimos progredir bem durante os treinos a cada volta e a pr\u00e9-temporada \u00e9 fundamental para n\u00f3s. Agora estamos fazendo os \u00faltimos ajustes antes da primeira corrida e a nossa expectativa \u00e9 muito boa para esse ano\u201d, afirma Moscato, que foi campe\u00e3o da Nascar Brasil Special Edition na divis\u00e3o ProAm em 2022.<\/p>\n<figure id=\"attachment_2122\" aria-describedby=\"caption-attachment-2122\" style=\"width: 640px\" class=\"wp-caption alignnone\"><img loading=\"lazy\" decoding=\"async\" class=\"size-large wp-image-2122\" src=\"https:\/\/blogs.gazetaesportiva.com\/automobilismo\/files\/2025\/02\/RGHD8231-1024x683.jpg\" alt=\"\" width=\"640\" height=\"427\" srcset=\"https:\/\/blogs.gazetaesportiva.com\/automobilismo\/files\/2025\/02\/RGHD8231-1024x683.jpg 1024w, https:\/\/blogs.gazetaesportiva.com\/automobilismo\/files\/2025\/02\/RGHD8231-300x200.jpg 300w, https:\/\/blogs.gazetaesportiva.com\/automobilismo\/files\/2025\/02\/RGHD8231-768x512.jpg 768w, https:\/\/blogs.gazetaesportiva.com\/automobilismo\/files\/2025\/02\/RGHD8231-1536x1024.jpg 1536w, https:\/\/blogs.gazetaesportiva.com\/automobilismo\/files\/2025\/02\/RGHD8231-2048x1365.jpg 2048w\" sizes=\"auto, (max-width: 640px) 100vw, 640px\" \/><figcaption id=\"caption-attachment-2122\" class=\"wp-caption-text\">Diogo Moscato na Nascar Brasil &#8211; Foto: Rodrigo Guimar\u00e3es<\/figcaption><\/figure>\n<p><strong>Confira o calend\u00e1rio completo da Copa Truck em 2025:<\/strong><br \/>\nEtapa 1 \u2013 23 de mar\u00e7o \u2013 Campo Grande (MS)<br \/>\nEtapa 2 \u2013 13 de abril \u2013 Londrina (PR)<br \/>\nEtapa 3 \u2013 18 de maio \u2013 Interlagos (SP)<br \/>\nEtapa 4 \u2013 15 de junho \u2013 Rio Grande do Sul<br \/>\nEtapa 5 \u2013 13 de julho \u2013 Cascavel (PR)<br \/>\nEtapa 6 \u2013 24 de agosto \u2013 Santa Cruz do Sul (RS)<br \/>\nEtapa 7 \u2013 21 de setembro \u2013 Curvelo (MG)<br \/>\nEtapa 8 \u2013 19 de outubro \u2013 Londrina (PR)<br \/>\nEtapa 9 \u2013 7 de dezembro \u2013 Interlagos (SP)<\/p>\n","protected":false},"excerpt":{"rendered":"<p>Piloto revela\u00e7\u00e3o da Copa Truck na temporada passada, Diogo Moscato aprovou os testes de pr\u00e9-temporada realizados com a Scuderia Chiarelli em Campo Grande (MS) na <a class=\"read-more\" href=\"https:\/\/blogs.gazetaesportiva.com\/automobilismo\/2025\/02\/25\/diogo-moscato-destaca-bom-rendimento-em-pre-temporada-na-copa-truck-em-campo-grande\/\">leia mais<\/a><\/p>\n","protected":false},"author":75,"featured_media":2120,"comment_status":"open","ping_status":"open","sticky":false,"template":"","format":"standard","meta":{"jetpack_post_was_ever_published":false,"_jetpack_newsletter_access":"","_jetpack_dont_email_post_to_subs":false,"_jetpack_newsletter_tier_id":0,"_jetpack_memberships_contains_paywalled_content":false,"_jetpack_memberships_contains_paid_content":false,"footnotes":"","jetpack_publicize_message":"","jetpack_publicize_feature_enabled":true,"jetpack_social_post_already_shared":false,"jetpack_social_options":{"image_generator_settings":{"template":"highway","default_image_id":0,"font":"","enabled":false},"version":2}},"categories":[1],"tags":[],"class_list":["post-2119","post","type-post","status-publish","format-standard","has-post-thumbnail","hentry","category-sem-categoria"],"jetpack_publicize_connections":[],"jetpack_featured_media_url":"https:\/\/blogs.gazetaesportiva.com\/automobilismo\/files\/2025\/02\/Diogo-Moscato-no-podio-da-Copa-Truck.jpg","jetpack_sharing_enabled":true,"jetpack_shortlink":"https:\/\/wp.me\/pblv91-yb","_links":{"self":[{"href":"https:\/\/blogs.gazetaesportiva.com\/automobilismo\/wp-json\/wp\/v2\/posts\/2119","targetHints":{"allow":["GET"]}}],"collection":[{"href":"https:\/\/blogs.gazetaesportiva.com\/automobilismo\/wp-json\/wp\/v2\/posts"}],"about":[{"href":"https:\/\/blogs.gazetaesportiva.com\/automobilismo\/wp-json\/wp\/v2\/types\/post"}],"author":[{"embeddable":true,"href":"https:\/\/blogs.gazetaesportiva.com\/automobilismo\/wp-json\/wp\/v2\/users\/75"}],"replies":[{"embeddable":true,"href":"https:\/\/blogs.gazetaesportiva.com\/automobilismo\/wp-json\/wp\/v2\/comments?post=2119"}],"version-history":[{"count":0,"href":"https:\/\/blogs.gazetaesportiva.com\/automobilismo\/wp-json\/wp\/v2\/posts\/2119\/revisions"}],"wp:featuredmedia":[{"embeddable":true,"href":"https:\/\/blogs.gazetaesportiva.com\/automobilismo\/wp-json\/wp\/v2\/media\/2120"}],"wp:attachment":[{"href":"https:\/\/blogs.gazetaesportiva.com\/automobilismo\/wp-json\/wp\/v2\/media?parent=2119"}],"wp:term":[{"taxonomy":"category","embeddable":true,"href":"https:\/\/blogs.gazetaesportiva.com\/automobilismo\/wp-json\/wp\/v2\/categories?post=2119"},{"taxonomy":"post_tag","embeddable":true,"href":"https:\/\/blogs.gazetaesportiva.com\/automobilismo\/wp-json\/wp\/v2\/tags?post=2119"}],"curies":[{"name":"wp","href":"https:\/\/api.w.org\/{rel}","templated":true}]}}