{"id":2117,"date":"2025-02-24T21:34:44","date_gmt":"2025-02-24T21:34:44","guid":{"rendered":"https:\/\/blogs.gazetaesportiva.com\/automobilismo\/?p=2117"},"modified":"2025-02-24T21:34:44","modified_gmt":"2025-02-24T21:34:44","slug":"marcella-assumpcao-vence-as-3-provas-da-f4-junior-na-abertura-da-copa-sao-paulo-bradesco-de-kart","status":"publish","type":"post","link":"https:\/\/blogs.gazetaesportiva.com\/automobilismo\/2025\/02\/24\/marcella-assumpcao-vence-as-3-provas-da-f4-junior-na-abertura-da-copa-sao-paulo-bradesco-de-kart\/","title":{"rendered":"Marcella Assump\u00e7\u00e3o vence as 3 provas da F4 J\u00fanior na abertura da Copa S\u00e3o Paulo Bradesco de Kart"},"content":{"rendered":"<p>Principal destaque feminino no kartismo brasileiro, Marcella Assump\u00e7\u00e3o teve uma estreia perfeita na temporada 2025 da Copa S\u00e3o Paulo Bradesco de Kart, realizada nesse final de semana no Kart\u00f3dromo Granja Viana, em Cotia (SP). Competindo na categoria F4 J\u00fanior, a pilota venceu as tr\u00eas provas da rodada inaugural do campeonato, celebrando o primeiro lugar da etapa.<\/p>\n<figure id=\"attachment_2118\" aria-describedby=\"caption-attachment-2118\" style=\"width: 640px\" class=\"wp-caption alignnone\"><img loading=\"lazy\" decoding=\"async\" src=\"https:\/\/blogs.gazetaesportiva.com\/automobilismo\/files\/2025\/02\/gr3a20251a-616-1-1024x682.jpg\" alt=\"Marcella Assump\u00e7\u00e3o\" width=\"640\" height=\"426\" class=\"size-large wp-image-2118\" srcset=\"https:\/\/blogs.gazetaesportiva.com\/automobilismo\/files\/2025\/02\/gr3a20251a-616-1-1024x682.jpg 1024w, https:\/\/blogs.gazetaesportiva.com\/automobilismo\/files\/2025\/02\/gr3a20251a-616-1-300x200.jpg 300w, https:\/\/blogs.gazetaesportiva.com\/automobilismo\/files\/2025\/02\/gr3a20251a-616-1-768x511.jpg 768w, https:\/\/blogs.gazetaesportiva.com\/automobilismo\/files\/2025\/02\/gr3a20251a-616-1-1536x1023.jpg 1536w, https:\/\/blogs.gazetaesportiva.com\/automobilismo\/files\/2025\/02\/gr3a20251a-616-1-2048x1364.jpg 2048w\" sizes=\"auto, (max-width: 640px) 100vw, 640px\" \/><figcaption id=\"caption-attachment-2118\" class=\"wp-caption-text\">Foto: divulga\u00e7\u00e3o<\/figcaption><\/figure>\n<p>A etapa foi das mais intensas e exaustivas para Marcella, j\u00e1 que a kartista estava na Europa e s\u00f3 desembarcou no Brasil na quinta-feira, terceiro dia de treinos para a etapa de abertura da temporada da Copa S\u00e3o Paulo Bradesco de Kart. Se houve pouco tempo de descanso, o esfor\u00e7o foi recompensado com a vit\u00f3ria nas tr\u00eas baterias que compuseram a etapa.<\/p>\n<p>\u201cFoi muito legal, pois eu estava na Europa, cheguei na quinta-feira de manh\u00e3 e \u00e0 tarde j\u00e1 estava treinando para poder ir bem nesta etapa. Tinha certeza de que daria tudo certo. Eu tive um bom desempenho<br \/>\ne acho que fiz minha li\u00e7\u00e3o de casa\u201d, disse Marcella, que destacou o triunfo na segunda bateria da etapa, quando foi pressionada por competidores rivais.<\/p>\n<p>\u201cS\u00e3o tr\u00eas corridas, ent\u00e3o a gente precisa ter muita cabe\u00e7a. Venci a primeira corrida, e a segunda bateria foi a mais dif\u00edcil do final de semana, pois vinha sendo pressionada. Mas eu pensava apenas em ir para frente\u201d, disse a pilota, que ainda falou sobre sua ida \u00e0 Europa, onde correu no kart\u00f3dromo de Lonato, na It\u00e1lia.<\/p>\n<p>\u201cFoi incr\u00edvel treinar na Europa. \u00c9 um sonho correr l\u00e1! Foram muitos desafios, pois a pista era muito emborrachada, o pneu era diferente, eu nunca tinha andado naquela pista e o kart n\u00e3o era meu. Mas a experi\u00eancia foi incr\u00edvel e aprendi bastante\u201d, completou Marcella, que neste ano corre tamb\u00e9m pela equipe Kart Republic na categoria OK J\u00fanior e firmou parceria com a MFT, empresa de gerenciamento de carreira de jovens pilotos.<\/p>\n<p>A segunda etapa da Copa S\u00e3o Paulo Bradesco de Kart ser\u00e1 disputada no dia 29 de mar\u00e7o, novamente no Kart\u00f3dromo Granja Viana.<\/p>\n","protected":false},"excerpt":{"rendered":"<p>Principal destaque feminino no kartismo brasileiro, Marcella Assump\u00e7\u00e3o teve uma estreia perfeita na temporada 2025 da Copa S\u00e3o Paulo Bradesco de Kart, realizada nesse final <a class=\"read-more\" href=\"https:\/\/blogs.gazetaesportiva.com\/automobilismo\/2025\/02\/24\/marcella-assumpcao-vence-as-3-provas-da-f4-junior-na-abertura-da-copa-sao-paulo-bradesco-de-kart\/\">leia mais<\/a><\/p>\n","protected":false},"author":75,"featured_media":2118,"comment_status":"open","ping_status":"open","sticky":false,"template":"","format":"standard","meta":{"jetpack_post_was_ever_published":false,"_jetpack_newsletter_access":"","_jetpack_dont_email_post_to_subs":false,"_jetpack_newsletter_tier_id":0,"_jetpack_memberships_contains_paywalled_content":false,"_jetpack_memberships_contains_paid_content":false,"footnotes":"","jetpack_publicize_message":"","jetpack_publicize_feature_enabled":true,"jetpack_social_post_already_shared":false,"jetpack_social_options":{"image_generator_settings":{"template":"highway","default_image_id":0,"font":"","enabled":false},"version":2}},"categories":[1],"tags":[],"class_list":["post-2117","post","type-post","status-publish","format-standard","has-post-thumbnail","hentry","category-sem-categoria"],"jetpack_publicize_connections":[],"jetpack_featured_media_url":"https:\/\/blogs.gazetaesportiva.com\/automobilismo\/files\/2025\/02\/gr3a20251a-616-1-scaled.jpg","jetpack_sharing_enabled":true,"jetpack_shortlink":"https:\/\/wp.me\/pblv91-y9","_links":{"self":[{"href":"https:\/\/blogs.gazetaesportiva.com\/automobilismo\/wp-json\/wp\/v2\/posts\/2117","targetHints":{"allow":["GET"]}}],"collection":[{"href":"https:\/\/blogs.gazetaesportiva.com\/automobilismo\/wp-json\/wp\/v2\/posts"}],"about":[{"href":"https:\/\/blogs.gazetaesportiva.com\/automobilismo\/wp-json\/wp\/v2\/types\/post"}],"author":[{"embeddable":true,"href":"https:\/\/blogs.gazetaesportiva.com\/automobilismo\/wp-json\/wp\/v2\/users\/75"}],"replies":[{"embeddable":true,"href":"https:\/\/blogs.gazetaesportiva.com\/automobilismo\/wp-json\/wp\/v2\/comments?post=2117"}],"version-history":[{"count":0,"href":"https:\/\/blogs.gazetaesportiva.com\/automobilismo\/wp-json\/wp\/v2\/posts\/2117\/revisions"}],"wp:featuredmedia":[{"embeddable":true,"href":"https:\/\/blogs.gazetaesportiva.com\/automobilismo\/wp-json\/wp\/v2\/media\/2118"}],"wp:attachment":[{"href":"https:\/\/blogs.gazetaesportiva.com\/automobilismo\/wp-json\/wp\/v2\/media?parent=2117"}],"wp:term":[{"taxonomy":"category","embeddable":true,"href":"https:\/\/blogs.gazetaesportiva.com\/automobilismo\/wp-json\/wp\/v2\/categories?post=2117"},{"taxonomy":"post_tag","embeddable":true,"href":"https:\/\/blogs.gazetaesportiva.com\/automobilismo\/wp-json\/wp\/v2\/tags?post=2117"}],"curies":[{"name":"wp","href":"https:\/\/api.w.org\/{rel}","templated":true}]}}