{"id":2115,"date":"2025-02-24T21:32:54","date_gmt":"2025-02-24T21:32:54","guid":{"rendered":"https:\/\/blogs.gazetaesportiva.com\/automobilismo\/?p=2115"},"modified":"2025-02-24T21:32:54","modified_gmt":"2025-02-24T21:32:54","slug":"miguel-costa-briga-pela-vitoria-em-sua-segunda-etapa-de-f4-em-portimao","status":"publish","type":"post","link":"https:\/\/blogs.gazetaesportiva.com\/automobilismo\/2025\/02\/24\/miguel-costa-briga-pela-vitoria-em-sua-segunda-etapa-de-f4-em-portimao\/","title":{"rendered":"Miguel Costa briga pela vit\u00f3ria em sua segunda etapa de F4 em Portim\u00e3o"},"content":{"rendered":"<p>Em seus primeiros passos na carreira nos monopostos, Miguel Costa disputou nesse final de semana a segunda etapa do Winter Series da F4 Espanhola, realizada em Portim\u00e3o, em Portugal. O piloto da Campos Racing enfrentou uma etapa desafiadora, e teve bons momentos, especialmente na segunda corrida no seletivo tra\u00e7ado portugu\u00eas.<\/p>\n<figure id=\"attachment_2116\" aria-describedby=\"caption-attachment-2116\" style=\"width: 640px\" class=\"wp-caption alignnone\"><img loading=\"lazy\" decoding=\"async\" src=\"https:\/\/blogs.gazetaesportiva.com\/automobilismo\/files\/2025\/02\/WhatsApp-Image-2025-02-24-at-14.11.44-1024x683.jpeg\" alt=\"Miguel Costa\" width=\"640\" height=\"427\" class=\"size-large wp-image-2116\" srcset=\"https:\/\/blogs.gazetaesportiva.com\/automobilismo\/files\/2025\/02\/WhatsApp-Image-2025-02-24-at-14.11.44-1024x683.jpeg 1024w, https:\/\/blogs.gazetaesportiva.com\/automobilismo\/files\/2025\/02\/WhatsApp-Image-2025-02-24-at-14.11.44-300x200.jpeg 300w, https:\/\/blogs.gazetaesportiva.com\/automobilismo\/files\/2025\/02\/WhatsApp-Image-2025-02-24-at-14.11.44-768x512.jpeg 768w, https:\/\/blogs.gazetaesportiva.com\/automobilismo\/files\/2025\/02\/WhatsApp-Image-2025-02-24-at-14.11.44-1536x1024.jpeg 1536w, https:\/\/blogs.gazetaesportiva.com\/automobilismo\/files\/2025\/02\/WhatsApp-Image-2025-02-24-at-14.11.44-2048x1366.jpeg 2048w\" sizes=\"auto, (max-width: 640px) 100vw, 640px\" \/><figcaption id=\"caption-attachment-2116\" class=\"wp-caption-text\">Foto: Eduardo Carta\u00f1a<\/figcaption><\/figure>\n<p>O piloto mostrou bom potencial ao longo de todo o final de semana, inclusive brigando pela vit\u00f3ria at\u00e9 as voltas finais da etapa 2.<\/p>\n<p>Miguel tamb\u00e9m foi destaque na classifica\u00e7\u00e3o, quando esteve pr\u00f3ximo de largar entre os cinco melhores. Nas corridas, alguns incidentes impediram Miguel de conquistar resultados positivos. Ainda assim, o brasileiro da equipe Campos Racing mostrou boa velocidade nas tr\u00eas disputas do final de semana em Portim\u00e3o.<\/p>\n<p>\u201cFoi um final de semana em que come\u00e7amos com um bom potencial. A classifica\u00e7\u00e3o foi com pista \u00famida e t\u00ednhamos condi\u00e7\u00f5es de terminar entre os cinco melhores. Fui o s\u00e9timo entre os rookies na primeira corrida na pista, mas sofri uma puni\u00e7\u00e3o por limites de pista. Na segunda prova, larguei da pole position e liderei a maior pare da disputa, mas ap\u00f3s uma relargada, sofri um toque\u201d, disse Miguel Costa.<\/p>\n<p>\u201cNa \u00faltima corrida do final de semana, larguei da 11\u00aa posi\u00e7\u00e3o e tive uma boa largada, mas um toque danificou a asa dianteira do meu carro. Segui na disputa, mas sofri um outro acidente que limitou qualquer chance de bom resultado. Mas encaro como parte do aprendizado. Foram apenas duas etapas no ano e vamos seguir trabalhando\u201d, completou Miguel.<\/p>\n<p>A \u00faltima etapa da Winter Series da F4 Espanhola ser\u00e1 disputada entre os dias 7 e 9 de mar\u00e7o, no circuito de Navarra, na Espanha.<\/p>\n","protected":false},"excerpt":{"rendered":"<p>Em seus primeiros passos na carreira nos monopostos, Miguel Costa disputou nesse final de semana a segunda etapa do Winter Series da F4 Espanhola, realizada <a class=\"read-more\" href=\"https:\/\/blogs.gazetaesportiva.com\/automobilismo\/2025\/02\/24\/miguel-costa-briga-pela-vitoria-em-sua-segunda-etapa-de-f4-em-portimao\/\">leia mais<\/a><\/p>\n","protected":false},"author":75,"featured_media":2116,"comment_status":"open","ping_status":"open","sticky":false,"template":"","format":"standard","meta":{"jetpack_post_was_ever_published":false,"_jetpack_newsletter_access":"","_jetpack_dont_email_post_to_subs":false,"_jetpack_newsletter_tier_id":0,"_jetpack_memberships_contains_paywalled_content":false,"_jetpack_memberships_contains_paid_content":false,"footnotes":"","jetpack_publicize_message":"","jetpack_publicize_feature_enabled":true,"jetpack_social_post_already_shared":false,"jetpack_social_options":{"image_generator_settings":{"template":"highway","default_image_id":0,"font":"","enabled":false},"version":2}},"categories":[1],"tags":[],"class_list":["post-2115","post","type-post","status-publish","format-standard","has-post-thumbnail","hentry","category-sem-categoria"],"jetpack_publicize_connections":[],"jetpack_featured_media_url":"https:\/\/blogs.gazetaesportiva.com\/automobilismo\/files\/2025\/02\/WhatsApp-Image-2025-02-24-at-14.11.44-scaled.jpeg","jetpack_sharing_enabled":true,"jetpack_shortlink":"https:\/\/wp.me\/pblv91-y7","_links":{"self":[{"href":"https:\/\/blogs.gazetaesportiva.com\/automobilismo\/wp-json\/wp\/v2\/posts\/2115","targetHints":{"allow":["GET"]}}],"collection":[{"href":"https:\/\/blogs.gazetaesportiva.com\/automobilismo\/wp-json\/wp\/v2\/posts"}],"about":[{"href":"https:\/\/blogs.gazetaesportiva.com\/automobilismo\/wp-json\/wp\/v2\/types\/post"}],"author":[{"embeddable":true,"href":"https:\/\/blogs.gazetaesportiva.com\/automobilismo\/wp-json\/wp\/v2\/users\/75"}],"replies":[{"embeddable":true,"href":"https:\/\/blogs.gazetaesportiva.com\/automobilismo\/wp-json\/wp\/v2\/comments?post=2115"}],"version-history":[{"count":0,"href":"https:\/\/blogs.gazetaesportiva.com\/automobilismo\/wp-json\/wp\/v2\/posts\/2115\/revisions"}],"wp:featuredmedia":[{"embeddable":true,"href":"https:\/\/blogs.gazetaesportiva.com\/automobilismo\/wp-json\/wp\/v2\/media\/2116"}],"wp:attachment":[{"href":"https:\/\/blogs.gazetaesportiva.com\/automobilismo\/wp-json\/wp\/v2\/media?parent=2115"}],"wp:term":[{"taxonomy":"category","embeddable":true,"href":"https:\/\/blogs.gazetaesportiva.com\/automobilismo\/wp-json\/wp\/v2\/categories?post=2115"},{"taxonomy":"post_tag","embeddable":true,"href":"https:\/\/blogs.gazetaesportiva.com\/automobilismo\/wp-json\/wp\/v2\/tags?post=2115"}],"curies":[{"name":"wp","href":"https:\/\/api.w.org\/{rel}","templated":true}]}}