{"id":2113,"date":"2025-02-24T20:28:55","date_gmt":"2025-02-24T20:28:55","guid":{"rendered":"https:\/\/blogs.gazetaesportiva.com\/automobilismo\/?p=2113"},"modified":"2025-02-24T20:28:55","modified_gmt":"2025-02-24T20:28:55","slug":"copa-sao-paulo-bradesco-tem-disputas-acirradas-na-abertura-da-temporada-2025","status":"publish","type":"post","link":"https:\/\/blogs.gazetaesportiva.com\/automobilismo\/2025\/02\/24\/copa-sao-paulo-bradesco-tem-disputas-acirradas-na-abertura-da-temporada-2025\/","title":{"rendered":"Copa S\u00e3o Paulo Bradesco tem disputas acirradas na abertura da temporada 2025"},"content":{"rendered":"<p>A Copa S\u00e3o Paulo Bradesco de Kart teve neste s\u00e1bado (22) a disputa de sua primeira etapa da temporada 2025, realizada no Kart\u00f3dromo Granja Viana, em Cotia (SP). Pilotos das categorias Shifter, F\u00f3rmula 4, F\u00f3rmula 4 J\u00fanior, Mirim, Cadete e Pro 500 se enfrentaram ao longo do dia e protagonizaram disputas emocionantes pelas vit\u00f3rias em suas categorias.<\/p>\n<figure id=\"attachment_2114\" aria-describedby=\"caption-attachment-2114\" style=\"width: 640px\" class=\"wp-caption alignnone\"><img loading=\"lazy\" decoding=\"async\" src=\"https:\/\/blogs.gazetaesportiva.com\/automobilismo\/files\/2025\/02\/DSC_6459-1024x685.jpg\" alt=\"Copa S\u00e3o Paulo\" width=\"640\" height=\"428\" class=\"size-large wp-image-2114\" srcset=\"https:\/\/blogs.gazetaesportiva.com\/automobilismo\/files\/2025\/02\/DSC_6459-1024x685.jpg 1024w, https:\/\/blogs.gazetaesportiva.com\/automobilismo\/files\/2025\/02\/DSC_6459-300x201.jpg 300w, https:\/\/blogs.gazetaesportiva.com\/automobilismo\/files\/2025\/02\/DSC_6459-768x514.jpg 768w, https:\/\/blogs.gazetaesportiva.com\/automobilismo\/files\/2025\/02\/DSC_6459-1536x1027.jpg 1536w, https:\/\/blogs.gazetaesportiva.com\/automobilismo\/files\/2025\/02\/DSC_6459-2048x1369.jpg 2048w\" sizes=\"auto, (max-width: 640px) 100vw, 640px\" \/><figcaption id=\"caption-attachment-2114\" class=\"wp-caption-text\">Foto: Pedro Bragan\u00e7a<\/figcaption><\/figure>\n<p>Pela Cadete, a vit\u00f3ria ficou com Pedro Zanguetin, que viu Leonardo Almeida terminar com a segunda posi\u00e7\u00e3o, sendo seguido por Lucas Giuseppe. Na Mirim, Rafael Canuto foi o vencedor do final de semana, com Benfo Faria ficando com a segunda posi\u00e7\u00e3o. O grupo dos tr\u00eas melhores foi completado por Alexandre Gomes.<\/p>\n<p>Na F4 J\u00fanior, Marcella Assump\u00e7\u00e3o garantiu a vit\u00f3ria feminina da etapa inaugural da temporada 2025. A categoria ainda teve Jo\u00e3o Pedro ficando com o segundo lugar, e Danilo Garcia em terceiro. J\u00e1 pela F\u00f3rmula 4, M\u00e1rcio Gazquez foi o ganhador da primeira etapa do campeonato, com Gustav Kirst em segundo e Gabriel Tesser completando o p\u00f3dio.<\/p>\n<p>Entre os competidores da F\u00f3rmula 4 S\u00eanior, quem saiu com a vit\u00f3ria ao final das baterias foi Rodrigo Fran\u00e7a. Cesar Gragniano, por sua vez, levou a vit\u00f3ria entre os competidores da F\u00f3rmula 4 S\u00eanior +60. J\u00e1 pela F\u00f3rmula 4 Light, Danilo Garcia foi o vencedor da etapa que abriu a temporada 2025.<\/p>\n<p>Na Pro 500, categoria que fechou a programa\u00e7\u00e3o da etapa, a vit\u00f3ria da etapa ficou com Eraldo Silva, com Peterson Nakamura ficando na segunda posi\u00e7\u00e3o, seguido por Otto Rezende. Na Pro 500 Light, a vit\u00f3ria ficou com o kart n\u00famero 420 da Pastore Racing Club, enquanto Peterson Nakamura levou a melhor na Pro 500 S\u00eanior. J\u00e1 Otto Rezende triunfou na Pro 500 S\u00eanior +60.<\/p>\n<p>A pr\u00f3xima etapa da Copa S\u00e3o Paulo Bradesco de Kart est\u00e1 marcada para o dia 29 de mar\u00e7o, novamente no Kart\u00f3dromo Granja Viana.<\/p>\n","protected":false},"excerpt":{"rendered":"<p>A Copa S\u00e3o Paulo Bradesco de Kart teve neste s\u00e1bado (22) a disputa de sua primeira etapa da temporada 2025, realizada no Kart\u00f3dromo Granja Viana, <a class=\"read-more\" href=\"https:\/\/blogs.gazetaesportiva.com\/automobilismo\/2025\/02\/24\/copa-sao-paulo-bradesco-tem-disputas-acirradas-na-abertura-da-temporada-2025\/\">leia mais<\/a><\/p>\n","protected":false},"author":75,"featured_media":2114,"comment_status":"open","ping_status":"open","sticky":false,"template":"","format":"standard","meta":{"jetpack_post_was_ever_published":false,"_jetpack_newsletter_access":"","_jetpack_dont_email_post_to_subs":false,"_jetpack_newsletter_tier_id":0,"_jetpack_memberships_contains_paywalled_content":false,"_jetpack_memberships_contains_paid_content":false,"footnotes":"","jetpack_publicize_message":"","jetpack_publicize_feature_enabled":true,"jetpack_social_post_already_shared":false,"jetpack_social_options":{"image_generator_settings":{"template":"highway","default_image_id":0,"font":"","enabled":false},"version":2}},"categories":[1],"tags":[],"class_list":["post-2113","post","type-post","status-publish","format-standard","has-post-thumbnail","hentry","category-sem-categoria"],"jetpack_publicize_connections":[],"jetpack_featured_media_url":"https:\/\/blogs.gazetaesportiva.com\/automobilismo\/files\/2025\/02\/DSC_6459.jpg","jetpack_sharing_enabled":true,"jetpack_shortlink":"https:\/\/wp.me\/pblv91-y5","_links":{"self":[{"href":"https:\/\/blogs.gazetaesportiva.com\/automobilismo\/wp-json\/wp\/v2\/posts\/2113","targetHints":{"allow":["GET"]}}],"collection":[{"href":"https:\/\/blogs.gazetaesportiva.com\/automobilismo\/wp-json\/wp\/v2\/posts"}],"about":[{"href":"https:\/\/blogs.gazetaesportiva.com\/automobilismo\/wp-json\/wp\/v2\/types\/post"}],"author":[{"embeddable":true,"href":"https:\/\/blogs.gazetaesportiva.com\/automobilismo\/wp-json\/wp\/v2\/users\/75"}],"replies":[{"embeddable":true,"href":"https:\/\/blogs.gazetaesportiva.com\/automobilismo\/wp-json\/wp\/v2\/comments?post=2113"}],"version-history":[{"count":0,"href":"https:\/\/blogs.gazetaesportiva.com\/automobilismo\/wp-json\/wp\/v2\/posts\/2113\/revisions"}],"wp:featuredmedia":[{"embeddable":true,"href":"https:\/\/blogs.gazetaesportiva.com\/automobilismo\/wp-json\/wp\/v2\/media\/2114"}],"wp:attachment":[{"href":"https:\/\/blogs.gazetaesportiva.com\/automobilismo\/wp-json\/wp\/v2\/media?parent=2113"}],"wp:term":[{"taxonomy":"category","embeddable":true,"href":"https:\/\/blogs.gazetaesportiva.com\/automobilismo\/wp-json\/wp\/v2\/categories?post=2113"},{"taxonomy":"post_tag","embeddable":true,"href":"https:\/\/blogs.gazetaesportiva.com\/automobilismo\/wp-json\/wp\/v2\/tags?post=2113"}],"curies":[{"name":"wp","href":"https:\/\/api.w.org\/{rel}","templated":true}]}}