{"id":2111,"date":"2025-02-24T20:25:36","date_gmt":"2025-02-24T20:25:36","guid":{"rendered":"https:\/\/blogs.gazetaesportiva.com\/automobilismo\/?p=2111"},"modified":"2025-02-24T20:25:36","modified_gmt":"2025-02-24T20:25:36","slug":"categorias-rotax-abrem-temporada-da-copa-sao-paulo-bradesco-de-kart-com-otimos-grids","status":"publish","type":"post","link":"https:\/\/blogs.gazetaesportiva.com\/automobilismo\/2025\/02\/24\/categorias-rotax-abrem-temporada-da-copa-sao-paulo-bradesco-de-kart-com-otimos-grids\/","title":{"rendered":"Categorias Rotax abrem temporada da Copa S\u00e3o Paulo Bradesco de Kart com \u00f3timos grids"},"content":{"rendered":"<p>As categorias Rotax tiveram boas disputas na abertura da temporada 2025 da Copa S\u00e3o Paulo Bradesco de Kart, realizada no \u00faltimo s\u00e1bado (22) no Kart\u00f3dromo Granja Viana, em Cotia (SP). Os pilotos das categorias Rotax Micro Max, Rotax Mini Max, Rotax Max, Rotax Max Masters, Rotax J\u00fanior Max, Rotax DD2 e Rotax DD2 Masters foram para a pista na parte da manh\u00e3 e travaram duelos interessantes pelas vit\u00f3rias.<\/p>\n<figure id=\"attachment_2112\" aria-describedby=\"caption-attachment-2112\" style=\"width: 640px\" class=\"wp-caption alignnone\"><img loading=\"lazy\" decoding=\"async\" src=\"https:\/\/blogs.gazetaesportiva.com\/automobilismo\/files\/2025\/02\/DSC_6806-1-1024x685.jpg\" alt=\"Copa S\u00e3o Paulo\" width=\"640\" height=\"428\" class=\"size-large wp-image-2112\" srcset=\"https:\/\/blogs.gazetaesportiva.com\/automobilismo\/files\/2025\/02\/DSC_6806-1-1024x685.jpg 1024w, https:\/\/blogs.gazetaesportiva.com\/automobilismo\/files\/2025\/02\/DSC_6806-1-300x201.jpg 300w, https:\/\/blogs.gazetaesportiva.com\/automobilismo\/files\/2025\/02\/DSC_6806-1-768x514.jpg 768w, https:\/\/blogs.gazetaesportiva.com\/automobilismo\/files\/2025\/02\/DSC_6806-1-1536x1027.jpg 1536w, https:\/\/blogs.gazetaesportiva.com\/automobilismo\/files\/2025\/02\/DSC_6806-1-2048x1369.jpg 2048w\" sizes=\"auto, (max-width: 640px) 100vw, 640px\" \/><figcaption id=\"caption-attachment-2112\" class=\"wp-caption-text\">Foto: Pedro Bragan\u00e7a<\/figcaption><\/figure>\n<p>Entre os competidores da Rotax Micro Max, a vit\u00f3ria ficou com Andr\u00e9 Ben\u00edcius, que saiu com o primeiro lugar nas tr\u00eas baterias. Na Rotax Mini Max, Pietro Beliz\u00e1rio foi o melhor nas tr\u00eas baterias e ficou com a vit\u00f3ria, sendo seguido por Rafael Guimar\u00e3es e Mat\u00edas Dominguez, que completaram a lista dos tr\u00eas melhores.<\/p>\n<p>Na Rotax Max, Allan Croce foi o vencedor, com Rafael Croce ficando com a segunda posi\u00e7\u00e3o, seguido por Olin Galli, terceiro melhor da categoria. Pela Rotax Max Masters, Gabriel Rosa saiu com a vit\u00f3ria ao final das baterias, com Jo\u00e3o Gon\u00e7alves ficando com a segunda posi\u00e7\u00e3o, e Adriano Amaral foi o terceiro. J\u00e1 Rodrigo Giacomini foi o ganhador na Rotax Max Super S\u00eanior, com Munir Aboissa e M\u00e1rcio Gazquez completaram o top-3.<\/p>\n<p>Entre os competidores da Rotax J\u00fanior Max, Francisco Rocha ficou com a vit\u00f3ria, enquanto Edward Kirst e Miguel Andrade completaram o grupo dos tr\u00eas primeiros colocados. Leonardo Reis venceu na Rotax DD2, sendo seguido por Rafael Reis. Tito Giaffone completou o grupo dos tr\u00eas melhores. J\u00e1 na Rotax DD2 Masters, Jo\u00e3o Cunha ficou com a vit\u00f3ria, seguido por Lucas Souza e Fernando Guzzi.<\/p>\n<p>A pr\u00f3xima etapa da Copa S\u00e3o Paulo Bradesco de Kart est\u00e1 marcada para o dia 29 de mar\u00e7o, novamente no Kart\u00f3dromo Granja Viana.<\/p>\n","protected":false},"excerpt":{"rendered":"<p>As categorias Rotax tiveram boas disputas na abertura da temporada 2025 da Copa S\u00e3o Paulo Bradesco de Kart, realizada no \u00faltimo s\u00e1bado (22) no Kart\u00f3dromo <a class=\"read-more\" href=\"https:\/\/blogs.gazetaesportiva.com\/automobilismo\/2025\/02\/24\/categorias-rotax-abrem-temporada-da-copa-sao-paulo-bradesco-de-kart-com-otimos-grids\/\">leia mais<\/a><\/p>\n","protected":false},"author":75,"featured_media":2110,"comment_status":"open","ping_status":"open","sticky":false,"template":"","format":"standard","meta":{"jetpack_post_was_ever_published":false,"_jetpack_newsletter_access":"","_jetpack_dont_email_post_to_subs":false,"_jetpack_newsletter_tier_id":0,"_jetpack_memberships_contains_paywalled_content":false,"_jetpack_memberships_contains_paid_content":false,"footnotes":"","jetpack_publicize_message":"","jetpack_publicize_feature_enabled":true,"jetpack_social_post_already_shared":false,"jetpack_social_options":{"image_generator_settings":{"template":"highway","default_image_id":0,"font":"","enabled":false},"version":2}},"categories":[1],"tags":[],"class_list":["post-2111","post","type-post","status-publish","format-standard","has-post-thumbnail","hentry","category-sem-categoria"],"jetpack_publicize_connections":[],"jetpack_featured_media_url":"https:\/\/blogs.gazetaesportiva.com\/automobilismo\/files\/2025\/02\/DSC_6806.jpg","jetpack_sharing_enabled":true,"jetpack_shortlink":"https:\/\/wp.me\/pblv91-y3","_links":{"self":[{"href":"https:\/\/blogs.gazetaesportiva.com\/automobilismo\/wp-json\/wp\/v2\/posts\/2111","targetHints":{"allow":["GET"]}}],"collection":[{"href":"https:\/\/blogs.gazetaesportiva.com\/automobilismo\/wp-json\/wp\/v2\/posts"}],"about":[{"href":"https:\/\/blogs.gazetaesportiva.com\/automobilismo\/wp-json\/wp\/v2\/types\/post"}],"author":[{"embeddable":true,"href":"https:\/\/blogs.gazetaesportiva.com\/automobilismo\/wp-json\/wp\/v2\/users\/75"}],"replies":[{"embeddable":true,"href":"https:\/\/blogs.gazetaesportiva.com\/automobilismo\/wp-json\/wp\/v2\/comments?post=2111"}],"version-history":[{"count":0,"href":"https:\/\/blogs.gazetaesportiva.com\/automobilismo\/wp-json\/wp\/v2\/posts\/2111\/revisions"}],"wp:featuredmedia":[{"embeddable":true,"href":"https:\/\/blogs.gazetaesportiva.com\/automobilismo\/wp-json\/wp\/v2\/media\/2110"}],"wp:attachment":[{"href":"https:\/\/blogs.gazetaesportiva.com\/automobilismo\/wp-json\/wp\/v2\/media?parent=2111"}],"wp:term":[{"taxonomy":"category","embeddable":true,"href":"https:\/\/blogs.gazetaesportiva.com\/automobilismo\/wp-json\/wp\/v2\/categories?post=2111"},{"taxonomy":"post_tag","embeddable":true,"href":"https:\/\/blogs.gazetaesportiva.com\/automobilismo\/wp-json\/wp\/v2\/tags?post=2111"}],"curies":[{"name":"wp","href":"https:\/\/api.w.org\/{rel}","templated":true}]}}