{"id":2108,"date":"2025-02-24T13:54:22","date_gmt":"2025-02-24T13:54:22","guid":{"rendered":"https:\/\/blogs.gazetaesportiva.com\/automobilismo\/?p=2108"},"modified":"2025-02-24T13:54:22","modified_gmt":"2025-02-24T13:54:22","slug":"tv-gazeta-exibe-reportagem-sobre-a-copa-sao-paulo-bradesco-de-kart-no-momento-velocidade","status":"publish","type":"post","link":"https:\/\/blogs.gazetaesportiva.com\/automobilismo\/2025\/02\/24\/tv-gazeta-exibe-reportagem-sobre-a-copa-sao-paulo-bradesco-de-kart-no-momento-velocidade\/","title":{"rendered":"TV Gazeta exibe reportagem sobre a Copa S\u00e3o Paulo Bradesco de Kart no Momento Velocidade"},"content":{"rendered":"<p>A abertura da Copa S\u00e3o Paulo Bradesco de Kart 2025 foi realizada neste s\u00e1bado no Kart\u00f3dromo Granja Viana, em Cotia (SP). Maior campeonato regional de kart do Brasil e com mais de 20 anos de hist\u00f3ria, a Copa SP ter\u00e1 nove etapas ao longo do ano no KGV e promete grandes disputas na pista.<\/p>\n<figure id=\"attachment_2110\" aria-describedby=\"caption-attachment-2110\" style=\"width: 640px\" class=\"wp-caption alignnone\"><img loading=\"lazy\" decoding=\"async\" src=\"https:\/\/blogs.gazetaesportiva.com\/automobilismo\/files\/2025\/02\/DSC_6806-1024x685.jpg\" alt=\"Copa S\u00e3o Paulo Bradesco de Kart\" width=\"640\" height=\"428\" class=\"size-large wp-image-2110\" srcset=\"https:\/\/blogs.gazetaesportiva.com\/automobilismo\/files\/2025\/02\/DSC_6806-1024x685.jpg 1024w, https:\/\/blogs.gazetaesportiva.com\/automobilismo\/files\/2025\/02\/DSC_6806-300x201.jpg 300w, https:\/\/blogs.gazetaesportiva.com\/automobilismo\/files\/2025\/02\/DSC_6806-768x514.jpg 768w, https:\/\/blogs.gazetaesportiva.com\/automobilismo\/files\/2025\/02\/DSC_6806-1536x1027.jpg 1536w, https:\/\/blogs.gazetaesportiva.com\/automobilismo\/files\/2025\/02\/DSC_6806-2048x1369.jpg 2048w\" sizes=\"auto, (max-width: 640px) 100vw, 640px\" \/><figcaption id=\"caption-attachment-2110\" class=\"wp-caption-text\">Foto: Pedro Bragan\u00e7a<\/figcaption><\/figure>\n<p>Al\u00e9m de consagrar os campe\u00f5es, a competi\u00e7\u00e3o decidir\u00e1 as vagas dos pilotos brasileiros para o Mundial de Rotax, campeonato que ser\u00e1 disputado entre 29 de novembro e 6 de dezembro em Sakhir, no Bahrein. Os pilotos que conquistarem a vaga ter\u00e3o direito ao pacote com kart, motor, uniforme, macac\u00e3o e inscri\u00e7\u00e3o inclu\u00eddos. As vagas ser\u00e3o definidas ap\u00f3s a realiza\u00e7\u00e3o da oitava etapa da Copa SP.<\/p>\n<p>Para este s\u00e1bado de abertura do campeonato, a Copa S\u00e3o Paulo Bradesco de Kart teve 13 categorias, recebendo todos os tipos de karts, como explicou Binho Carcasci no Momento Velocidade deste domingo na TV Gazeta:<\/p>\n<p><iframe loading=\"lazy\" title=\"Copa S\u00e3o Paulo de kart  | Momento Velocidade | Gazeta Motors\" width=\"640\" height=\"360\" src=\"https:\/\/www.youtube.com\/embed\/QUrGdt1pAmc?feature=oembed\" frameborder=\"0\" allow=\"accelerometer; autoplay; clipboard-write; encrypted-media; gyroscope; picture-in-picture; web-share\" referrerpolicy=\"strict-origin-when-cross-origin\" allowfullscreen><\/iframe><\/p>\n","protected":false},"excerpt":{"rendered":"<p>A abertura da Copa S\u00e3o Paulo Bradesco de Kart 2025 foi realizada neste s\u00e1bado no Kart\u00f3dromo Granja Viana, em Cotia (SP). Maior campeonato regional de <a class=\"read-more\" href=\"https:\/\/blogs.gazetaesportiva.com\/automobilismo\/2025\/02\/24\/tv-gazeta-exibe-reportagem-sobre-a-copa-sao-paulo-bradesco-de-kart-no-momento-velocidade\/\">leia mais<\/a><\/p>\n","protected":false},"author":75,"featured_media":2110,"comment_status":"open","ping_status":"open","sticky":false,"template":"","format":"standard","meta":{"jetpack_post_was_ever_published":false,"_jetpack_newsletter_access":"","_jetpack_dont_email_post_to_subs":false,"_jetpack_newsletter_tier_id":0,"_jetpack_memberships_contains_paywalled_content":false,"_jetpack_memberships_contains_paid_content":false,"footnotes":"","jetpack_publicize_message":"","jetpack_publicize_feature_enabled":true,"jetpack_social_post_already_shared":false,"jetpack_social_options":{"image_generator_settings":{"template":"highway","default_image_id":0,"font":"","enabled":false},"version":2}},"categories":[1],"tags":[],"class_list":["post-2108","post","type-post","status-publish","format-standard","has-post-thumbnail","hentry","category-sem-categoria"],"jetpack_publicize_connections":[],"jetpack_featured_media_url":"https:\/\/blogs.gazetaesportiva.com\/automobilismo\/files\/2025\/02\/DSC_6806.jpg","jetpack_sharing_enabled":true,"jetpack_shortlink":"https:\/\/wp.me\/pblv91-y0","_links":{"self":[{"href":"https:\/\/blogs.gazetaesportiva.com\/automobilismo\/wp-json\/wp\/v2\/posts\/2108","targetHints":{"allow":["GET"]}}],"collection":[{"href":"https:\/\/blogs.gazetaesportiva.com\/automobilismo\/wp-json\/wp\/v2\/posts"}],"about":[{"href":"https:\/\/blogs.gazetaesportiva.com\/automobilismo\/wp-json\/wp\/v2\/types\/post"}],"author":[{"embeddable":true,"href":"https:\/\/blogs.gazetaesportiva.com\/automobilismo\/wp-json\/wp\/v2\/users\/75"}],"replies":[{"embeddable":true,"href":"https:\/\/blogs.gazetaesportiva.com\/automobilismo\/wp-json\/wp\/v2\/comments?post=2108"}],"version-history":[{"count":0,"href":"https:\/\/blogs.gazetaesportiva.com\/automobilismo\/wp-json\/wp\/v2\/posts\/2108\/revisions"}],"wp:featuredmedia":[{"embeddable":true,"href":"https:\/\/blogs.gazetaesportiva.com\/automobilismo\/wp-json\/wp\/v2\/media\/2110"}],"wp:attachment":[{"href":"https:\/\/blogs.gazetaesportiva.com\/automobilismo\/wp-json\/wp\/v2\/media?parent=2108"}],"wp:term":[{"taxonomy":"category","embeddable":true,"href":"https:\/\/blogs.gazetaesportiva.com\/automobilismo\/wp-json\/wp\/v2\/categories?post=2108"},{"taxonomy":"post_tag","embeddable":true,"href":"https:\/\/blogs.gazetaesportiva.com\/automobilismo\/wp-json\/wp\/v2\/tags?post=2108"}],"curies":[{"name":"wp","href":"https:\/\/api.w.org\/{rel}","templated":true}]}}