{"id":1968,"date":"2024-12-13T14:38:34","date_gmt":"2024-12-13T14:38:34","guid":{"rendered":"https:\/\/blogs.gazetaesportiva.com\/automobilismo\/?p=1968"},"modified":"2024-12-13T14:38:34","modified_gmt":"2024-12-13T14:38:34","slug":"arcelormittal-renova-patrocinio-a-gabriel-casagrande-para-mais-uma-temporada-da-stock-car-pro-series","status":"publish","type":"post","link":"https:\/\/blogs.gazetaesportiva.com\/automobilismo\/2024\/12\/13\/arcelormittal-renova-patrocinio-a-gabriel-casagrande-para-mais-uma-temporada-da-stock-car-pro-series\/","title":{"rendered":"ArcelorMittal renova patroc\u00ednio a Gabriel Casagrande para mais uma temporada da Stock Car Pro Series"},"content":{"rendered":"<p>A ArcelorMittal anunciou a renova\u00e7\u00e3o do patroc\u00ednio ao piloto Gabriel Casagrande para a pr\u00f3xima temporada da Stock Car Pro Series. A parceria vai para o terceiro ano consecutivo e refor\u00e7a o compromisso da maior produtora de a\u00e7o no Brasil e l\u00edder mundial com o desenvolvimento do automobilismo nacional.<\/p>\n<figure id=\"attachment_1969\" aria-describedby=\"caption-attachment-1969\" style=\"width: 640px\" class=\"wp-caption alignnone\"><img loading=\"lazy\" decoding=\"async\" src=\"https:\/\/blogs.gazetaesportiva.com\/automobilismo\/files\/2024\/12\/HC__848889-1024x684.jpg\" alt=\"Gabriel Casagrande\" width=\"640\" height=\"428\" class=\"size-large wp-image-1969\" srcset=\"https:\/\/blogs.gazetaesportiva.com\/automobilismo\/files\/2024\/12\/HC__848889-1024x684.jpg 1024w, https:\/\/blogs.gazetaesportiva.com\/automobilismo\/files\/2024\/12\/HC__848889-300x200.jpg 300w, https:\/\/blogs.gazetaesportiva.com\/automobilismo\/files\/2024\/12\/HC__848889-768x513.jpg 768w, https:\/\/blogs.gazetaesportiva.com\/automobilismo\/files\/2024\/12\/HC__848889-1536x1025.jpg 1536w, https:\/\/blogs.gazetaesportiva.com\/automobilismo\/files\/2024\/12\/HC__848889-2048x1367.jpg 2048w\" sizes=\"auto, (max-width: 640px) 100vw, 640px\" \/><figcaption id=\"caption-attachment-1969\" class=\"wp-caption-text\">Foto: divulga\u00e7\u00e3o<\/figcaption><\/figure>\n<p>Casagrande \u00e9 bicampe\u00e3o da categoria e est\u00e1 na disputa do t\u00edtulo deste ano, ocupando a lideran\u00e7a a uma corrida do final da temporada. Nos \u00faltimos anos, o piloto paranaense se consolidou como um dos principais nomes da Stock Car, acumulando 12 vit\u00f3rias desde sua estreia em 2013 e colecionando momentos marcantes, como os t\u00edtulos de 2021 e 2023.<\/p>\n<p>Para Jo\u00e3o Bosco Reis da Silva, Diretor de Sustentabilidade e Rela\u00e7\u00f5es Institucionais da ArcelorMittal A\u00e7os Planos Am\u00e9rica Latina, renovar o patroc\u00ednio \u00e9 um passo natural diante da rela\u00e7\u00e3o estreita constru\u00edda entre a empresa e o piloto.<\/p>\n<p>\u201cGabriel Casagrande e sua equipe personificam atributos que s\u00e3o fundamentais para a ArcelorMittal, como respeito, \u00e9tica e compromisso com a excel\u00eancia. Al\u00e9m de seu desempenho esportivo de alto n\u00edvel, ele tem sido um parceiro exemplar em diversas iniciativas, inspirando nossos empregados e representando a marca com integridade e paix\u00e3o. Estamos confiantes de que essa parceria continuar\u00e1 rendendo frutos e motivando nossas equipes em 2025\u201d, afirma.<\/p>\n<p>Casagrande tamb\u00e9m comemorou a continuidade da parceria. &#8220;\u00c9 uma honra seguir com a ArcelorMittal ao meu lado, me dando esse apoio que tem sido fundamental ao longo da minha trajet\u00f3ria na Stock Car. Temos constru\u00eddo, juntos, uma conex\u00e3o s\u00f3lida baseada em respeito m\u00fatuo, objetivos comuns e na busca pela excel\u00eancia, dentro e fora das pistas. Em 2025, meu foco estar\u00e1 em superar desafios e buscar mais um t\u00edtulo, contando com o suporte de uma empresa que compartilha dos mesmos valores que eu\u201d, comenta.<\/p>\n<p>A temporada 2025 da Stock Car Pro Series come\u00e7a em maio e promete trazer desafios ainda maiores para Casagrande e sua equipe, a A.Mattheis Vogel Motorsport.<\/p>\n","protected":false},"excerpt":{"rendered":"<p>A ArcelorMittal anunciou a renova\u00e7\u00e3o do patroc\u00ednio ao piloto Gabriel Casagrande para a pr\u00f3xima temporada da Stock Car Pro Series. A parceria vai para o <a class=\"read-more\" href=\"https:\/\/blogs.gazetaesportiva.com\/automobilismo\/2024\/12\/13\/arcelormittal-renova-patrocinio-a-gabriel-casagrande-para-mais-uma-temporada-da-stock-car-pro-series\/\">leia mais<\/a><\/p>\n","protected":false},"author":75,"featured_media":1969,"comment_status":"open","ping_status":"open","sticky":false,"template":"","format":"standard","meta":{"jetpack_post_was_ever_published":false,"_jetpack_newsletter_access":"","_jetpack_dont_email_post_to_subs":false,"_jetpack_newsletter_tier_id":0,"_jetpack_memberships_contains_paywalled_content":false,"_jetpack_memberships_contains_paid_content":false,"footnotes":"","jetpack_publicize_message":"","jetpack_publicize_feature_enabled":true,"jetpack_social_post_already_shared":false,"jetpack_social_options":{"image_generator_settings":{"template":"highway","default_image_id":0,"font":"","enabled":false},"version":2}},"categories":[1],"tags":[],"class_list":["post-1968","post","type-post","status-publish","format-standard","has-post-thumbnail","hentry","category-sem-categoria"],"jetpack_publicize_connections":[],"jetpack_featured_media_url":"https:\/\/blogs.gazetaesportiva.com\/automobilismo\/files\/2024\/12\/HC__848889-scaled.jpg","jetpack_sharing_enabled":true,"jetpack_shortlink":"https:\/\/wp.me\/pblv91-vK","_links":{"self":[{"href":"https:\/\/blogs.gazetaesportiva.com\/automobilismo\/wp-json\/wp\/v2\/posts\/1968","targetHints":{"allow":["GET"]}}],"collection":[{"href":"https:\/\/blogs.gazetaesportiva.com\/automobilismo\/wp-json\/wp\/v2\/posts"}],"about":[{"href":"https:\/\/blogs.gazetaesportiva.com\/automobilismo\/wp-json\/wp\/v2\/types\/post"}],"author":[{"embeddable":true,"href":"https:\/\/blogs.gazetaesportiva.com\/automobilismo\/wp-json\/wp\/v2\/users\/75"}],"replies":[{"embeddable":true,"href":"https:\/\/blogs.gazetaesportiva.com\/automobilismo\/wp-json\/wp\/v2\/comments?post=1968"}],"version-history":[{"count":0,"href":"https:\/\/blogs.gazetaesportiva.com\/automobilismo\/wp-json\/wp\/v2\/posts\/1968\/revisions"}],"wp:featuredmedia":[{"embeddable":true,"href":"https:\/\/blogs.gazetaesportiva.com\/automobilismo\/wp-json\/wp\/v2\/media\/1969"}],"wp:attachment":[{"href":"https:\/\/blogs.gazetaesportiva.com\/automobilismo\/wp-json\/wp\/v2\/media?parent=1968"}],"wp:term":[{"taxonomy":"category","embeddable":true,"href":"https:\/\/blogs.gazetaesportiva.com\/automobilismo\/wp-json\/wp\/v2\/categories?post=1968"},{"taxonomy":"post_tag","embeddable":true,"href":"https:\/\/blogs.gazetaesportiva.com\/automobilismo\/wp-json\/wp\/v2\/tags?post=1968"}],"curies":[{"name":"wp","href":"https:\/\/api.w.org\/{rel}","templated":true}]}}