{"id":1917,"date":"2024-11-02T19:59:26","date_gmt":"2024-11-02T19:59:26","guid":{"rendered":"https:\/\/blogs.gazetaesportiva.com\/automobilismo\/?p=1917"},"modified":"2024-11-02T19:59:26","modified_gmt":"2024-11-02T19:59:26","slug":"lalalli-senna-divulga-seus-projetos-para-fas-no-gp-sao-paulo-de-f1-nosso-senna-collection-senna-tower-e-documentario-inedito-sobre-ayrton","status":"publish","type":"post","link":"https:\/\/blogs.gazetaesportiva.com\/automobilismo\/2024\/11\/02\/lalalli-senna-divulga-seus-projetos-para-fas-no-gp-sao-paulo-de-f1-nosso-senna-collection-senna-tower-e-documentario-inedito-sobre-ayrton\/","title":{"rendered":"Lalalli Senna divulga seus projetos para f\u00e3s no GP S\u00e3o Paulo de F1: Nosso Senna Collection, Senna Tower e document\u00e1rio in\u00e9dito sobre Ayrton"},"content":{"rendered":"<p>O GP S\u00e3o Paulo de F1 tem sido intenso para a artista multiplataforma Lalalli Senna. Al\u00e9m da restaura\u00e7\u00e3o da escultura monumental \u201cNosso Senna\u201d, a sobrinha de Ayrton Senna est\u00e1 presente em todos os dias do evento no Senna Club, espa\u00e7o exclusivo em Interlagos com a exposi\u00e7\u00e3o de itens originais do piloto e das esculturas do \u201cNosso Senna Collection\u201d.<\/p>\n<figure id=\"attachment_1918\" aria-describedby=\"caption-attachment-1918\" style=\"width: 640px\" class=\"wp-caption alignnone\"><img loading=\"lazy\" decoding=\"async\" class=\"size-large wp-image-1918\" src=\"https:\/\/blogs.gazetaesportiva.com\/automobilismo\/files\/2024\/11\/WhatsApp-Image-2024-11-02-at-16.32.15-768x1024.jpeg\" alt=\"Lalalli Senna\" width=\"640\" height=\"853\" srcset=\"https:\/\/blogs.gazetaesportiva.com\/automobilismo\/files\/2024\/11\/WhatsApp-Image-2024-11-02-at-16.32.15-768x1024.jpeg 768w, https:\/\/blogs.gazetaesportiva.com\/automobilismo\/files\/2024\/11\/WhatsApp-Image-2024-11-02-at-16.32.15-225x300.jpeg 225w, https:\/\/blogs.gazetaesportiva.com\/automobilismo\/files\/2024\/11\/WhatsApp-Image-2024-11-02-at-16.32.15-1152x1536.jpeg 1152w, https:\/\/blogs.gazetaesportiva.com\/automobilismo\/files\/2024\/11\/WhatsApp-Image-2024-11-02-at-16.32.15-1536x2048.jpeg 1536w, https:\/\/blogs.gazetaesportiva.com\/automobilismo\/files\/2024\/11\/WhatsApp-Image-2024-11-02-at-16.32.15-scaled.jpeg 1920w\" sizes=\"auto, (max-width: 640px) 100vw, 640px\" \/><figcaption id=\"caption-attachment-1918\" class=\"wp-caption-text\">Foto: Senna Brands<\/figcaption><\/figure>\n<p>Inclusive, uma das pe\u00e7as dessa estimada cole\u00e7\u00e3o foi doada no Jantar de Gala do Instituto Ayrton Senna, que tamb\u00e9m aconteceu esta semana, celebrando os 30 anos do Instituto e tamb\u00e9m as tr\u00eas d\u00e9cadas de legado de Senna. O Gala Dinner contou com participa\u00e7\u00f5es muito especiais, como Ivete Sangalo e Alok.<\/p>\n<p>\u201cEsta tem sido uma semana intensa com diversas a\u00e7\u00f5es antes do GP, como o Gala Dinner. E tamb\u00e9m dentro do Senna Club, pela primeira vez um espa\u00e7o exclusivo em Interlagos totalmente dedicado ao Ayrton\u201d, diz Lalalli.<\/p>\n<p>A artista tamb\u00e9m comentou sobre como foi participar das a\u00e7\u00f5es com o tetracampe\u00e3o mundial Sebastian Vettel em homenagem a Senna.<\/p>\n<p>\u201cFizemos uma a\u00e7\u00e3o especial com o Vettel essa semana em conjunto com os catadores de materiais recicl\u00e1veis, que gerou tamb\u00e9m como resultado o capacete que foi sensa\u00e7\u00e3o da semana com todos os pilotos na quinta-feira no S do Senna e ainda tive a honra de participar com eles. Depois da a\u00e7\u00e3o, a obra foi colocada ao lado do nosso Senna no setor A em Interlagos\u201d, diz Lalalli.<\/p>\n<p>O GP de S\u00e3o Paulo de F1 ainda conta com um stand especial dentro do espa\u00e7o exclusivo Senna Club sobre o Senna Tower, projeto arquitet\u00f4nico que far\u00e1 o pr\u00e9dio residencial mais alto do mundo em Balne\u00e1rio Cambori\u00fa (SC), com mais de 500 metros de altura e cuja concep\u00e7\u00e3o art\u00edstica \u00e9 assinada por Lalalli Senna. A artista \u00e9 criadora do conceito da torre, inspirada na \u201cJornada do Her\u00f3i\u201d e que tamb\u00e9m assim os projetos de design de interiores.<\/p>\n<p>Lalalli tamb\u00e9m far\u00e1 uma apari\u00e7\u00e3o na Fanzone, uma das novidades do GP S\u00e3o Paulo de F1 neste ano. Al\u00e9m de falar de seu trabalho com a escultura Nosso Senna, ela exibir\u00e1 o trailer do document\u00e1rio \u201cBeco, o Cora\u00e7\u00e3o que Batia Dentro do Ayrton\u201d, que ser\u00e1 lan\u00e7ado em 2025 com filmagens exclusivas cedidas pela fam\u00edlia Senna e dirigido por Pedro McCardell. O projeto est\u00e1 em fase de capta\u00e7\u00e3o com dezenas de entrevistas com personagens centrais na vida do piloto.<\/p>\n<p>\u201cAl\u00e9m disso, vamos exibir o trailer do document\u00e1rio \u2018Beco\u2019 na Fan Zone e tenho certeza de que a recep\u00e7\u00e3o dos torcedores ser\u00e1 incr\u00edvel. E tamb\u00e9m aproveitamos o GP para lan\u00e7ar nosso novo site\u201d, completa Lalalli Senna, citando a p\u00e1gina lalalli.com, onde h\u00e1 mais detalhes sobre cada um dos itens que integram a \u201cNosso Senna Collection\u201d. Nesta semana, quem fizer a aquisi\u00e7\u00e3o, ter\u00e1 frete gr\u00e1tis.<\/p>\n","protected":false},"excerpt":{"rendered":"<p>O GP S\u00e3o Paulo de F1 tem sido intenso para a artista multiplataforma Lalalli Senna. Al\u00e9m da restaura\u00e7\u00e3o da escultura monumental \u201cNosso Senna\u201d, a sobrinha <a class=\"read-more\" href=\"https:\/\/blogs.gazetaesportiva.com\/automobilismo\/2024\/11\/02\/lalalli-senna-divulga-seus-projetos-para-fas-no-gp-sao-paulo-de-f1-nosso-senna-collection-senna-tower-e-documentario-inedito-sobre-ayrton\/\">leia mais<\/a><\/p>\n","protected":false},"author":75,"featured_media":1918,"comment_status":"open","ping_status":"open","sticky":false,"template":"","format":"standard","meta":{"jetpack_post_was_ever_published":false,"_jetpack_newsletter_access":"","_jetpack_dont_email_post_to_subs":false,"_jetpack_newsletter_tier_id":0,"_jetpack_memberships_contains_paywalled_content":false,"_jetpack_memberships_contains_paid_content":false,"footnotes":"","jetpack_publicize_message":"","jetpack_publicize_feature_enabled":true,"jetpack_social_post_already_shared":false,"jetpack_social_options":{"image_generator_settings":{"template":"highway","default_image_id":0,"font":"","enabled":false},"version":2}},"categories":[1],"tags":[],"class_list":["post-1917","post","type-post","status-publish","format-standard","has-post-thumbnail","hentry","category-sem-categoria"],"jetpack_publicize_connections":[],"jetpack_featured_media_url":"https:\/\/blogs.gazetaesportiva.com\/automobilismo\/files\/2024\/11\/WhatsApp-Image-2024-11-02-at-16.32.15-scaled.jpeg","jetpack_sharing_enabled":true,"jetpack_shortlink":"https:\/\/wp.me\/pblv91-uV","_links":{"self":[{"href":"https:\/\/blogs.gazetaesportiva.com\/automobilismo\/wp-json\/wp\/v2\/posts\/1917","targetHints":{"allow":["GET"]}}],"collection":[{"href":"https:\/\/blogs.gazetaesportiva.com\/automobilismo\/wp-json\/wp\/v2\/posts"}],"about":[{"href":"https:\/\/blogs.gazetaesportiva.com\/automobilismo\/wp-json\/wp\/v2\/types\/post"}],"author":[{"embeddable":true,"href":"https:\/\/blogs.gazetaesportiva.com\/automobilismo\/wp-json\/wp\/v2\/users\/75"}],"replies":[{"embeddable":true,"href":"https:\/\/blogs.gazetaesportiva.com\/automobilismo\/wp-json\/wp\/v2\/comments?post=1917"}],"version-history":[{"count":0,"href":"https:\/\/blogs.gazetaesportiva.com\/automobilismo\/wp-json\/wp\/v2\/posts\/1917\/revisions"}],"wp:featuredmedia":[{"embeddable":true,"href":"https:\/\/blogs.gazetaesportiva.com\/automobilismo\/wp-json\/wp\/v2\/media\/1918"}],"wp:attachment":[{"href":"https:\/\/blogs.gazetaesportiva.com\/automobilismo\/wp-json\/wp\/v2\/media?parent=1917"}],"wp:term":[{"taxonomy":"category","embeddable":true,"href":"https:\/\/blogs.gazetaesportiva.com\/automobilismo\/wp-json\/wp\/v2\/categories?post=1917"},{"taxonomy":"post_tag","embeddable":true,"href":"https:\/\/blogs.gazetaesportiva.com\/automobilismo\/wp-json\/wp\/v2\/tags?post=1917"}],"curies":[{"name":"wp","href":"https:\/\/api.w.org\/{rel}","templated":true}]}}